{"id":470782,"date":"2025-10-17T20:27:12","date_gmt":"2025-10-17T20:27:12","guid":{"rendered":"https:\/\/www.europesays.com\/fr\/470782\/"},"modified":"2025-10-17T20:27:12","modified_gmt":"2025-10-17T20:27:12","slug":"festival-jeune-public-voir-ensemble-la-magie-du-cinema-au-melies","status":"publish","type":"post","link":"https:\/\/www.europesays.com\/fr\/470782\/","title":{"rendered":"Festival jeune public Voir ensemble : la magie du cin\u00e9ma au M\u00e9li\u00e8s"},"content":{"rendered":"<p>\t\t\t\t\t\u00c9V\u00c8NEMENT \u2013 Le cin\u00e9ma Le M\u00e9li\u00e8s \u00e0 Grenoble se trans\u00adforme en royaume de l\u2019imaginaire du 15 au 26 octobre 2025, \u00e0 l\u2019oc\u00adca\u00adsion de son fes\u00adti\u00adval jeune public \u00ab\u00a0Voir ensemble\u00a0\u00bb. Ateliers cr\u00e9a\u00adtifs, avant-pre\u00admi\u00e8res et ren\u00adcontres avec des artistes\u00a0: pen\u00addant dix jours, petits et grands sont invi\u00adt\u00e9s \u00e0 red\u00e9\u00adcou\u00advrir la magie du cin\u00e9ma \u00e0 tra\u00advers une pro\u00adgram\u00adma\u00adtion \u00e9clec\u00adtique et fes\u00adtive, pen\u00ads\u00e9e pour \u00e9veiller la curio\u00adsit\u00e9 et nour\u00adrir la cr\u00e9a\u00adti\u00advit\u00e9 des jeunes spectateurs.<\/p>\n<p>Et si le cin\u00e9ma n\u2019\u00e9tait pas qu\u2019une affaire d\u2019adultes\u00a0? C\u2019est ce que montre le fes\u00adti\u00adval jeune public \u00ab\u00a0Voir ensemble\u00a0\u00bb du <a href=\"https:\/\/www.placegrenet.fr\/2024\/10\/11\/grenoble-au-melies-le-cycle-cinema-et-philosophie-sempare-du-theme-image-imaginaire\/637790\" rel=\"nofollow noopener\" target=\"_blank\">M\u00e9li\u00e8s<\/a>, qui revient pour sa 13e \u00e9di\u00adtion du 15 au 26 octobre 2025. Un ren\u00addez-vous incon\u00adtour\u00adnable pour les familles et les jeunes ama\u00adteurs de cin\u00e9ma.<\/p>\n<p>L\u2019objectif\u00a0? Proposer une pro\u00adgram\u00adma\u00adtion riche et acces\u00adsible de films adap\u00adt\u00e9s aux enfants d\u00e8s l\u2019\u00e2ge de 3 ans, m\u00ealant cin\u00e9ma pro\u00adfes\u00adsion\u00adnel, diver\u00adsit\u00e9 de genres et d\u2019arts. Un fes\u00adti\u00adval pens\u00e9 pour le jeune public, qui invite \u00e0 la ren\u00adcontre, \u00e0 l\u2019\u00e9change et \u00e0 l\u2019\u00e9merveillement, port\u00e9 par des films pleins d\u2019intelligence et de po\u00e9sie.<\/p>\n<p>Quand le cin\u00e9ma \u00e9veille les sens et l\u2019imaginaire<\/p>\n<p><a href=\"https:\/\/www.calameo.com\/read\/00414165628b06d40a46e\" rel=\"nofollow noopener\" target=\"_blank\">La pro\u00adgram\u00adma\u00adtion 2025<\/a> s\u2019annonce foi\u00adson\u00adnante\u00a0: films en com\u00adp\u00e9\u00adti\u00adtion, s\u00e9ances sp\u00e9\u00adciales et d\u00e9cou\u00advertes sen\u00adsibles sont au ren\u00addez-vous. Imagin\u00e9e comme une ode \u00e0 la nature, au vivant et \u00e0 l\u2019humanisme, cette nou\u00advelle \u00e9di\u00adtion explore un cin\u00e9ma qui inter\u00adroge le monde, ses beau\u00adt\u00e9s comme ses tourments.<\/p>\n<p>\u00ab\u00a0Une s\u00e9lec\u00adtion de films qui croit en cette inta\u00adris\u00adsable capa\u00adcit\u00e9 d\u2019\u00e9merveillement de l\u2019enfance, cet ima\u00adgi\u00adnaire qui aide \u00e0 vivre [\u2026] et regar\u00adder demain avec une once d\u2019optimisme\u00a0\u00bb, explique le pro\u00adgram\u00adma\u00adteur du fes\u00adti\u00adval Marco Gentil.<\/p>\n<p>Plusieurs per\u00adson\u00adna\u00adli\u00adt\u00e9s sont mises \u00e0 l\u2019honneur. Le pho\u00adto\u00adgraphe et vid\u00e9aste Vincent Munier, cor\u00e9a\u00adli\u00adsa\u00adteur en 2021 de La Panth\u00e8re des neiges, pr\u00e9\u00adsen\u00adtera son nou\u00adveau voyage au c\u0153ur des for\u00eats vos\u00adgiennes, sa terre natale. Le Chant des for\u00eats invite le spec\u00adta\u00adteur \u00e0 \u00ab\u00a0r\u00e9veiller le feu de l\u2019\u00e9merveillement qui som\u00admeille en nous tous\u00a0\u00bb.<\/p>\n<p><img fetchpriority=\"high\" decoding=\"async\" aria-describedby=\"caption-attachment-662560\" class=\"size-medium wp-image-662560\" src=\"data:image\/svg+xml,%3Csvg%20xmlns=\" http:=\"\" alt=\"Affiche du film \u201cLe chant des for\u00eats\u201d de Vincent Munier. \u00a9 AlloCin\u00e9\" width=\"563\" height=\"400\" data-lazy- data-lazy- data-lazy-src=\"https:\/\/www.europesays.com\/fr\/wp-content\/uploads\/2025\/10\/img_8760-e1760701632809-563x400.jpeg\"\/><\/p>\n<p id=\"caption-attachment-662560\" class=\"wp-caption-text\">Affiche du film \u201cLe chant des for\u00eats\u201d de Vincent Munier. \u00a9 AlloCin\u00e9<\/p>\n<p>Pour les nos\u00adtal\u00adgiques des Miyazaki, <a href=\"https:\/\/www.bedetheque.com\/auteur-36913-BD-Nguyen-Ilan.html\" target=\"_blank\" rel=\"noopener nofollow\">Ilan Nguy\u00ean<\/a>, sp\u00e9\u00adcia\u00adliste des films d\u2019animation japo\u00adnais, \u00e9vo\u00adquera lors d\u2019une conf\u00e9\u00adrence le par\u00adcours d\u2019Isao Takahata. Ce der\u00adnier, pion\u00adnier du des\u00adsin anim\u00e9 contem\u00adpo\u00adrain de l\u2019apr\u00e8s-guerre au stu\u00addio Ghibli est notam\u00adment \u00e0 l\u2019origine de Panda Petit Panda en 1972, Mes voi\u00adsins les Yamada en 2001 et Le Conte de la prin\u00adcesse Kaguya en\u00a02014.<\/p>\n<p>\u00c0 leur c\u00f4t\u00e9s, la r\u00e9a\u00adli\u00adsa\u00adtrice Sophie Roze et ses d\u00e9li\u00adcates ani\u00adma\u00adtions en papier d\u00e9coup\u00e9, l\u2019illustrateur <a href=\"https:\/\/www.placegrenet.fr\/2016\/11\/25\/reac-de-morgan-navarro-seul-contre-terre-bobo-grenobloise\/526466\" rel=\"nofollow noopener\" target=\"_blank\">Morgan Navarro<\/a>, Antoine Lanciaux et bien d\u2019autres par\u00adta\u00adge\u00adront leurs uni\u00advers avec le public. Une belle invi\u00adta\u00adtion \u00e0 la d\u00e9cou\u00adverte, \u00e0 la cr\u00e9a\u00adti\u00advit\u00e9 et \u00e0 l\u2019\u00e9merveillement, o\u00f9 le jeune public pourra go\u00fb\u00adter \u00e0 la magie du cin\u00e9ma\u2026 en famille, les yeux grands ouverts.<\/p>\n<blockquote>\n<p><strong>Infos pra\u00adtiques\u00a0: <\/strong><\/p>\n<ul style=\"list-style-type: disc;\">\n<li>Du mer\u00adcredi 15 au dimanche 26 octobre 2025<\/li>\n<li>Tarifs\u00a0: entre 4,50\u00a0\u20ac et 8\u00a0\u20ac la s\u00e9ance.\u00a0<\/li>\n<li>28 all\u00e9e Henri Frenay \u00e0 Grenoble<\/li>\n<li>T\u00e9l. : 04 76 47 99\u00a031<\/li>\n<li>Plus d\u2019informations sur <a style=\"font-size: 14px;\" href=\"https:\/\/www.cinemalemelies.org\/Festival-Voir-Ensemble-38496\" rel=\"nofollow noopener\" target=\"_blank\">le site officiel<\/a><\/li>\n<\/ul>\n<\/blockquote>\n","protected":false},"excerpt":{"rendered":"\u00c9V\u00c8NEMENT \u2013 Le cin\u00e9ma Le M\u00e9li\u00e8s \u00e0 Grenoble se trans\u00adforme en royaume de l\u2019imaginaire du 15 au 26&hellip;\n","protected":false},"author":2,"featured_media":470783,"comment_status":"","ping_status":"","sticky":false,"template":"","format":"standard","meta":{"footnotes":""},"categories":[9566],"tags":[1111,11,2430,1777,674,1011,27,2731,12,25],"class_list":{"0":"post-470782","1":"post","2":"type-post","3":"status-publish","4":"format-standard","5":"has-post-thumbnail","7":"category-grenoble","8":"tag-actu","9":"tag-actualites","10":"tag-auvergne-rhone-alpes","11":"tag-eu","12":"tag-europe","13":"tag-fr","14":"tag-france","15":"tag-grenoble","16":"tag-news","17":"tag-republique-francaise"},"share_on_mastodon":{"url":"https:\/\/pubeurope.com\/@fr\/115391394237229253","error":""},"_links":{"self":[{"href":"https:\/\/www.europesays.com\/fr\/wp-json\/wp\/v2\/posts\/470782","targetHints":{"allow":["GET"]}}],"collection":[{"href":"https:\/\/www.europesays.com\/fr\/wp-json\/wp\/v2\/posts"}],"about":[{"href":"https:\/\/www.europesays.com\/fr\/wp-json\/wp\/v2\/types\/post"}],"author":[{"embeddable":true,"href":"https:\/\/www.europesays.com\/fr\/wp-json\/wp\/v2\/users\/2"}],"replies":[{"embeddable":true,"href":"https:\/\/www.europesays.com\/fr\/wp-json\/wp\/v2\/comments?post=470782"}],"version-history":[{"count":0,"href":"https:\/\/www.europesays.com\/fr\/wp-json\/wp\/v2\/posts\/470782\/revisions"}],"wp:featuredmedia":[{"embeddable":true,"href":"https:\/\/www.europesays.com\/fr\/wp-json\/wp\/v2\/media\/470783"}],"wp:attachment":[{"href":"https:\/\/www.europesays.com\/fr\/wp-json\/wp\/v2\/media?parent=470782"}],"wp:term":[{"taxonomy":"category","embeddable":true,"href":"https:\/\/www.europesays.com\/fr\/wp-json\/wp\/v2\/categories?post=470782"},{"taxonomy":"post_tag","embeddable":true,"href":"https:\/\/www.europesays.com\/fr\/wp-json\/wp\/v2\/tags?post=470782"}],"curies":[{"name":"wp","href":"https:\/\/api.w.org\/{rel}","templated":true}]}}