{"id":470787,"date":"2025-10-17T20:30:21","date_gmt":"2025-10-17T20:30:21","guid":{"rendered":"https:\/\/www.europesays.com\/fr\/470787\/"},"modified":"2025-10-17T20:30:21","modified_gmt":"2025-10-17T20:30:21","slug":"willstock-festival-de-rennes-2026","status":"publish","type":"post","link":"https:\/\/www.europesays.com\/fr\/470787\/","title":{"rendered":"Willstock Festival de Rennes 2026"},"content":{"rendered":"<p class=\"intro\">Le Willstock Festival investit L&rsquo;Etage \u00e0 Rennes le vendredi 17 avril 2026 pour une soir\u00e9e tribute exceptionnelle. Cette Tribute Night pr\u00e9sent\u00e9e par DEADBIRD PRODUCTION r\u00e9unit quatre formations qui rendront hommage \u00e0 des l\u00e9gendes du rock et du punk\u00a0: Early Maggots pour Slipknot, Meteora pour Linkin Park, et Kabba Kabba Hey\u00a0! pour les Ramones. La soir\u00e9e sera compl\u00e9t\u00e9e par un live DJ set de Macumba. Les billets sont disponibles d\u00e8s maintenant \u00e0 partir de 22\u00a0\u20ac.<\/p>\n<p>Rennes vibre au rythme des l\u00e9gendes rock avec le Willstock Festival \u00e0 L&rsquo;Etage<\/p>\n<p>Cette soir\u00e9e tribute promet une immersion totale dans l&rsquo;univers de trois groupes embl\u00e9matiques qui ont marqu\u00e9 l&rsquo;histoire du rock et du metal. <strong>Early Maggots<\/strong> redonnera vie aux compositions brutales de <strong>Slipknot<\/strong>, tandis que <strong>Meteora<\/strong> interpr\u00e9tera les titres mythiques de <strong>Linkin Park<\/strong>. Les amateurs de punk ne seront pas en reste avec <strong>Kabba Kabba Hey\u00a0!<\/strong> qui reprendra les classiques intemporels des <strong>Ramones<\/strong>.<\/p>\n<p><img decoding=\"async\" loading=\"lazy\" src=\"https:\/\/www.europesays.com\/fr\/wp-content\/uploads\/2025\/10\/willstock-festival-tickets_454947_3663320_3508x4961.jpg\" alt=\"Willstock Festival\" class=\"border\"\/><\/p>\n<p>Cette programmation \u00e9clectique du <strong>Willstock Festival<\/strong> s&rsquo;adresse \u00e0 tous les passionn\u00e9s de musiques \u00e9nergiques en Bretagne. Pour cl\u00f4turer cette soir\u00e9e en beaut\u00e9, <strong>Macumba<\/strong> assurera un <strong>live DJ set<\/strong> qui prolongera l&rsquo;ambiance festive jusqu&rsquo;au bout de la nuit. Les m\u00e9lomanes rennais pourront d\u00e9couvrir d&rsquo;autres <a href=\"https:\/\/www.jds.fr\/rennes\/agenda\/musique-et-concerts-96_B\" rel=\"nofollow noopener\" target=\"_blank\">concerts et \u00e9v\u00e9nements musicaux \u00e0 Rennes<\/a> tout au long de l&rsquo;ann\u00e9e.<\/p>\n<p>Billetterie du Willstock Festival \u00e0 L&rsquo;Etage<\/p>\n<p><a class=\"btn btn-lg shadow-lg btn-primary rounded-pill fnac_link\" data-fnac=\"in_article\" href=\"https:\/\/www.awin1.com\/pclick.php?p=42853066315&amp;a=634278&amp;m=12494&amp;clickref=in_article-A-desktop\" target=\"_blank\" rel=\"nofollow noopener\"> Acheter des billets<\/a><\/p>\n<p>L&rsquo;Etage accueille cette soir\u00e9e tribute qui s&rsquo;annonce m\u00e9morable pour tous les fans de rock. Les <strong>billets<\/strong> sont propos\u00e9s au <strong>prix<\/strong> attractif de <strong>22\u00a0\u20ac<\/strong>, permettant d&rsquo;assister \u00e0 quatre performances dans une m\u00eame soir\u00e9e. Cette programmation vari\u00e9e et la popularit\u00e9 des groupes repris garantissent une ambiance survolt\u00e9e. Il est conseill\u00e9 de <strong>r\u00e9server<\/strong> rapidement vos places pour ne pas manquer cet \u00e9v\u00e9nement musical incontournable.<\/p>\n<p>Comment aller \u00e0 L&rsquo;Etage Rennes\u00a0?<\/p>\n<p>Pour rejoindre <a href=\"https:\/\/www.jds.fr\/rennes\/salle-de-concert-et-de-spectacle\/l-etage-16880_L\" rel=\"nofollow noopener\" target=\"_blank\">la salle de spectacle L&rsquo;Etage<\/a> en voiture, Rennes est accessible depuis <strong>Paris en 3h30<\/strong> via l&rsquo;A11 et l&rsquo;A81, depuis <strong>Nantes en 1h<\/strong> et depuis <strong>Bordeaux en 4h30<\/strong>. Plusieurs <strong>parkings payants<\/strong> sont disponibles\u00a0: le <strong>Parking Colombier<\/strong> (recommand\u00e9), le Parking Arsenal, le Parking Gare-Sud et le Parking De Gaulle-Gare. Un parking souterrain se trouve directement sous l&rsquo;esplanade pour un acc\u00e8s optimal.<\/p>\n<p>Les <strong>transports en commun STAR<\/strong> de Rennes desservent parfaitement le lieu. Les stations de <strong>m\u00e9tro les plus proches<\/strong> sont Colombier sur la ligne B et Charles de Gaulle sur la ligne A (\u00e0 8 minutes de marche). Plusieurs lignes de bus s&rsquo;arr\u00eatent aux stations Charles de Gaulle et Libert\u00e9, notamment les lignes C1, C3, 54, 55 et 56. L&rsquo;Etage est <strong>enti\u00e8rement accessible aux personnes \u00e0 mobilit\u00e9 r\u00e9duite<\/strong> avec des entr\u00e9es adapt\u00e9es et des \u00e9quipements sp\u00e9cialis\u00e9s.<\/p>\n<p class=\"mise_en_avant\">Notre conseil\u00a0: privil\u00e9giez le m\u00e9tro ligne B jusqu&rsquo;\u00e0 la station Colombier pour un acc\u00e8s direct et rapide \u00e0 L&rsquo;Etage.<\/p>\n<p>Apr\u00e8s le Willstock Festival, L&rsquo;Etage continuera d&rsquo;accueillir des artistes de renom avec notamment <a href=\"https:\/\/www.jds.fr\/rennes\/concerts\/chanson-francaise\/ridsa-tournee-1166981_A\" rel=\"nofollow noopener\" target=\"_blank\">le concert de Ridsa en tourn\u00e9e \u00e0 L&rsquo;Etage<\/a>, offrant une programmation diversifi\u00e9e aux m\u00e9lomanes rennais.<\/p>\n<p class=\"font-size-30 fw-bold lh-1 mt-0 mb-4\">Je trouve les meilleures sorties dans ma ville<\/p>\n","protected":false},"excerpt":{"rendered":"Le Willstock Festival investit L&rsquo;Etage \u00e0 Rennes le vendredi 17 avril 2026 pour une soir\u00e9e tribute exceptionnelle. Cette&hellip;\n","protected":false},"author":2,"featured_media":470788,"comment_status":"","ping_status":"","sticky":false,"template":"","format":"standard","meta":{"footnotes":""},"categories":[2821],"tags":[1111,11,829,1777,674,1011,27,12,584,25],"class_list":{"0":"post-470787","1":"post","2":"type-post","3":"status-publish","4":"format-standard","5":"has-post-thumbnail","7":"category-rennes","8":"tag-actu","9":"tag-actualites","10":"tag-bretagne","11":"tag-eu","12":"tag-europe","13":"tag-fr","14":"tag-france","15":"tag-news","16":"tag-rennes","17":"tag-republique-francaise"},"share_on_mastodon":{"url":"https:\/\/pubeurope.com\/@fr\/115391406566112555","error":""},"_links":{"self":[{"href":"https:\/\/www.europesays.com\/fr\/wp-json\/wp\/v2\/posts\/470787","targetHints":{"allow":["GET"]}}],"collection":[{"href":"https:\/\/www.europesays.com\/fr\/wp-json\/wp\/v2\/posts"}],"about":[{"href":"https:\/\/www.europesays.com\/fr\/wp-json\/wp\/v2\/types\/post"}],"author":[{"embeddable":true,"href":"https:\/\/www.europesays.com\/fr\/wp-json\/wp\/v2\/users\/2"}],"replies":[{"embeddable":true,"href":"https:\/\/www.europesays.com\/fr\/wp-json\/wp\/v2\/comments?post=470787"}],"version-history":[{"count":0,"href":"https:\/\/www.europesays.com\/fr\/wp-json\/wp\/v2\/posts\/470787\/revisions"}],"wp:featuredmedia":[{"embeddable":true,"href":"https:\/\/www.europesays.com\/fr\/wp-json\/wp\/v2\/media\/470788"}],"wp:attachment":[{"href":"https:\/\/www.europesays.com\/fr\/wp-json\/wp\/v2\/media?parent=470787"}],"wp:term":[{"taxonomy":"category","embeddable":true,"href":"https:\/\/www.europesays.com\/fr\/wp-json\/wp\/v2\/categories?post=470787"},{"taxonomy":"post_tag","embeddable":true,"href":"https:\/\/www.europesays.com\/fr\/wp-json\/wp\/v2\/tags?post=470787"}],"curies":[{"name":"wp","href":"https:\/\/api.w.org\/{rel}","templated":true}]}}