{"id":470789,"date":"2025-10-17T20:31:23","date_gmt":"2025-10-17T20:31:23","guid":{"rendered":"https:\/\/www.europesays.com\/fr\/470789\/"},"modified":"2025-10-17T20:31:23","modified_gmt":"2025-10-17T20:31:23","slug":"a-quoi-peut-on-sattendre-en-cas-de-crue-extreme-ces-arbres-bleus-vous-le-montrent","status":"publish","type":"post","link":"https:\/\/www.europesays.com\/fr\/470789\/","title":{"rendered":"\u00e0 quoi peut-on s\u2019attendre en cas de crue extr\u00eame ? Ces arbres bleus vous le montrent"},"content":{"rendered":"<p>\u00ab\u00a0Notre premier No\u00ebl avec notre fille qui venait de na\u00eetre, je m\u2019en souviens tr\u00e8s bien\u00a0: la cave \u00e9tait inond\u00e9e\u00a0!\u00a0\u00bb Joelle, une r\u00e9sidente de la rue de Salm dans le quartier de la Montagne-Verte, n\u2019a pas oubli\u00e9 cet \u00e9pisode marquant de 2002. Mais ce n\u2019est pas le cas de tout le monde. C\u2019est pourquoi, jeudi 16\u00a0octobre, les troncs de seize arbres du parc naturel urbain III-Bruche ont \u00e9t\u00e9 badigeonn\u00e9s d\u2019un lait de chaux teint\u00e9 d\u2019un pigment naturel bleu. \u00ab\u00a0L\u2019id\u00e9e, c\u2019est de mat\u00e9rialiser la hauteur qu\u2019atteindrait l\u2019eau en cas de crue extr\u00eame, appel\u00e9e centennale, c\u2019est-\u00e0-dire une crue qui pr\u00e9sente une probabilit\u00e9 sur cent de survenir chaque ann\u00e9e\u00a0\u00bb, explique l\u2019ONG rochelaise Bleu Versant. La structure est invit\u00e9e&#8230;<\/p>\n","protected":false},"excerpt":{"rendered":"\u00ab\u00a0Notre premier No\u00ebl avec notre fille qui venait de na\u00eetre, je m\u2019en souviens tr\u00e8s bien\u00a0: la cave \u00e9tait&hellip;\n","protected":false},"author":2,"featured_media":470790,"comment_status":"","ping_status":"","sticky":false,"template":"","format":"standard","meta":{"footnotes":""},"categories":[2820],"tags":[1111,11,2880,436,1777,674,107,1011,27,775,3539,12,316,25,640,2879],"class_list":{"0":"post-470789","1":"post","2":"type-post","3":"status-publish","4":"format-standard","5":"has-post-thumbnail","7":"category-strasbourg","8":"tag-actu","9":"tag-actualites","10":"tag-edition-strasbourg","11":"tag-environnement","12":"tag-eu","13":"tag-europe","14":"tag-fil-info","15":"tag-fr","16":"tag-france","17":"tag-grand-est","18":"tag-les-ecologistes","19":"tag-news","20":"tag-politique","21":"tag-republique-francaise","22":"tag-strasbourg","23":"tag-strasbourg-ville"},"share_on_mastodon":{"url":"https:\/\/pubeurope.com\/@fr\/115391410065863624","error":""},"_links":{"self":[{"href":"https:\/\/www.europesays.com\/fr\/wp-json\/wp\/v2\/posts\/470789","targetHints":{"allow":["GET"]}}],"collection":[{"href":"https:\/\/www.europesays.com\/fr\/wp-json\/wp\/v2\/posts"}],"about":[{"href":"https:\/\/www.europesays.com\/fr\/wp-json\/wp\/v2\/types\/post"}],"author":[{"embeddable":true,"href":"https:\/\/www.europesays.com\/fr\/wp-json\/wp\/v2\/users\/2"}],"replies":[{"embeddable":true,"href":"https:\/\/www.europesays.com\/fr\/wp-json\/wp\/v2\/comments?post=470789"}],"version-history":[{"count":0,"href":"https:\/\/www.europesays.com\/fr\/wp-json\/wp\/v2\/posts\/470789\/revisions"}],"wp:featuredmedia":[{"embeddable":true,"href":"https:\/\/www.europesays.com\/fr\/wp-json\/wp\/v2\/media\/470790"}],"wp:attachment":[{"href":"https:\/\/www.europesays.com\/fr\/wp-json\/wp\/v2\/media?parent=470789"}],"wp:term":[{"taxonomy":"category","embeddable":true,"href":"https:\/\/www.europesays.com\/fr\/wp-json\/wp\/v2\/categories?post=470789"},{"taxonomy":"post_tag","embeddable":true,"href":"https:\/\/www.europesays.com\/fr\/wp-json\/wp\/v2\/tags?post=470789"}],"curies":[{"name":"wp","href":"https:\/\/api.w.org\/{rel}","templated":true}]}}