{"id":470797,"date":"2025-10-17T20:35:48","date_gmt":"2025-10-17T20:35:48","guid":{"rendered":"https:\/\/www.europesays.com\/fr\/470797\/"},"modified":"2025-10-17T20:35:48","modified_gmt":"2025-10-17T20:35:48","slug":"comment-la-region-pays-de-la-loire-deploie-lintelligence-artificielle-aupres-de-ses-agents","status":"publish","type":"post","link":"https:\/\/www.europesays.com\/fr\/470797\/","title":{"rendered":"Comment la R\u00e9gion Pays de la Loire d\u00e9ploie l\u2019intelligence artificielle aupr\u00e8s de ses agents"},"content":{"rendered":"<p>En mati\u00e8re d\u2019intelligence artificielle, la R\u00e9gion Pays de la Loire avance sur deux fronts. <a href=\"https:\/\/nantes.maville.com\/actu\/actudet_-intelligence-artificielle-export-comment-la-region-pays-de-la-loire-accompagne-les-entreprises-_52716-7020345_actu.Htm\" target=\"_self\" rel=\"nofollow noopener\">En externe, elle accompagne les entreprises qui veulent s\u2019y mettre, notamment les plus petites, parfois \u00e9loign\u00e9es de cette technologie<\/a>. Et, en interne, elle d\u00e9ploie depuis juin\u00a02025 son propre outil<a href=\"https:\/\/www.ouest-france.fr\/high-tech\/intelligence-artificielle\/\" target=\"_self\" rel=\"nofollow noopener\"> d\u2019intelligence artificielle.<\/a> Il s\u2019appelle LigerIA et propose plusieurs usages\u00a0: de la traduction, de l\u2019aide \u00e0 la reformulation pour \u00e9crire une note de synth\u00e8se ou encore la possibilit\u00e9 d\u2019extraire, au sein de la vaste base de donn\u00e9es r\u00e9gionale, une documentation sur un th\u00e8me.<\/p>\n<p><strong>\u00ab\u00a0L\u2019outil est propos\u00e9 quel que soit le niveau hi\u00e9rarchique et d\u2019autres usages pourront \u00eatre d\u00e9velopp\u00e9s en fonction des besoins<strong>\u00a0\u00bb<\/strong> <\/strong> <strong>,<\/strong> pr\u00e9cise la vice-pr\u00e9sidente en charge de l\u2019intelligence artificielle, Constance Nebbula (LR). Un Monsieur IA a \u00e9t\u00e9 recrut\u00e9 pour accompagner ce d\u00e9ploiement, qui s\u2019appuie aussi sur l\u2019entreprise nantaise Swift Ask. <strong>\u00ab\u00a0Nous sommes l\u2019une des collectivit\u00e9s les plus avanc\u00e9es sur l\u2019intelligence artificielle \u00e0 l\u2019\u00e9chelle nationa<strong>le\u00a0\u00bb<\/strong> <\/strong> <strong>,<\/strong> poursuit Constance Nebbula, qui indique que<strong> \u00ab\u00a093\u00a0% des agents de la R\u00e9gion ayant test\u00e9 l\u2019outil s\u2019en disent satisfaits\u00a0\u00bb.<\/strong><\/p>\n<p>Impact sur le travail<\/p>\n<p>Du c\u00f4t\u00e9 des repr\u00e9sentants du personnel, on ne se dit pas oppos\u00e9 sur le principe au d\u00e9ploiement de l\u2019IA. <strong>\u00ab\u00a0Cela s\u2019impose \u00e0 tous, et on n\u2019est pas r\u00e9fractaire au changement<strong>\u00a0\u00bb<\/strong> <\/strong> <strong>, <\/strong>pr\u00e9cise Gis\u00e8le le Marec pour Force ouvri\u00e8re. En revanche, l\u2019intersyndicale regrette de ne pas avoir \u00e9t\u00e9 consult\u00e9e sur le sujet dans le cadre du Comit\u00e9 social territorial et l\u2019a fait savoir dans un tract distribu\u00e9 lors de la session du conseil r\u00e9gional, le 16\u00a0octobre. <strong>\u00ab\u00a0Le CST doit \u00eatre saisi pour examiner l\u2019impact sur les conditions de trav<strong>ail\u00a0\u00bb<\/strong> <\/strong> <strong>, <\/strong>note Aurore Briand pour la CFDT. <strong>\u00ab\u00a0L\u2019intelligence artificielle peut avoir des cons\u00e9quences en mati\u00e8re d\u2019organisation dans les \u00e9quipes, de formation, d\u2019ergonomie ou encore dans la mani\u00e8re d\u2019encadr<strong>er\u00a0\u00bb<\/strong> <\/strong> <strong>,<\/strong> poursuit Gis\u00e8le Le Marec.<\/p>\n<p>\t<img decoding=\"async\" src=\"https:\/\/www.europesays.com\/fr\/wp-content\/uploads\/2025\/10\/P35527536D7024451G_px_640_.jpg\" alt=\"photo constance nebbula, vice-pr\u00e9sidente en charge de l\u2019intelligence artificielle.  \u00a9  archives ouest-france\" width=\"640\" title=\" Constance Nebbula, vice-pr\u00e9sidente en charge de l\u2019intelligence artificielle.   Archives Ouest-France \"\/><\/p>\n<p class=\"elmt-legende\"> Constance Nebbula, vice-pr\u00e9sidente en charge de l\u2019intelligence artificielle.   Archives Ouest-France <\/p>\n<p>Interrog\u00e9e sur ce point, Constance Nebbula indique que la d\u00e9marche a \u00e9t\u00e9 pr\u00e9sent\u00e9e aux organisations syndicales depuis d\u00e9cembre\u00a02024. <strong>\u00ab\u00a0On convient de continuer nos discussions et notamment d\u2019avoir un avis aux CST de novembre et f\u00e9vrier.\u00a0\u00bb<\/strong> Elle rappelle aussi\u00a0: <strong>\u00ab\u00a0Nous n\u2019imposons pas l\u2019usage de l\u2019IA. Les agents la sollicitent s\u2019ils le souhaitent et arbitrent sur sa pertinence. On exp\u00e9rimente. Nous allons accompagner notre nouvelle mani\u00e8re de travailler\u00a0\u00bb.<\/strong><\/p>\n<p>\u00a0<\/p>\n","protected":false},"excerpt":{"rendered":"En mati\u00e8re d\u2019intelligence artificielle, la R\u00e9gion Pays de la Loire avance sur deux fronts. En externe, elle accompagne&hellip;\n","protected":false},"author":2,"featured_media":470798,"comment_status":"","ping_status":"","sticky":false,"template":"","format":"standard","meta":{"footnotes":""},"categories":[2818],"tags":[1111,11,6891,41869,22343,12188,1777,674,1011,27,7424,3367,766,12,5457,2636,16,25],"class_list":{"0":"post-470797","1":"post","2":"type-post","3":"status-publish","4":"format-standard","5":"has-post-thumbnail","7":"category-nantes","8":"tag-actu","9":"tag-actualites","10":"tag-agents","11":"tag-artificielle","12":"tag-aupres","13":"tag-deploie","14":"tag-eu","15":"tag-europe","16":"tag-fr","17":"tag-france","18":"tag-intelligence","19":"tag-loire","20":"tag-nantes","21":"tag-news","22":"tag-pays","23":"tag-pays-de-la-loire","24":"tag-region","25":"tag-republique-francaise"},"share_on_mastodon":{"url":"https:\/\/pubeurope.com\/@fr\/115391430171725497","error":""},"_links":{"self":[{"href":"https:\/\/www.europesays.com\/fr\/wp-json\/wp\/v2\/posts\/470797","targetHints":{"allow":["GET"]}}],"collection":[{"href":"https:\/\/www.europesays.com\/fr\/wp-json\/wp\/v2\/posts"}],"about":[{"href":"https:\/\/www.europesays.com\/fr\/wp-json\/wp\/v2\/types\/post"}],"author":[{"embeddable":true,"href":"https:\/\/www.europesays.com\/fr\/wp-json\/wp\/v2\/users\/2"}],"replies":[{"embeddable":true,"href":"https:\/\/www.europesays.com\/fr\/wp-json\/wp\/v2\/comments?post=470797"}],"version-history":[{"count":0,"href":"https:\/\/www.europesays.com\/fr\/wp-json\/wp\/v2\/posts\/470797\/revisions"}],"wp:featuredmedia":[{"embeddable":true,"href":"https:\/\/www.europesays.com\/fr\/wp-json\/wp\/v2\/media\/470798"}],"wp:attachment":[{"href":"https:\/\/www.europesays.com\/fr\/wp-json\/wp\/v2\/media?parent=470797"}],"wp:term":[{"taxonomy":"category","embeddable":true,"href":"https:\/\/www.europesays.com\/fr\/wp-json\/wp\/v2\/categories?post=470797"},{"taxonomy":"post_tag","embeddable":true,"href":"https:\/\/www.europesays.com\/fr\/wp-json\/wp\/v2\/tags?post=470797"}],"curies":[{"name":"wp","href":"https:\/\/api.w.org\/{rel}","templated":true}]}}