{"id":470803,"date":"2025-10-17T20:39:18","date_gmt":"2025-10-17T20:39:18","guid":{"rendered":"https:\/\/www.europesays.com\/fr\/470803\/"},"modified":"2025-10-17T20:39:18","modified_gmt":"2025-10-17T20:39:18","slug":"bordeaux-vendee-fc-le-groupe-des-girondins-avec-tidyane-diagouraga","status":"publish","type":"post","link":"https:\/\/www.europesays.com\/fr\/470803\/","title":{"rendered":"Bordeaux-Vend\u00e9e FC : le groupe des Girondins avec Tidyane Diagouraga"},"content":{"rendered":"<p><img decoding=\"async\" src=\"https:\/\/www.europesays.com\/fr\/wp-content\/uploads\/2025\/08\/671_654f6bd6bd8f10315d0a7db305628ae1.jpg\" alt=\"Bordeaux-Vend\u00e9e FC : le groupe des Girondins avec Tidyane Diagouraga\" class=\"img-responsive mt-3\"\/><\/p>\n<p class=\"text-center mb-3\" style=\"font-size: 14px\">\u00a9 Iconsport<\/p>\n<p>      <strong>Bordeaux-Vend\u00e9e FC : le groupe des Girondins face au leader<\/strong><\/p>\n<p style=\"text-align: justify;\">Voici les 17 joueurs sont retenus par l&rsquo;entra\u00eeneur Bruno Irl\u00e8s, seuls 16 joueurs seront sur la feuille de match.<\/p>\n<p style=\"text-align: justify;\"><strong>Gardiens<\/strong>\u00a0: Hoekstra, Diabat\u00e9<\/p>\n<p style=\"text-align: justify;\"><strong>D\u00e9fenseurs<\/strong> : Grillot, Droehnl\u00e9, El Hajjam, Jousselin, Trichard<\/p>\n<p style=\"text-align: justify;\"><strong>Milieux<\/strong> : Ba, Diagouraga, Diop, Odru<\/p>\n<p style=\"text-align: justify;\"><strong>Attaquants<\/strong> : Bahassa, Shamal, Openda, Rocrou, Etonde, Villette<\/p>\n<p style=\"text-align: justify;\"><strong>Absents<\/strong> : Manna\u00ef (r\u00e9athl\u00e9tisation), Ciss\u00e9 (convalescence), Merdji (choix), Yamber\u00e9 (choix), Beugre (choix), Agossa (choix), Moreau Nguyen (choix), Vendenabeele (r\u00e9athl\u00e9tisation).<\/p>\n<p>\u00c0 lire &gt;&gt;<strong><a href=\"https:\/\/www.webgirondins.com\/actualite-girondins-c-est-de-la-torture-marouane-chamakh-n-arrive-plus-a-regarder-les-girondins-130790\" target=\"_blank\" rel=\"noopener\"> \u201cC\u2019est de la torture\u201d : Marouane Chamakh n\u2019arrive plus \u00e0 regarder les Girondins<\/a><\/strong><\/p>\n<p>Notre podcast court sur l&rsquo;actualit\u00e9 des Girondins :<\/p>\n<p>\u00a0<\/p>\n","protected":false},"excerpt":{"rendered":"\u00a9 Iconsport Bordeaux-Vend\u00e9e FC : le groupe des Girondins face au leader Voici les 17 joueurs sont retenus&hellip;\n","protected":false},"author":2,"featured_media":292567,"comment_status":"","ping_status":"","sticky":false,"template":"","format":"standard","meta":{"footnotes":""},"categories":[2817],"tags":[1111,11,3396,1997,3211,19697,39329,57802,1994,1777,674,21,1011,27,1987,2705,3212,4059,12413,12,2219,11695,30328,25,25705,14573,58064,2546],"class_list":{"0":"post-470803","1":"post","2":"type-post","3":"status-publish","4":"format-standard","5":"has-post-thumbnail","7":"category-bordeaux","8":"tag-actu","9":"tag-actualites","10":"tag-avec","11":"tag-bordeaux","12":"tag-bruno","13":"tag-connu","14":"tag-defensif","15":"tag-diagouraga","16":"tag-entraineur","17":"tag-eu","18":"tag-europe","19":"tag-fait","20":"tag-fr","21":"tag-france","22":"tag-girondins","23":"tag-groupe","24":"tag-irles","25":"tag-joueurs","26":"tag-milieu","27":"tag-news","28":"tag-nouvelle-aquitaine","29":"tag-partie","30":"tag-recrue","31":"tag-republique-francaise","32":"tag-retenu","33":"tag-retenus","34":"tag-tidyane","35":"tag-vendee"},"share_on_mastodon":{"url":"https:\/\/pubeurope.com\/@fr\/115391441452391139","error":""},"_links":{"self":[{"href":"https:\/\/www.europesays.com\/fr\/wp-json\/wp\/v2\/posts\/470803","targetHints":{"allow":["GET"]}}],"collection":[{"href":"https:\/\/www.europesays.com\/fr\/wp-json\/wp\/v2\/posts"}],"about":[{"href":"https:\/\/www.europesays.com\/fr\/wp-json\/wp\/v2\/types\/post"}],"author":[{"embeddable":true,"href":"https:\/\/www.europesays.com\/fr\/wp-json\/wp\/v2\/users\/2"}],"replies":[{"embeddable":true,"href":"https:\/\/www.europesays.com\/fr\/wp-json\/wp\/v2\/comments?post=470803"}],"version-history":[{"count":0,"href":"https:\/\/www.europesays.com\/fr\/wp-json\/wp\/v2\/posts\/470803\/revisions"}],"wp:featuredmedia":[{"embeddable":true,"href":"https:\/\/www.europesays.com\/fr\/wp-json\/wp\/v2\/media\/292567"}],"wp:attachment":[{"href":"https:\/\/www.europesays.com\/fr\/wp-json\/wp\/v2\/media?parent=470803"}],"wp:term":[{"taxonomy":"category","embeddable":true,"href":"https:\/\/www.europesays.com\/fr\/wp-json\/wp\/v2\/categories?post=470803"},{"taxonomy":"post_tag","embeddable":true,"href":"https:\/\/www.europesays.com\/fr\/wp-json\/wp\/v2\/tags?post=470803"}],"curies":[{"name":"wp","href":"https:\/\/api.w.org\/{rel}","templated":true}]}}