{"id":47081,"date":"2025-04-23T17:09:18","date_gmt":"2025-04-23T17:09:18","guid":{"rendered":"https:\/\/www.europesays.com\/fr\/47081\/"},"modified":"2025-04-23T17:09:18","modified_gmt":"2025-04-23T17:09:18","slug":"laurent-ruquier-ose-une-blague-sur-son-ex-compagnon-dans-les-grosses-tetes","status":"publish","type":"post","link":"https:\/\/www.europesays.com\/fr\/47081\/","title":{"rendered":"Laurent Ruquier ose une blague sur son ex-compagnon dans Les Grosses T\u00eates"},"content":{"rendered":"<p>Ce mercredi 23 avril, dans son \u00e9mission Les Grosses T\u00eates diffus\u00e9e sur RTL, Laurent Ruquier a \u00e9voqu\u00e9 son ex-compagnon, Hugo Manos.<\/p>\n<p>Une histoire d&rsquo;amour qui aura dur\u00e9 7 ans ! Le 28 mars dernier, <a href=\"https:\/\/www.programme-tv.net\/news\/people\/375076-le-but-n-est-pas-d-en-faire-un-feuilleton-hugo-manos-revient-sur-sa-separation-d-avec-laurent-ruquier\/\" data-api-deeplink=\"teleloisirs:\/\/news\/375076\" target=\"_blank\" rel=\"noopener\">Hugo Manos avait annonc\u00e9 sa s\u00e9paration avec Laurent Ruquier<\/a> lors d&rsquo;une interview accord\u00e9e au Buzz TV. \u00ab\u00a0Nous ne sommes plus en couple depuis plusieurs semaines\u00a0\u00bb, avait-il d\u00e9clar\u00e9. Bien que discret sur sa vie priv\u00e9e, l&rsquo;animateur qui est aux commandes de son \u00e9mission <a href=\"https:\/\/www.programme-tv.net\/news\/people\/377333-mon-loyer-c-est-grace-aux-grosses-tetes-yoann-riou-moins-present-dans-l-emission-il-fait-part-de-son-inquietude-a-laurent-ruquier\/\" data-api-deeplink=\"teleloisirs:\/\/news\/377333\" target=\"_blank\" rel=\"noopener\">Les Grosses T\u00eates<\/a> diffus\u00e9e sur RTL du lundi au vendredi, a \u00e9voqu\u00e9 son ex-compagnon avec humour, ce mercredi 23 avril.<\/p>\n<p>Laurent Ruquier fait une blague sur son ex-compagnon Hugo Manos au micro des Grosses T\u00eates<\/p>\n<p>Ce mercredi 23 avril, <a href=\"https:\/\/www.programme-tv.net\/news\/tv\/337245-il-fallait-plus-jeune-que-moi-laurent-ruquier-accueille-son-compagnon-hugo-manos-sur-bfmtv-et-explique-la-raison-de-sa-presence\/\" data-api-deeplink=\"teleloisirs:\/\/news\/337245\" target=\"_blank\" rel=\"noopener\">l&rsquo;ex-compagnon d&rsquo;Hugo Manos<\/a> s&rsquo;est entour\u00e9 de Richard Orlinski, Mich\u00e8le Bernier, Christophe Beaugrand, Christophe Barbier, Bernard Mabille et Caroline Diament. \u00ab\u00a0Pourquoi vous ne vous mariez pas Caroline et Bernard ?\u00a0\u00bb, a demand\u00e9 Laurent Ruquier. La chroniqueuse a alors confi\u00e9 avoir rencontr\u00e9 quelqu&rsquo;un de plus jeune qu&rsquo;elle. \u00ab\u00a0Mais comment il s&rsquo;appelle ? Vous ne nous en avez m\u00eame pas parl\u00e9 !\u00a0\u00bb, a une nouvelle fois interrog\u00e9 l&rsquo;animateur face au silence de Caroline Diament qui ne souhaite pas en dire davantage. <b>\u00ab\u00a0Tu vas voir qu&rsquo;elle va piquer Hugo Manos !\u00a0\u00bb<\/b><b>,<\/b> a alors lanc\u00e9 Laurent Ruquier, de quoi faire rire tout le studio. Finalement, la chroniqueuse a expliqu\u00e9 que le jeune homme n&rsquo;\u00e9tait pas son nouveau fianc\u00e9, mais son copain est \u00e2g\u00e9 de 38 ans et il est mari\u00e9 \u00e0 une autre femme. \u00ab\u00a0J&rsquo;ai quelque chose \u00e0 perdre s&rsquo;il parle et lui a quelque chose \u00e0 perdre si je parle\u00a0\u00bb, a-t-elle conclu.<\/p>\n<p>                        <b>\u00ab\u00a0Le but n&rsquo;est pas d&rsquo;en faire un feuilleton\u00a0\u00bb <\/b><b>: <\/b>Hugo Manos \u00e9voque sa s\u00e9paration avec Laurent Ruquier<\/p>\n<p>Celui qui pr\u00e9sente, avec Juju Fitcats, la deuxi\u00e8me partie de soir\u00e9e des <a href=\"https:\/\/www.programme-tv.net\/news\/people\/377294-jade-leboeuf-les-traitres-se-confie-sur-sa-rupture-avec-stephane-rodrigues-c-est-quelque-chose-de-douloureux\/\" data-api-deeplink=\"teleloisirs:\/\/news\/377294\" target=\"_blank\" rel=\"noopener\">Tra\u00eetres<\/a>, a \u00e9voqu\u00e9 sa rupture avec Laurent Ruquier au cours d&rsquo;un entretien pour T\u00e9l\u00e9-Loisirs. \u00ab\u00a0Je pars du principe que je ne vais pas mentir. \u00c0 un moment, dans cette interview, il a fallu que je parle au pr\u00e9sent, alors que la tournure devait \u00eatre au pass\u00e9. J&rsquo;ai juste \u00e9t\u00e9 honn\u00eate\u00a0\u00bb, a fait savoir Hugo Manos. \u00ab\u00a0Il faut juste le dire et qu&rsquo;on passe \u00e0 autre chose. Le but n&rsquo;est pas d&rsquo;en faire un feuilleton. L&rsquo;information est lanc\u00e9e. Aujourd&rsquo;hui, il n&rsquo;y a rien d&rsquo;autre \u00e0 ajouter. J&rsquo;ai tout dit sur ce sujet\u00a0\u00bb, a-t-il conclu.<\/p>\n","protected":false},"excerpt":{"rendered":"Ce mercredi 23 avril, dans son \u00e9mission Les Grosses T\u00eates diffus\u00e9e sur RTL, Laurent Ruquier a \u00e9voqu\u00e9 son&hellip;\n","protected":false},"author":2,"featured_media":47082,"comment_status":"","ping_status":"","sticky":false,"template":"","format":"standard","meta":{"footnotes":""},"categories":[1356],"tags":[244,58,59,1011,27,1758,1759,13687,2700,252,1364,1630],"class_list":{"0":"post-47081","1":"post","2":"type-post","3":"status-publish","4":"format-standard","5":"has-post-thumbnail","7":"category-television","8":"tag-commentaire","9":"tag-divertissement","10":"tag-entertainment","11":"tag-fr","12":"tag-france","13":"tag-hugo-manos","14":"tag-laurent-ruquier","15":"tag-les-grosses-tu00eates","16":"tag-rtl","17":"tag-television","18":"tag-tv","19":"tag-zapping"},"share_on_mastodon":{"url":"https:\/\/pubeurope.com\/@fr\/114388386701594851","error":""},"_links":{"self":[{"href":"https:\/\/www.europesays.com\/fr\/wp-json\/wp\/v2\/posts\/47081","targetHints":{"allow":["GET"]}}],"collection":[{"href":"https:\/\/www.europesays.com\/fr\/wp-json\/wp\/v2\/posts"}],"about":[{"href":"https:\/\/www.europesays.com\/fr\/wp-json\/wp\/v2\/types\/post"}],"author":[{"embeddable":true,"href":"https:\/\/www.europesays.com\/fr\/wp-json\/wp\/v2\/users\/2"}],"replies":[{"embeddable":true,"href":"https:\/\/www.europesays.com\/fr\/wp-json\/wp\/v2\/comments?post=47081"}],"version-history":[{"count":0,"href":"https:\/\/www.europesays.com\/fr\/wp-json\/wp\/v2\/posts\/47081\/revisions"}],"wp:featuredmedia":[{"embeddable":true,"href":"https:\/\/www.europesays.com\/fr\/wp-json\/wp\/v2\/media\/47082"}],"wp:attachment":[{"href":"https:\/\/www.europesays.com\/fr\/wp-json\/wp\/v2\/media?parent=47081"}],"wp:term":[{"taxonomy":"category","embeddable":true,"href":"https:\/\/www.europesays.com\/fr\/wp-json\/wp\/v2\/categories?post=47081"},{"taxonomy":"post_tag","embeddable":true,"href":"https:\/\/www.europesays.com\/fr\/wp-json\/wp\/v2\/tags?post=47081"}],"curies":[{"name":"wp","href":"https:\/\/api.w.org\/{rel}","templated":true}]}}