{"id":470812,"date":"2025-10-17T20:44:13","date_gmt":"2025-10-17T20:44:13","guid":{"rendered":"https:\/\/www.europesays.com\/fr\/470812\/"},"modified":"2025-10-17T20:44:13","modified_gmt":"2025-10-17T20:44:13","slug":"retour-sur-les-moments-marquants-de-son-defi-de-marseille-a-annecy","status":"publish","type":"post","link":"https:\/\/www.europesays.com\/fr\/470812\/","title":{"rendered":"retour sur les moments marquants de son d\u00e9fi, de Marseille \u00e0 Annecy"},"content":{"rendered":"<p>Isma\u00ebl Khelifa, animateur d\u2019\u00c9chapp\u00e9es belles, a parcouru 1 000 kilom\u00e8tres au d\u00e9part de Marseille jusqu\u2019\u00e0 Annecy du 18\u00a0septembre au 16\u00a0octobre. En lien avec son association For my planet et en partenariat avec le Secours populaire, il a organis\u00e9, lors de son p\u00e9riple, six grandes collectes organis\u00e9es dans diff\u00e9rents \u00e9tablissements scolaires.<\/p>\n","protected":false},"excerpt":{"rendered":"Isma\u00ebl Khelifa, animateur d\u2019\u00c9chapp\u00e9es belles, a parcouru 1 000 kilom\u00e8tres au d\u00e9part de Marseille jusqu\u2019\u00e0 Annecy du 18\u00a0septembre&hellip;\n","protected":false},"author":2,"featured_media":470813,"comment_status":"","ping_status":"","sticky":false,"template":"","format":"standard","meta":{"footnotes":""},"categories":[2814],"tags":[1111,11,3853,3854,1687,59457,3856,1777,674,1011,27,2797,5325,2798,4638,1757,884,12,882,25,801,104,2205,1631],"class_list":{"0":"post-470812","1":"post","2":"type-post","3":"status-publish","4":"format-standard","5":"has-post-thumbnail","7":"category-marseille","8":"tag-actu","9":"tag-actualites","10":"tag-annecy","11":"tag-annecy-bassin","12":"tag-culture-loisirs","13":"tag-doussard","14":"tag-edition-annecy-rumilly-les-aravis","15":"tag-eu","16":"tag-europe","17":"tag-fr","18":"tag-france","19":"tag-galerie-loisirs","20":"tag-galerie-media","21":"tag-galerie-photo","22":"tag-haute-savoie","23":"tag-insolite","24":"tag-marseille","25":"tag-news","26":"tag-provence-alpes-cote-dazur","27":"tag-republique-francaise","28":"tag-social","29":"tag-societe","30":"tag-television-medias","31":"tag-vie-associative"},"share_on_mastodon":{"url":"https:\/\/pubeurope.com\/@fr\/115391461063542885","error":""},"_links":{"self":[{"href":"https:\/\/www.europesays.com\/fr\/wp-json\/wp\/v2\/posts\/470812","targetHints":{"allow":["GET"]}}],"collection":[{"href":"https:\/\/www.europesays.com\/fr\/wp-json\/wp\/v2\/posts"}],"about":[{"href":"https:\/\/www.europesays.com\/fr\/wp-json\/wp\/v2\/types\/post"}],"author":[{"embeddable":true,"href":"https:\/\/www.europesays.com\/fr\/wp-json\/wp\/v2\/users\/2"}],"replies":[{"embeddable":true,"href":"https:\/\/www.europesays.com\/fr\/wp-json\/wp\/v2\/comments?post=470812"}],"version-history":[{"count":0,"href":"https:\/\/www.europesays.com\/fr\/wp-json\/wp\/v2\/posts\/470812\/revisions"}],"wp:featuredmedia":[{"embeddable":true,"href":"https:\/\/www.europesays.com\/fr\/wp-json\/wp\/v2\/media\/470813"}],"wp:attachment":[{"href":"https:\/\/www.europesays.com\/fr\/wp-json\/wp\/v2\/media?parent=470812"}],"wp:term":[{"taxonomy":"category","embeddable":true,"href":"https:\/\/www.europesays.com\/fr\/wp-json\/wp\/v2\/categories?post=470812"},{"taxonomy":"post_tag","embeddable":true,"href":"https:\/\/www.europesays.com\/fr\/wp-json\/wp\/v2\/tags?post=470812"}],"curies":[{"name":"wp","href":"https:\/\/api.w.org\/{rel}","templated":true}]}}