{"id":470814,"date":"2025-10-17T20:45:11","date_gmt":"2025-10-17T20:45:11","guid":{"rendered":"https:\/\/www.europesays.com\/fr\/470814\/"},"modified":"2025-10-17T20:45:11","modified_gmt":"2025-10-17T20:45:11","slug":"18eme-jour-de-greve-au-port-de-marseille-fos","status":"publish","type":"post","link":"https:\/\/www.europesays.com\/fr\/470814\/","title":{"rendered":"18\u00e8me jour de gr\u00e8ve au port de Marseille-Fos"},"content":{"rendered":"<p>Le conflit sur les terminaux p\u00e9troliers de Fos et Lav\u00e9ra entre dans son 18\u00e8me jour. Hier, 55 navires et 3 p\u00e9niches \u00e9taient bloqu\u00e9s par le mouvement de gr\u00e8ve, d\u00e9clench\u00e9 par la CGT pour d\u00e9noncer la cr\u00e9ation par le port d&rsquo;une filiale d\u00e9di\u00e9e aux activit\u00e9s p\u00e9troli\u00e8res. A ce conflit s&rsquo;ajoute \u00e9galement celui, national, de la n\u00e9gociation sur la cessation anticip\u00e9e d&rsquo;activit\u00e9, sans oublier la mobilisation contre la r\u00e9forme des retraites. Hier, l&rsquo;activit\u00e9 \u00e9tait \u00e9galement perturb\u00e9e dans les bassins de Marseille, notamment au terminal conteneurs de Mourepiane. Deux cargos-mixtes et un ferry \u00e9taient aussi immobilis\u00e9s, cette fois en raison du mouvement de gr\u00e8ve qui touche la SNCM et La M\u00e9ridionale.   <\/p>\n","protected":false},"excerpt":{"rendered":"Le conflit sur les terminaux p\u00e9troliers de Fos et Lav\u00e9ra entre dans son 18\u00e8me jour. Hier, 55 navires&hellip;\n","protected":false},"author":2,"featured_media":470815,"comment_status":"","ping_status":"","sticky":false,"template":"","format":"standard","meta":{"footnotes":""},"categories":[2814],"tags":[1111,11,6130,6141,6131,6138,2380,6135,554,1777,6136,674,1011,27,6139,6134,3135,6128,567,6129,884,6127,12,6132,4838,882,6133,25,6140,6137],"class_list":{"0":"post-470814","1":"post","2":"type-post","3":"status-publish","4":"format-standard","5":"has-post-thumbnail","7":"category-marseille","8":"tag-actu","9":"tag-actualites","10":"tag-chantiers","11":"tag-commando","12":"tag-construction-navale","13":"tag-costa","14":"tag-croisiere","15":"tag-dcns","16":"tag-defense","17":"tag-eu","18":"tag-euronaval","19":"tag-europe","20":"tag-fr","21":"tag-france","22":"tag-fremm","23":"tag-interviews","24":"tag-littoral","25":"tag-marine","26":"tag-marine-nationale","27":"tag-maritime","28":"tag-marseille","29":"tag-mer","30":"tag-news","31":"tag-offshore","32":"tag-peche","33":"tag-provence-alpes-cote-dazur","34":"tag-reportages","35":"tag-republique-francaise","36":"tag-sncm","37":"tag-stx"},"share_on_mastodon":{"url":"https:\/\/pubeurope.com\/@fr\/115391464986244026","error":""},"_links":{"self":[{"href":"https:\/\/www.europesays.com\/fr\/wp-json\/wp\/v2\/posts\/470814","targetHints":{"allow":["GET"]}}],"collection":[{"href":"https:\/\/www.europesays.com\/fr\/wp-json\/wp\/v2\/posts"}],"about":[{"href":"https:\/\/www.europesays.com\/fr\/wp-json\/wp\/v2\/types\/post"}],"author":[{"embeddable":true,"href":"https:\/\/www.europesays.com\/fr\/wp-json\/wp\/v2\/users\/2"}],"replies":[{"embeddable":true,"href":"https:\/\/www.europesays.com\/fr\/wp-json\/wp\/v2\/comments?post=470814"}],"version-history":[{"count":0,"href":"https:\/\/www.europesays.com\/fr\/wp-json\/wp\/v2\/posts\/470814\/revisions"}],"wp:featuredmedia":[{"embeddable":true,"href":"https:\/\/www.europesays.com\/fr\/wp-json\/wp\/v2\/media\/470815"}],"wp:attachment":[{"href":"https:\/\/www.europesays.com\/fr\/wp-json\/wp\/v2\/media?parent=470814"}],"wp:term":[{"taxonomy":"category","embeddable":true,"href":"https:\/\/www.europesays.com\/fr\/wp-json\/wp\/v2\/categories?post=470814"},{"taxonomy":"post_tag","embeddable":true,"href":"https:\/\/www.europesays.com\/fr\/wp-json\/wp\/v2\/tags?post=470814"}],"curies":[{"name":"wp","href":"https:\/\/api.w.org\/{rel}","templated":true}]}}