{"id":470818,"date":"2025-10-17T20:47:21","date_gmt":"2025-10-17T20:47:21","guid":{"rendered":"https:\/\/www.europesays.com\/fr\/470818\/"},"modified":"2025-10-17T20:47:21","modified_gmt":"2025-10-17T20:47:21","slug":"je-signe-le-retour-de-karim-benzema-a-lyon-valide","status":"publish","type":"post","link":"https:\/\/www.europesays.com\/fr\/470818\/","title":{"rendered":"\u00ab\u00a0Je signe\u00a0\u00bb, le retour de Karim Benzema \u00e0 Lyon valid\u00e9"},"content":{"rendered":"<p><strong>L\u2019avenir de Karim Benzema, en fin<br \/>\nde contrat en juin prochain avec son club saoudien d\u2019Al-Ittihad,<br \/>\ncontinue de faire parler, m\u00eame du c\u00f4t\u00e9 de l\u2019OL\u2026<\/strong><\/p>\n<p>Parti s\u2019exiler en Arabie saoudite il y a un peu plus de deux<br \/>\nans, Karim Benzema voit son bail avec son club d\u2019Al-Ittihad se<br \/>\nterminer le 30 juin prochain. Et il se dit que <strong><a href=\"https:\/\/www.sports.fr\/football\/mercato\/karim-benzema-et-larabie-saoudite-cest-fini-958828.html\" rel=\"nofollow noopener\" target=\"_blank\"><br \/>\nle \u00ab\u00a0Nueve\u00a0\u00bb aurait des envies de retrouver les pelouses<br \/>\neurop\u00e9ennes<\/a><\/strong> la saison prochaine. Reste \u00e0 savoir<br \/>\no\u00f9.<\/p>\n<p>Ces derni\u00e8res semaines, son nom a notamment circul\u00e9 du c\u00f4t\u00e9 du<br \/>\nBenfica Lisbonne, o\u00f9 Jos\u00e9 Mourinho souhaiterait le retrouver. Une<br \/>\nautre rumeur fait aussi \u00e9tat d\u2019un int\u00e9r\u00eat du Fenerbah\u00e7e, qui en<br \/>\naurait fait sa priorit\u00e9 du prochain mercato hivernal.<\/p>\n<blockquote class=\"twitter-tweet\"><p><a class=\"twitter-link\" rel=\"noindex, nofollow noopener\" href=\"https:\/\/twitter.com\/sports_fr\/status\/1978881921594638668\" target=\"_blank\"><\/p><\/blockquote>\n<p>Et si Karim Benzema d\u00e9cidait plut\u00f4t de boucler la boucle en<br \/>\nrevenant \u00e0 Lyon ? Une perspective qui plait beaucoup \u00e0 l\u2019ancien<br \/>\nattaquant des Gones, Sonny Anderson. Pour T\u00e9l\u00e9foot, le Br\u00e9silien a<br \/>\nvalid\u00e9 totalement un retour de \u00ab KB9 \u00bb dans le Rh\u00f4ne, allant m\u00eame<br \/>\njusqu\u2019\u00e0 conseiller les dirigeants de l\u2019OL de tenter leur<br \/>\nchance.<\/p>\n<p>Anderson: \u00ab\u00a0Si \u00e7a se trouve il a envie de revenir \u00e0<br \/>\nLyon\u00a0\u00bb<\/p>\n<p>\u00ab\u00a0Si je reprendrais Benzema six mois \u00e0 Lyon\u00a0?<br \/>\nToujours\u00a0(sourire)\u00a0! Karim il a toujours une place dans<br \/>\nmon \u00e9quipe. M\u00eame s\u2019il a 40 ans, parce qu\u2019il a une connaissance du<br \/>\nfootball, une \u00e9l\u00e9gance\u2026\u00a0\u00bb, estime Sonny Anderson.<\/p>\n<blockquote class=\"twitter-tweet\"><p><a class=\"twitter-link\" rel=\"noindex, nofollow noopener\" href=\"https:\/\/twitter.com\/telefoot_TF1\/status\/1979230932289953804\" target=\"_blank\"><\/p><\/blockquote>\n<p>Et d\u2019ajouter: \u00ab\u00a0Si on ne tente rien, nous n\u2019avons rien.<br \/>\nMoi, si je conseille l\u2019Olympique Lyonnais, m\u00eame s\u2019il dit non, il<br \/>\nfaut le tenter\u00a0! Si \u00e7a se trouve il a envie de revenir \u00e0 Lyon.<br \/>\nOn ne sait pas\u00a0! On ne saura pas (si on ne tente pas, ndlr).<br \/>\nMais oui\u00a0! Je le prends\u00a0! \u00c7a ferait du bien \u00e0 notre<br \/>\nchampionnat, et pour Lyon. Mais je signe\u00a0!\u00a0\u00bb A bon<br \/>\nentendeur\u2026<\/p>\n<p><script async src=\"https:\/\/platform.twitter.com\/widgets.js\" charset=\"utf-8\"><\/script><\/p>\n","protected":false},"excerpt":{"rendered":"L\u2019avenir de Karim Benzema, en fin de contrat en juin prochain avec son club saoudien d\u2019Al-Ittihad, continue de&hellip;\n","protected":false},"author":2,"featured_media":470819,"comment_status":"","ping_status":"","sticky":false,"template":"","format":"standard","meta":{"footnotes":""},"categories":[1889],"tags":[1111,11,2430,1777,674,1011,27,2428,12,25],"class_list":{"0":"post-470818","1":"post","2":"type-post","3":"status-publish","4":"format-standard","5":"has-post-thumbnail","7":"category-lyon","8":"tag-actu","9":"tag-actualites","10":"tag-auvergne-rhone-alpes","11":"tag-eu","12":"tag-europe","13":"tag-fr","14":"tag-france","15":"tag-lyon","16":"tag-news","17":"tag-republique-francaise"},"share_on_mastodon":{"url":"https:\/\/pubeurope.com\/@fr\/115391472766157369","error":""},"_links":{"self":[{"href":"https:\/\/www.europesays.com\/fr\/wp-json\/wp\/v2\/posts\/470818","targetHints":{"allow":["GET"]}}],"collection":[{"href":"https:\/\/www.europesays.com\/fr\/wp-json\/wp\/v2\/posts"}],"about":[{"href":"https:\/\/www.europesays.com\/fr\/wp-json\/wp\/v2\/types\/post"}],"author":[{"embeddable":true,"href":"https:\/\/www.europesays.com\/fr\/wp-json\/wp\/v2\/users\/2"}],"replies":[{"embeddable":true,"href":"https:\/\/www.europesays.com\/fr\/wp-json\/wp\/v2\/comments?post=470818"}],"version-history":[{"count":0,"href":"https:\/\/www.europesays.com\/fr\/wp-json\/wp\/v2\/posts\/470818\/revisions"}],"wp:featuredmedia":[{"embeddable":true,"href":"https:\/\/www.europesays.com\/fr\/wp-json\/wp\/v2\/media\/470819"}],"wp:attachment":[{"href":"https:\/\/www.europesays.com\/fr\/wp-json\/wp\/v2\/media?parent=470818"}],"wp:term":[{"taxonomy":"category","embeddable":true,"href":"https:\/\/www.europesays.com\/fr\/wp-json\/wp\/v2\/categories?post=470818"},{"taxonomy":"post_tag","embeddable":true,"href":"https:\/\/www.europesays.com\/fr\/wp-json\/wp\/v2\/tags?post=470818"}],"curies":[{"name":"wp","href":"https:\/\/api.w.org\/{rel}","templated":true}]}}