{"id":470828,"date":"2025-10-17T20:53:20","date_gmt":"2025-10-17T20:53:20","guid":{"rendered":"https:\/\/www.europesays.com\/fr\/470828\/"},"modified":"2025-10-17T20:53:20","modified_gmt":"2025-10-17T20:53:20","slug":"en-direct-psg-strasbourg-match-nul-spectaculaire-au-parc-des-princes","status":"publish","type":"post","link":"https:\/\/www.europesays.com\/fr\/470828\/","title":{"rendered":"EN DIRECT &#8211; PSG-Strasbourg\u00a0: match nul spectaculaire au Parc des Princes"},"content":{"rendered":"<p>\n    Leader avant la 8e journ\u00e9e de Ligue\u00a01, le Paris Saint-Germain doit d\u00e9fendre sa place au Parc des Princes ce vendredi. Strasbourg n\u2019est qu\u2019\u00e0 un point de l\u2019ogre parisien.<\/p>\n<p>\n        22:46\n            <\/p>\n<p class=\"fig-live-post__title\" role=\"heading\" aria-level=\"3\">Fin du direct !<\/p>\n<p class=\"fig-paragraph\">C\u2019est la fin de ce live comment\u00e9, merci \u00e0 toutes et \u00e0 tous. Bonne soir\u00e9e.<\/p>\n<p>\n        22:45\n            <\/p>\n<p class=\"fig-live-post__title\" role=\"heading\" aria-level=\"3\">Le but de l\u2019\u00e9galisation sign\u00e9 Mayulu !<\/p>\n<p>\n        22:44\n            <\/p>\n<p class=\"fig-live-post__title\" role=\"heading\" aria-level=\"3\">Le premier but de Ramos cette saison en Ligue 1 !<\/p>\n<p>        22:43<br \/>\n                                    <img   class=\"fig-img fig-live-post__picto\" alt=\"picto\"\/><\/p>\n<p class=\"fig-live-post__title\" role=\"heading\" aria-level=\"3\">Le PSG et Strasbourg se neutralisent ! (3-3)<\/p>\n<p class=\"fig-paragraph\">Les deux \u00e9quipes se quittent sur un match nul apr\u00e8s une rencontre au sc\u00e9nario spectaculaire. Le Racing a su revenir puis pass\u00e9 devant avec deux longueurs d\u2019avance. Le PSG \u00e0 r\u00e9action ce soir a su faire le travail en seconde p\u00e9riode pour revenir au score. Un point de part et d\u2019autre ce soir.<\/p>\n<p>\n        22:40\n            <\/p>\n<p class=\"fig-live-post__title\" role=\"heading\" aria-level=\"3\">Kvaratskhelia tente sa chance (3-3, 90+5)<\/p>\n<p class=\"fig-paragraph\">Le G\u00e9orgien tente sa chance en dehors de la surface, une frappe trop molle pour tromper Penders qui capte le ballon.<\/p>\n<p>\n        22:35\n            <\/p>\n<p class=\"fig-live-post__title\" role=\"heading\" aria-level=\"3\">Six minutes de jeu en plus (3-3, 90e)<\/p>\n<p class=\"fig-paragraph\">6 minutes de temps additionnel.<\/p>\n<p>\n        22:34\n            <\/p>\n<p class=\"fig-live-post__title\" role=\"heading\" aria-level=\"3\">Nuno Mendes fait son entr\u00e9e (3-3, 89e)<\/p>\n<p class=\"fig-paragraph\">Le Portugais, Nuno Mendes fait son entr\u00e9e pour les derni\u00e8res minutes de la rencontre. Mayulu sort sous les applaudissements du Parc.<\/p>\n<p>\n        22:32\n            <\/p>\n<p class=\"fig-live-post__title\" role=\"heading\" aria-level=\"3\">Panichelli proche du tripl\u00e9 (3-3, 85e)<\/p>\n<p class=\"fig-paragraph\">Strasbourg part en contre, Godo fait la diff\u00e9rence face \u00e0 Zabarnyi, puis centre en retrait. Panichelli de la t\u00eate met de la puissance mais sa tentative fuit le cadre de peu.<\/p>\n<p>\n        22:29\n            <\/p>\n<p class=\"fig-live-post__title\" role=\"heading\" aria-level=\"3\">Kvaratskhelia enroule et fr\u00f4le le cadre (3-3, 84e)<\/p>\n<p class=\"fig-paragraph\">Khvicha Kvaratskhelia sur le c\u00f4t\u00e9 gauche croch\u00e8te et enroule du pied gauche, sa tentative passe a quelques centim\u00e8tres du cadre.<\/p>\n<p>        22:26<br \/>\n                                    <img   class=\"fig-img fig-live-post__picto\" alt=\"picto\"\/><\/p>\n<p class=\"fig-live-post__title\" role=\"heading\" aria-level=\"3\">Mayulu et le PSG reviennent au score !! (3-3, 79e)<\/p>\n<p class=\"fig-paragraph\">Mayulu tente sa chance une premi\u00e8re fois et bute sur Penders, puis reprend le ballon de la t\u00eate pour \u00e9galiser. Il reste 10 minutes de jeu dans le temps r\u00e9glementaire pour d\u00e9partager les deux formations.<\/p>\n<p>\n        22:23\n            <\/p>\n<p class=\"fig-live-post__title\" role=\"heading\" aria-level=\"3\">Ramos ne cadre pas sa t\u00eate (2-3, 78e)<\/p>\n<p class=\"fig-paragraph\">Kang-In Lee trouve de son pied gauche sur un coup franc excentr\u00e9 la t\u00eate de Ramos. L\u2019attaquant portugais ne parvient pas \u00e0 redresser le ballon, \u00e7a passe au-dessus.<\/p>\n<p>\n        22:20\n            <\/p>\n<p class=\"fig-live-post__title\" role=\"heading\" aria-level=\"3\">La prise d\u2019initiative de Ndjantou fuit le cadre (2-3, 75e)<\/p>\n<p class=\"fig-paragraph\">Le jeune parisien, Quentin Ndjanou esseulait aux abords de la surface tente sa chance mais sa frappe prit un peu de l\u2019ext\u00e9rieur du pied passe \u00e0 c\u00f4t\u00e9 du but de Penders.<\/p>\n<p>\n        22:17\n            <\/p>\n<p class=\"fig-live-post__title\" role=\"heading\" aria-level=\"3\">Kang-In Lee trouve le poteau !! (2-3, 72e)<\/p>\n<p class=\"fig-paragraph\">Depuis le coin de la surface, Kang-In Lee d\u00e9croche une frappe pure du gauche qui vient s\u2019\u00e9craser sur le poteau. Ramos par la suite frappe mais Penders vigilant avait bien ferm\u00e9 l\u2019angle.<\/p>\n<p>\n        22:12\n            <\/p>\n<p class=\"fig-live-post__title\" role=\"heading\" aria-level=\"3\">Le rythme redescend (2-3, 67e)<\/p>\n<p class=\"fig-paragraph\">Depuis la r\u00e9duction du score parisienne et les nombreux changements de part et d\u2019autre, le rythme de la rencontre est redescendu. Le PSG garde le pied sur le ballon.<\/p>\n<p>\n        22:09\n            <\/p>\n<p class=\"fig-live-post__title\" role=\"heading\" aria-level=\"3\">Magnifique geste d\u00e9fensif de Doukour\u00e9 ! (2-3, 64e)<\/p>\n<p class=\"fig-paragraph\">Za\u00efre-Emery enroule un centre du droit vers son attaquant Ramos. Le capitaine du Racing, Doukour\u00e9 court vers son but et arrive tant bien que mal \u00e0 d\u00e9gager le ballon de l\u2019ext\u00e9rieur du pied \u00e0 mi-hauteur.<\/p>\n<p>\n        22:07\n            <\/p>\n<p class=\"fig-live-post__title\" role=\"heading\" aria-level=\"3\">Triple changement pour le PSG (2-3, 60e)<\/p>\n<p class=\"fig-paragraph\">D\u00e9sir\u00e9 Dou\u00e9, Bradley Barcola et Lucas Beraldo laissent leur place \u00e0 Khvicha Kvaratskhelia, Quentin Ndjantou et Willian Pacho.<\/p>\n<p>        22:05<br \/>\n                                    <img   class=\"fig-img fig-live-post__picto\" alt=\"picto\"\/><\/p>\n<p class=\"fig-live-post__title\" role=\"heading\" aria-level=\"3\">Hernandez \u00e9cope d\u2019un carton jaune (2-3, 59e)<\/p>\n<p class=\"fig-paragraph\">Le lat\u00e9ral tricolore en retarde tacle Gu\u00e9la Dou\u00e9 un peu haut. Il est averti par Cl\u00e9ment Turpin.<\/p>\n<p>        22:03<br \/>\n                                    <img   class=\"fig-img fig-live-post__picto\" alt=\"picto\"\/><\/p>\n<p class=\"fig-live-post__title\" role=\"heading\" aria-level=\"3\">Ramos r\u00e9duit le score sur p\u00e9nalty ! (2-3, 58e)<\/p>\n<p class=\"fig-paragraph\">Luis Enrique d\u00e9signe Ramos pour tirer le p\u00e9nalty. Le Portugais prend ses responsabilit\u00e9s et transforme le p\u00e9nalty. Il vient inscrire son premier but de la saison en Ligue 1.<\/p>\n<p>        22:01<br \/>\n                                    <img   class=\"fig-img fig-live-post__picto\" alt=\"picto\"\/><\/p>\n<p class=\"fig-live-post__title\" role=\"heading\" aria-level=\"3\">P\u00e9nalty pour le PSG, Penders averti (1-3)<\/p>\n<p class=\"fig-paragraph\">D\u00e9sir\u00e9 Dou\u00e9 surprend la d\u00e9fense du Racing dans le dos. Penders sort \u00e0 contre-temps et conc\u00e8de le p\u00e9nalty, il \u00e9cope aussi d\u2019un carton jaune.<\/p>\n<p>\n        21:58\n            <\/p>\n<p class=\"fig-live-post__title\" role=\"heading\" aria-level=\"3\">Ramos trop gentil dans la surface (1-3, 53e)<\/p>\n<p class=\"fig-paragraph\">Mbaye fil en contre sur le c\u00f4t\u00e9 droit et sert en retrait Ramos. Le Portugais trop gentil frappe au centre du but, Penders boxe le ballon. Luis Enrique est furieux sur le banc de touche apr\u00e8s cette occasion manqu\u00e9e.<\/p>\n<p>        21:54<br \/>\n                                    <img   class=\"fig-img fig-live-post__picto\" alt=\"picto\"\/><\/p>\n<p class=\"fig-live-post__title\" role=\"heading\" aria-level=\"3\">Les Alsaciens creusent l\u2019\u00e9cart !! (1-3, 49e)<\/p>\n<p class=\"fig-paragraph\">Beraldo perd son duel avec Panichelli, Moreira r\u00e9cup\u00e8re et trouve \u00e0 ras de terre le buteur argentin qui ajuste Chevalier.<\/p>\n<p>\n        21:52\n            <\/p>\n<p class=\"fig-live-post__title\" role=\"heading\" aria-level=\"3\">Enciso une nouvelle fois \u00e0 l\u2019\u0153uvre (1-2, 47e)<\/p>\n<p class=\"fig-paragraph\">Les Alsaciens r\u00e9cup\u00e8rent un ballon haut, Enciso intenable depuis le d\u00e9but du match tente sa chance c\u00f4t\u00e9 ouvert de son pied droit mais Chevalier a bien anticip\u00e9 capte le cuir.<\/p>\n<p>\n        21:49\n            <\/p>\n<p class=\"fig-live-post__title\" role=\"heading\" aria-level=\"3\">C\u2019est reparti !<\/p>\n<p class=\"fig-paragraph\">Enciso donne le coup d\u2019envoi du deuxi\u00e8me acte.<\/p>\n<p>\n        21:46\n            <\/p>\n<p class=\"fig-live-post__title\" role=\"heading\" aria-level=\"3\">La magnifique inspiration de Barco !<\/p>\n<p>\n        21:46\n            <\/p>\n<p class=\"fig-live-post__title\" role=\"heading\" aria-level=\"3\">Le but de Barcola !<\/p>\n<p>\n        21:33\n            <\/p>\n<p class=\"fig-live-post__title\" role=\"heading\" aria-level=\"3\">Le PSG derri\u00e8re \u00e0 la pause ! (1-2)<\/p>\n<p class=\"fig-paragraph\">Les Parisiens avaient pourtant d\u00e9marr\u00e9 de la meilleure des mani\u00e8res cette rencontre avec l\u2019ouverture du score dans les premiers instants. Mais le Racing n\u2019a pas l\u00e2ch\u00e9 et a fait preuve de caract\u00e8re pour revenir et passer devant au tableau d\u2019affichage.<\/p>\n<p>        21:30<br \/>\n                                    <img   class=\"fig-img fig-live-post__picto\" alt=\"picto\"\/><\/p>\n<p class=\"fig-live-post__title\" role=\"heading\" aria-level=\"3\">Moreira permet \u00e0 Strasbourg de prendre l\u2019avantage (1-2, 41e)<\/p>\n<p class=\"fig-paragraph\">Dou\u00e9 perd le ballon dans son camp, cela profite \u00e0 Moreira qui donne \u00e0 Barco, le milieu r\u00e9alise une superbe louche pour retrouver le Belge qui trompe Chevalier d\u2019une reprise de la semelle. Le portier parisien aurait peut-\u00eatre pu mieux faire.<\/p>\n<p>\n        21:26\n            <\/p>\n<p class=\"fig-live-post__title\" role=\"heading\" aria-level=\"3\">Enciso ne parvient pas \u00e0 cadrer (1-1, 37e)<\/p>\n<p class=\"fig-paragraph\">Apr\u00e8s un nouveau duel gagn\u00e9 de la t\u00eate de Panichelli, trouve Julio Enciso dans la surface, le Paraguayen se joue de Beraldo et tente sa chance, sa frappe vient \u00e9craser dans le petit filet ext\u00e9rieur de Lucas Chevalier.<\/p>\n<p>\n        21:22\n            <\/p>\n<p class=\"fig-live-post__title\" role=\"heading\" aria-level=\"3\">Le mur repousse (1-1, 34e)<\/p>\n<p class=\"fig-paragraph\">C\u2019est D\u00e9sir\u00e9 Dou\u00e9 qui prend des responsabilit\u00e9s. L\u2019international frappe le coup franc mais sa tentative est stopp\u00e9e par Panichelli pr\u00e9sent dans le mur.<\/p>\n<p>\n        21:20\n            <\/p>\n<p class=\"fig-live-post__title\" role=\"heading\" aria-level=\"3\">Coup franc dangereux pour le PSG ! (1-1, 33e)<\/p>\n<p class=\"fig-paragraph\">Enciso fait faute sur D\u00e9sir\u00e9 Dou\u00e9 aux abords de la surface, coup franc dangereux \u00e0 venir.<\/p>\n<p>\n        21:18\n            <\/p>\n<p class=\"fig-live-post__title\" role=\"heading\" aria-level=\"3\">Strasbourg r\u00e9\u00e9quilibre les d\u00e9bats apr\u00e8s ce but (1-1, 30e)<\/p>\n<p class=\"fig-paragraph\">Les Alsaciens sont mieux depuis la r\u00e9duction de l\u2019\u00e9cart, ils pressent haut et emp\u00eachent le PSG de progresser vers le but.<\/p>\n<p>        21:13<br \/>\n                                    <img   class=\"fig-img fig-live-post__picto\" alt=\"picto\"\/><\/p>\n<p class=\"fig-live-post__title\" role=\"heading\" aria-level=\"3\">Panichelli \u00e9galise !! (1-1, 26e)<\/p>\n<p class=\"fig-paragraph\">Gu\u00e9la Dou\u00e9 envoie un superbe centre dans la surface de son c\u00f4t\u00e9 droit. Panichelli prend le dessus sur Zabarnyi et propulse le cuir de la t\u00eate dans le petit filet gauche de Chevalier.<\/p>\n<p>\n        21:12\n            <\/p>\n<p class=\"fig-live-post__title\" role=\"heading\" aria-level=\"3\">Barcola en solitaire (1-0, 22e)<\/p>\n<p class=\"fig-paragraph\">Bradley Barcola remonte le terrain et se pr\u00e9sente devant la surface, il avait plusieurs solutions mais choisit la frappe repouss\u00e9e par Penders.<\/p>\n<p>\n        21:09\n            <\/p>\n<p class=\"fig-live-post__title\" role=\"heading\" aria-level=\"3\">Panichelli bute sur la d\u00e9fense parisienne (1-0, 22e)<\/p>\n<p class=\"fig-paragraph\">Enciso percute c\u00f4t\u00e9 gauche face \u00e0 Hernandez et trouve Panichelli qui encha\u00eene spontan\u00e9ment avec une frappe, bloqu\u00e9 par un d\u00e9fenseur.<\/p>\n<p>\n        21:06\n            <\/p>\n<p class=\"fig-live-post__title\" role=\"heading\" aria-level=\"3\">Za\u00efre-Emery bloque la frappe ! (1-0, 18e)<\/p>\n<p class=\"fig-paragraph\">Julio Enciso est trouv\u00e9 dans la surface, il l\u00e8ve la t\u00eate, croch\u00e8te et tente une superbe frappe mais c\u2019est bloqu\u00e9 par le tacle de Za\u00efre-Emery.<\/p>\n<p>\n        21:03\n            <\/p>\n<p class=\"fig-live-post__title\" role=\"heading\" aria-level=\"3\">Le PSG garde le ballon (1-0, 16e)<\/p>\n<p class=\"fig-paragraph\">Si les Strasbourgeois ont mis beaucoup d\u2019intensit\u00e9 dans les premi\u00e8res minutes, depuis l\u2019ouverture du score c\u2019est le PSG qui fait tourner le ballon alternant passes longues et passes courtes.<\/p>\n<p>\n        21:01\n            <\/p>\n<p class=\"fig-live-post__title\" role=\"heading\" aria-level=\"3\">Retour d\u00e9fensif de D\u00e9sir\u00e9 Dou\u00e9 (1-0, 13e)<\/p>\n<p class=\"fig-paragraph\">Apr\u00e8s une belle sortie de balle les Alsaciens se dirigeaient vers la surface de r\u00e9paration mais c\u2019est sans compter sur le retour d\u00e9fensif de D\u00e9sir\u00e9 Dou\u00e9 face \u00e0 Enciso. Le prodige parisien ne m\u00e9nage pas ses efforts qu\u2019ils soient offensif ou d\u00e9fensif en ce d\u00e9but de match.<\/p>\n<p>\n        20:57\n            <\/p>\n<p class=\"fig-live-post__title\" role=\"heading\" aria-level=\"3\">Double parade de Chevalier ! (1-0, 10e)<\/p>\n<p class=\"fig-paragraph\">Chevalier s\u2019illustre par deux fois pour \u00e9viter la r\u00e9duction du score. Dans un premier temps face \u00e0 Panichelli qui venait de reprendre un centre fa\u00e7on Madjer puis face \u00e0 Enciso .<\/p>\n<p>        20:53<br \/>\n                                    <img   class=\"fig-img fig-live-post__picto\" alt=\"picto\"\/><\/p>\n<p class=\"fig-live-post__title\" role=\"heading\" aria-level=\"3\">Barcola ouvre d\u00e9j\u00e0 le score ! (1-0, 6e)<\/p>\n<p class=\"fig-paragraph\">Barcola et Dou\u00e9 de retour sur le front de l\u2019attaque s\u2019illustrent. L\u2019ancien lyonnais s\u2019appuie sur Dou\u00e9, puis il est retrouv\u00e9 par son partenaire. Barcola pousse le ballon dans les filets et vient conclure une action d\u2019\u00e9cole.<\/p>\n<p>\n        20:49\n            <\/p>\n<p class=\"fig-live-post__title\" role=\"heading\" aria-level=\"3\">Dou\u00e9 signe son retour ! (0-0, 3e)<\/p>\n<p class=\"fig-paragraph\">Pour son premier ballon touch\u00e9, D\u00e9sir\u00e9 Dou\u00e9 d\u00e9clenche une frappe aux abords de la surface obligeant Penders \u00e0 se mettre au sol pour repousser.<\/p>\n<p>\n        20:45\n            <\/p>\n<p class=\"fig-live-post__title\" role=\"heading\" aria-level=\"3\">Coup d\u2019envoi !<\/p>\n<p class=\"fig-paragraph\">Cl\u00e9ment Turpin donne le coup d\u2019envoi de cette rencontre.<\/p>\n<p>\n        20:43\n            <\/p>\n<p class=\"fig-live-post__title\" role=\"heading\" aria-level=\"3\">Octobre Rose mis \u00e0 l\u2019honneur !<\/p>\n<p class=\"fig-paragraph\">\u00c0 l\u2019occasion d\u2019Octobre Rose, des femmes touch\u00e9es par la maladie ont l\u2019honneur d\u2019accompagner les joueurs sur la pelouse. Les Parisiens \u00e9volueront avec un flocage rose. Un geste symbolique et fort pour mettre en lumi\u00e8re la lutte contre cette maladie.<\/p>\n<p>\n        20:39\n            <\/p>\n<p class=\"fig-live-post__title\" role=\"heading\" aria-level=\"3\">Strasbourg face \u00e0 sa b\u00eate noire !<\/p>\n<p class=\"fig-paragraph\"><a href=\"http:\/\/www.lefigaro.fr\/sports\/football\/ligue-1\/psg-strasbourg-le-chiffre-totalement-fou-qui-a-de-quoi-effrayer-les-alsaciens-20251017\" data-fig-type=\"NewsFlash\" data-gtm-custom-categorie=\"navigation\" data-gtm-custom-action=\"crossclick\" data-gtm-custom-label=\"Contextuel\" data-gtm-event=\"customEventSPE\" data-fig-domain=\"LEFIGARO\" target=\"_blank\" rel=\"noopener\">Le Racing n\u2019a jamais gagn\u00e9 au Parc des Princes en Ligue 1<\/a>\u00a0! En 34 d\u00e9placements, Paris l\u2019a emport\u00e9 \u00e0 27 reprises, pour 7 nuls. Mais les Strasbourgeois ont d\u00e9j\u00e0 surpris par le pass\u00e9, le 3 mai dernier ils ont mis fin \u00e0 39 matchs cons\u00e9cutifs sans d\u00e9faite du PSG \u00e0 l\u2019ext\u00e9rieur. Ce soir, pourront-ils enfin briser la mal\u00e9diction et cr\u00e9er l\u2019exploit\u00a0?<\/p>\n<p>\n        20:29\n            <\/p>\n<p class=\"fig-live-post__title\" role=\"heading\" aria-level=\"3\">Strasbourg : un match cl\u00e9 pour affirmer ses ambitions europ\u00e9ennes !<\/p>\n<p class=\"fig-paragraph\">Apr\u00e8s un bel exercice 2024-2025 et une 7e place, Strasbourg r\u00e9pond aux attentes et pointe \u00e0 un point du PSG apr\u00e8s cinq victoires en sept journ\u00e9es. Mais pour se m\u00ealer durablement \u00e0 la lutte pour l\u2019Europe, le Racing devra corriger ses failles, notamment \u00e0 l\u2019ext\u00e9rieur o\u00f9 il a encaiss\u00e9 cinq buts lors de ses deux derniers d\u00e9placements.<\/p>\n<p>\n        20:22\n            <\/p>\n<p class=\"fig-live-post__title\" role=\"heading\" aria-level=\"3\">Le PSG pour reprendre sa marche en avant !<\/p>\n<p class=\"fig-paragraph\">Malgr\u00e9 une infirmerie pleine en d\u00e9but de saison, Paris a bien lanc\u00e9 sa d\u00e9fense des titres. Apr\u00e8s une tr\u00eave bienvenue, les hommes de Luis Enrique retrouvent certains cadres et visent \u00e0 garder sa premi\u00e8re place au classement. Invaincus au Parc, les Parisiens peuvent confirmer leur domination \u00e0 domicile ce soir.<\/p>\n<p>\n        20:19\n            <\/p>\n<p class=\"fig-live-post__title\" role=\"heading\" aria-level=\"3\">Strasbourg : retour de Chilwell, Enciso honore sa premi\u00e8re titularisation<\/p>\n<p class=\"fig-paragraph\">Du c\u00f4t\u00e9 du RC Strasbourg, Chilwell fait son retour et animera le couloir gauche. Gu\u00e9la Dou\u00e9 est titulaire face \u00e0 son fr\u00e8re. Enciso bless\u00e9 depuis le d\u00e9but de saison est align\u00e9 d\u2019entr\u00e9e pour la premi\u00e8re fois avec les Alsaciens. En l\u2019absence de Emegha, Panichelli encha\u00eene \u00e0 la pointe de l\u2019attaque.<\/p>\n<p class=\"fig-paragraph\"><strong>Le onze de Strasbourg\u00a0:<\/strong>\u00a0Penders &#8211; Dou\u00e9, Doukour\u00e9 (cap), Hogsberg, Chilwell, Ouattara &#8211; El Mourabet, Barco, Moreira, Enciso &#8211; Panichelli<\/p>\n<p>\n        20:13\n            <\/p>\n<p class=\"fig-live-post__title\" role=\"heading\" aria-level=\"3\">PSG : retour de Dou\u00e9 dans le onze parisien tr\u00e8s remani\u00e9, Hakimi et Kvaratskhelia sur le banc<\/p>\n<p class=\"fig-paragraph\">Du turnover, encore, \u00e0 Paris. Luis Enrique peut toutefois compter sur<a href=\"http:\/\/www.lefigaro.fr\/sports\/football\/ligue-1\/ligue-1-desire-doue-fait-son-retour-dans-le-groupe-du-psg-20251017\" target=\"_blank\" data-fig-type=\"NewsFlash\" rel=\"noopener\" data-gtm-custom-categorie=\"navigation\" data-gtm-custom-action=\"crossclick\" data-gtm-custom-label=\"Contextuel\" data-gtm-event=\"customEventSPE\" data-fig-domain=\"LEFIGARO\">\u00a0le retour de D\u00e9sir\u00e9 Dou\u00e9<\/a>, titulaire au milieu avec Lee et Mayulu.Les internationaux Hakimi, Nuno Mendes, Pacho, Vitinha et Kvaratskhelia d\u00e9butent sur le banc. Align\u00e9 dans le couloir droit de la d\u00e9fense, Warren Za\u00efre-Emery sera capitaine. Jo\u00e3o Neves et Fabi\u00e1n Ruiz, pr\u00e9serv\u00e9s, ne sont pas sur la feuille de match.<\/p>\n<p class=\"fig-paragraph\"><strong>Le onze du PSG\u00a0:\u00a0<\/strong>Chevalier &#8211; Za\u00efre-Emery (cap), Zabarnyi, Beraldo, Hernandez &#8211; Dou\u00e9, Lee, Mayulu &#8211; Mbaye, Ramos, Barcola<\/p>\n<p>\n        20:11\n            <\/p>\n<p class=\"fig-live-post__title\" role=\"heading\" aria-level=\"3\">PSG-Strasbourg en direct comment\u00e9<\/p>\n<p class=\"fig-paragraph\">Bonjour et bienvenue sur notre site pour suivre, en direct comment\u00e9, le match de\u00a0la\u00a0<a href=\"https:\/\/www.lefigaro.fr\/sports\/football\/ligue-1\/calendrier-resultats\" target=\"_blank\" rel=\"nofollow noopener\" data-gtm-custom-categorie=\"navigation\" data-gtm-custom-action=\"crossclick\" data-gtm-custom-label=\"Contextuel\" data-gtm-event=\"customEventSPE\">8e journ\u00e9e de Ligue 1<\/a>\u00a0entre le PSG et Strasbourg. Le coup d\u2019envoi sera donn\u00e9 \u00e0 20h45 sur la pelouse du Parc des Princes.<\/p>\n<p>                Les publications appara\u00eetront ici<\/p>\n<p>        Fermer<\/p>\n","protected":false},"excerpt":{"rendered":"Leader avant la 8e journ\u00e9e de Ligue\u00a01, le Paris Saint-Germain doit d\u00e9fendre sa place au Parc des Princes&hellip;\n","protected":false},"author":2,"featured_media":470829,"comment_status":"","ping_status":"","sticky":false,"template":"","format":"standard","meta":{"footnotes":""},"categories":[1888],"tags":[11,525,1981,814,1777,674,2257,63,1011,27,3309,66,1307,955,12,1176,978,2334,626,93,4448,25,1980],"class_list":{"0":"post-470828","1":"post","2":"type-post","3":"status-publish","4":"format-standard","5":"has-post-thumbnail","7":"category-paris","8":"tag-actualites","9":"tag-calendrier","10":"tag-classement","11":"tag-direct","12":"tag-eu","13":"tag-europe","14":"tag-foot","15":"tag-football","16":"tag-fr","17":"tag-france","18":"tag-l1","19":"tag-ligue-1","20":"tag-lille","21":"tag-match","22":"tag-news","23":"tag-olympique-de-marseille","24":"tag-olympique-lyonnais","25":"tag-parc-des-princes","26":"tag-paris","27":"tag-psg","28":"tag-rc-strasbourg","29":"tag-republique-francaise","30":"tag-resultats"},"share_on_mastodon":{"url":"https:\/\/pubeurope.com\/@fr\/115391496519138290","error":""},"_links":{"self":[{"href":"https:\/\/www.europesays.com\/fr\/wp-json\/wp\/v2\/posts\/470828","targetHints":{"allow":["GET"]}}],"collection":[{"href":"https:\/\/www.europesays.com\/fr\/wp-json\/wp\/v2\/posts"}],"about":[{"href":"https:\/\/www.europesays.com\/fr\/wp-json\/wp\/v2\/types\/post"}],"author":[{"embeddable":true,"href":"https:\/\/www.europesays.com\/fr\/wp-json\/wp\/v2\/users\/2"}],"replies":[{"embeddable":true,"href":"https:\/\/www.europesays.com\/fr\/wp-json\/wp\/v2\/comments?post=470828"}],"version-history":[{"count":0,"href":"https:\/\/www.europesays.com\/fr\/wp-json\/wp\/v2\/posts\/470828\/revisions"}],"wp:featuredmedia":[{"embeddable":true,"href":"https:\/\/www.europesays.com\/fr\/wp-json\/wp\/v2\/media\/470829"}],"wp:attachment":[{"href":"https:\/\/www.europesays.com\/fr\/wp-json\/wp\/v2\/media?parent=470828"}],"wp:term":[{"taxonomy":"category","embeddable":true,"href":"https:\/\/www.europesays.com\/fr\/wp-json\/wp\/v2\/categories?post=470828"},{"taxonomy":"post_tag","embeddable":true,"href":"https:\/\/www.europesays.com\/fr\/wp-json\/wp\/v2\/tags?post=470828"}],"curies":[{"name":"wp","href":"https:\/\/api.w.org\/{rel}","templated":true}]}}