{"id":470832,"date":"2025-10-17T20:55:17","date_gmt":"2025-10-17T20:55:17","guid":{"rendered":"https:\/\/www.europesays.com\/fr\/470832\/"},"modified":"2025-10-17T20:55:17","modified_gmt":"2025-10-17T20:55:17","slug":"illia-zabarnyi-defenseur-central-du-psg-et-porte-drapeau-de-lukraine","status":"publish","type":"post","link":"https:\/\/www.europesays.com\/fr\/470832\/","title":{"rendered":"Illia Zabarnyi, d\u00e9fenseur central du PSG et porte-drapeau de l\u2019Ukraine"},"content":{"rendered":"<p>\n                                                Il est devenu l\u2019un des visages de l\u2019Ukraine \u00e0 l\u2019\u00e9tranger. Illia Zabarnyi est non seulement capitaine de l\u2019\u00e9quipe nationale, mais aussi l\u2019un des piliers de la d\u00e9fense parisienne. Apr\u00e8s son transfert au PSG cet \u00e9t\u00e9, le footballeur esp\u00e8re r\u00e9aliser l\u2019exploit en qualifiant son pays pour le Mondial de football.\u00a0                    <\/p>\n<p>Illia Zabarnyi a seulement 22 ans, mais d\u00e9j\u00e0 plusieurs vies derri\u00e8re lui. Celle d\u2019un adolescent qui grandit dans un pays menac\u00e9 par la <strong><a href=\"https:\/\/www.rfi.fr\/fr\/tag\/russie\/\" target=\"_self\" class=\"gtm-add-suggested-tag\" rel=\"noopener\">Russie<\/a><\/strong> \u2013 il a douze ans en 2014 lorsqu\u2019il voit d\u00e9barquer les r\u00e9fugi\u00e9s de Crim\u00e9e ou du Donbass. Celle d\u2019un gamin d\u2019une banlieue d\u00e9sh\u00e9rit\u00e9e de Kiev qui r\u00eave de ballon rond, de crampons et de gloire\u2026 sur les terrains de football.\u00a0 \u00ab\u00a0Il a grandi dans un quartier un peu difficile de Kiev appel\u00e9 Troyeshchyna, raconte le journaliste anglo-ukrainien Andrew Todos. Ses parents travaillaient tr\u00e8s dur et ils vivaient dans des conditions assez modestes, dormant dans la m\u00eame pi\u00e8ce pour \u00e9conomiser un peu d\u2019argent. Mais malgr\u00e9 tout, il allait s\u2019entra\u00eener tous les jours au foot et il a commenc\u00e9 assez jeune \u00e0 jouer pour des \u00e9quipes du quartier\u2026 Il est rep\u00e9r\u00e9 par l\u2019Acad\u00e9mie du Dynamo de Kiev, et il fait tr\u00e8s vite ses d\u00e9buts dans l\u2019\u00e9quipe pro, \u00e0 18 ans. Depuis, il n\u2019a cess\u00e9 de progresser jusqu\u2019\u00e0 jouer aujourd\u2019hui pour les Champions d\u2019Europe ! \u00bb<\/p>\n<p> \u00ab\u00a0J\u2019ai pens\u00e9 \u00e0 m\u2019engager\u00a0\u00bb <\/p>\n<p>L\u2019invasion \u00e0 grande \u00e9chelle de l\u2019Ukraine en 2022 ne d\u00e9tourne pas le jeune joueur de son objectif. M\u00eame si, de son propre aveu, il envisage de renoncer \u00e0 son r\u00eave et de prendre les armes. \u00ab\u00a0Je me suis demand\u00e9\u00a0: que puis-je faire de mieux pour mon pays\u00a0? J\u2019ai pens\u00e9 \u00e0 m\u2019engager\u00a0\u00bb a-t-il confi\u00e9 en mars 2024 au Times. \u00ab\u00a0Mais je dois jouer, car les Ukrainiens ont besoin que je parle au monde\u00a0\u00bb. Un r\u00f4le de repr\u00e9sentant que le jeune joueur assume avec beaucoup de conviction, sur les r\u00e9seaux sociaux, dans les m\u00e9dias\u2026 et sur les terrains. \u00ab\u00a0C\u2019est un immense ambassadeur de l\u2019Ukraine dans le monde, et c\u2019est quelque chose dont l\u2019Ukraine a besoin, pointe Andrew Todos. Quand il joue pour l\u2019une des plus grandes \u00e9quipes du monde, quand il marque des buts, quand il brille en Ligue des champions \u2014 tout cela contribue \u00e0 maintenir l\u2019Ukraine pr\u00e9sente dans les esprits, notamment aupr\u00e8s d\u2019un public qui ne suit pas forc\u00e9ment l\u2019actualit\u00e9 de pr\u00e8s.\u00a0\u00bb \u00a0Dans ses interviews, Illya Zabarnyi n\u2019\u00e9vite pas le sujet et parle de la guerre, de ses amis, de sa famille rest\u00e9e \u00e0 Kiev. Avec d\u2019autres joueurs ukrainiens expatri\u00e9s, il finance \u00e9galement des achats de drones et vient en aide \u00e0 plusieurs familles de supporters tu\u00e9s au combat.<\/p>\n<p> \u00ab\u00a0I Wanna Dance With Zabarnyi \u00bb <\/p>\n<p>En janvier 2023, le joueur quitte l\u2019Ukraine pour une premi\u00e8re exp\u00e9rience \u00e0 l\u2019\u00e9tranger, \u00e0 Bournemouth en Angleterre.\u00a0 Les \u00ab\u00a0Cherries\u00a0\u00bb, supporters de Bournemouth, ont t\u00f4t fait de l\u2019adopter et de lui d\u00e9dier l\u2019un de ces hymnes dont les stades anglais ont le secret \u2013 \u00ab\u00a0I Wanna Dance With Zabarnyi\u00a0\u00bb,\u00a0emprunt\u00e9 \u00e0 Whitney Houston. Devenu l\u2019un des meilleurs d\u00e9fenseurs du championnat anglais, remarqu\u00e9 par le PSG, il est transf\u00e9r\u00e9 cet \u00e9t\u00e9 pour 66 millions d\u2019euros dans le club francilien. Probl\u00e8me, il doit y c\u00f4toyer durant les entra\u00eenements le gardien rempla\u00e7ant Matvey Safonov, de nationalit\u00e9 russe. Pour \u00e9teindre la pol\u00e9mique en <strong><a href=\"https:\/\/www.rfi.fr\/fr\/tag\/ukraine\/\" target=\"_self\" class=\"gtm-add-suggested-tag\" rel=\"noopener\">Ukraine<\/a><\/strong>, il\u00a0s\u2019engage \u00e0 limiter au strict minimum ses relations avec le gardien : \u00ab\u00a0Les Russes sont des agresseurs qui tentent en vain de d\u00e9truire la libert\u00e9 et l\u2019ind\u00e9pendance de l\u2019Ukraine\u2026 la guerre continue et je n\u2019entretiens aucune relation avec les Russes\u00a0\u00bb, d\u00e9clare-t-il dans un entretien accord\u00e9 \u00e0 la t\u00e9l\u00e9vision ukrainienne. La controverse ne l\u2019emp\u00eache pas de tr\u00e8s vite s\u2019imposer sur le terrain. Apr\u00e8s quelques matches de Ligue 1 (et un but face \u00e0 Auxerre le 27 septembre) il s\u2019illustre lors d\u2019une premi\u00e8re rencontre en Ligue des champions, face \u00e0 <strong><a href=\"https:\/\/www.rfi.fr\/fr\/sports\/20250930-ligue-des-champions-barcelone-psg-un-choc-en-or-avec-yamal-mais-sans-demb\u00e9l\u00e9\" target=\"_self\" rel=\"noopener\">Barcelone, le 1er octobre dernier<\/a><\/strong>. \u00c0 la fois technique et v\u00e9loce, il s\u00e9duit par son sens du jeu\u2026 \u00ab\u00a0Il est bon dans les duels et dans la gestion de l\u2019espace, appr\u00e9cie, en connaisseur, l\u2019ancien joueur du PSG Eric Rabesandratana, qui a occup\u00e9 lui aussi le poste de d\u00e9fenseur central. \u00ab\u00a0Il a un gabarit plut\u00f4t int\u00e9ressant (1,89 m pour 83\u00a0 kg), mais il n\u2019est pas encore assez performant avec son jeu de t\u00eate, nuance-t-il. Il manque encore un peu de d\u00e9termination, mais bien s\u00fbr, il lui faut un temps d\u2019adaptation\u00a0!\u00a0\u00bb <\/p>\n<p> Moment d\u2019unit\u00e9 nationale <\/p>\n<p>Avec le PSG, Ilia Zabarnyi va conna\u00eetre les frissons de la <strong><a href=\"https:\/\/www.rfi.fr\/fr\/tag\/ligue-des-champions-uefa\/\" target=\"_self\" rel=\"noopener\">Ligue des champions<\/a><\/strong> \u2013 mais une autre \u00e9ch\u00e9ance majeure va motiver encore plus le jeune joueur dans les semaines et les mois qui viennent. Avec un r\u00eave, celui de qualifier l&rsquo;Ukraine pour la Coupe du monde qui sera organis\u00e9e l\u2019ann\u00e9e prochaine en Am\u00e9rique du Nord. Une premi\u00e8re depuis 2006 (derni\u00e8re et unique participation de l&rsquo;Ukraine pour une phase finale de Coupe du Monde) et un v\u00e9ritable exploit pour une \u00e9quipe dont le pays est en guerre. Oblig\u00e9s de s\u2019entra\u00eener en Pologne et de jouer tous leurs matchs hors d\u2019Ukraine, les footballeurs ukrainiens parviennent malgr\u00e9 tout \u00e0 entretenir cet espoir puisqu\u2019ils sont deuxi\u00e8mes de leur groupe derri\u00e8re la France. \u00ab\u00a0Chaque match de l\u2019\u00e9quipe nationale est un moment d\u2019unit\u00e9 et de ferveur pour les Ukrainiens qui suivent les qualifications en temps de guerre, souligne le journaliste Andrew Todos. Plusieurs de mes amis ont suivi le match contre l\u2019Islande (victoire 5 buts \u00e0 3 de l\u2019Ukraine, le 10 octobre) sur leur t\u00e9l\u00e9phone \u00e0 la lueur d\u2019une bougie \u2013 parce qu\u2019il n\u2019y avait plus de courant \u00e0 cause des bombardements russes.\u00a0Donc, quoi qu\u2019il arrive, les gens essaient de suivre l&rsquo;\u00e9quipe nationale. Le temps d\u2019un match, cela leur permet d\u2019oublier ce qui se passe autour d\u2019eux\u2026 Et lorsque l&rsquo;Ukraine gagne, et surtout dans ce cas, ce sont des \u00e9motions qui font beaucoup de bien au moral.\u00a0\u00bb <\/p>\n<p><a href=\"https:\/\/www.rfi.fr\/fr\/tag\/ukraine\/\" target=\"_self\" rel=\"noopener\"><strong>Suivez\u00a0nos derni\u00e8res infos, reportages et \u00e9missions\u00a0sur l&rsquo;Ukraine<\/strong><\/a><\/p>\n","protected":false},"excerpt":{"rendered":"Il est devenu l\u2019un des visages de l\u2019Ukraine \u00e0 l\u2019\u00e9tranger. Illia Zabarnyi est non seulement capitaine de l\u2019\u00e9quipe&hellip;\n","protected":false},"author":2,"featured_media":470833,"comment_status":"","ping_status":"","sticky":false,"template":"","format":"standard","meta":{"footnotes":""},"categories":[1590],"tags":[11,1777,674,19690,63,12,220],"class_list":{"0":"post-470832","1":"post","2":"type-post","3":"status-publish","4":"format-standard","5":"has-post-thumbnail","7":"category-ukraine","8":"tag-actualites","9":"tag-eu","10":"tag-europe","11":"tag-europeen-de-la-semaine","12":"tag-football","13":"tag-news","14":"tag-ukraine"},"share_on_mastodon":{"url":"https:\/\/pubeurope.com\/@fr\/115391504906983017","error":""},"_links":{"self":[{"href":"https:\/\/www.europesays.com\/fr\/wp-json\/wp\/v2\/posts\/470832","targetHints":{"allow":["GET"]}}],"collection":[{"href":"https:\/\/www.europesays.com\/fr\/wp-json\/wp\/v2\/posts"}],"about":[{"href":"https:\/\/www.europesays.com\/fr\/wp-json\/wp\/v2\/types\/post"}],"author":[{"embeddable":true,"href":"https:\/\/www.europesays.com\/fr\/wp-json\/wp\/v2\/users\/2"}],"replies":[{"embeddable":true,"href":"https:\/\/www.europesays.com\/fr\/wp-json\/wp\/v2\/comments?post=470832"}],"version-history":[{"count":0,"href":"https:\/\/www.europesays.com\/fr\/wp-json\/wp\/v2\/posts\/470832\/revisions"}],"wp:featuredmedia":[{"embeddable":true,"href":"https:\/\/www.europesays.com\/fr\/wp-json\/wp\/v2\/media\/470833"}],"wp:attachment":[{"href":"https:\/\/www.europesays.com\/fr\/wp-json\/wp\/v2\/media?parent=470832"}],"wp:term":[{"taxonomy":"category","embeddable":true,"href":"https:\/\/www.europesays.com\/fr\/wp-json\/wp\/v2\/categories?post=470832"},{"taxonomy":"post_tag","embeddable":true,"href":"https:\/\/www.europesays.com\/fr\/wp-json\/wp\/v2\/tags?post=470832"}],"curies":[{"name":"wp","href":"https:\/\/api.w.org\/{rel}","templated":true}]}}