{"id":470834,"date":"2025-10-17T20:56:14","date_gmt":"2025-10-17T20:56:14","guid":{"rendered":"https:\/\/www.europesays.com\/fr\/470834\/"},"modified":"2025-10-17T20:56:14","modified_gmt":"2025-10-17T20:56:14","slug":"terroristes-du-hamas-illegaux-et-criminels-la-porte-parole-de-la-maison-blanche-blame-les-democrates","status":"publish","type":"post","link":"https:\/\/www.europesays.com\/fr\/470834\/","title":{"rendered":"\u00ab Terroristes du Hamas, ill\u00e9gaux et criminels \u00bb, la porte-parole de la Maison-Blanche bl\u00e2me les D\u00e9mocrates"},"content":{"rendered":"<p class=\"mb-4 text-lg md:leading-8 break-words\"><strong>SANS FILTRE &#8211; Karoline Leavitt, a provoqu\u00e9 un toll\u00e9 apr\u00e8s avoir affirm\u00e9, jeudi, sur Fox News que la base \u00e9lectorale d\u00e9mocrate \u00e9tait compos\u00e9e de \u00ab\u00a0terroristes du Hamas, d\u2019immigr\u00e9s ill\u00e9gaux et de criminels violents\u00a0\u00bb<\/strong><\/p>\n<p class=\"mb-4 text-lg md:leading-8 break-words\">Quelques semaines apr\u00e8s l\u2019assassinat de <a href=\"https:\/\/www.20minutes.fr\/monde\/etats-unis\/4179390-20251015-etats-unis-trump-decore-titre-posthume-influenceur-assassine-charlie-kirk?at_medium=RSS%20feed&amp;at_campaign=ynews&amp;utm_source=yahoo&amp;utm_medium=rss&amp;utm_campaign=news_feed&amp;utm_content=in_article_link\" rel=\"nofollow noopener\" target=\"_blank\" data-ylk=\"slk:Charlie Kirk;elm:context_link;itc:0;sec:content-canvas\" class=\"link \">Charlie Kirk<\/a>, qui avait conduit plusieurs \u00e9lus r\u00e9publicains \u00e0 appeler \u00e0 mod\u00e9rer le discours politique, la porte-parole de la Maison-Blanche <a href=\"https:\/\/www.20minutes.fr\/monde\/election-presidentielle-americaine\/4121683-20241116-etats-unis-tout-juste-27-ans-karoline-leavitt-devient-porte-parole-administration-trump?at_medium=RSS%20feed&amp;at_campaign=ynews&amp;utm_source=yahoo&amp;utm_medium=rss&amp;utm_campaign=news_feed&amp;utm_content=in_article_link\" rel=\"nofollow noopener\" target=\"_blank\" data-ylk=\"slk:Karoline Leavitt;elm:context_link;itc:0;sec:content-canvas\" class=\"link \">Karoline Leavitt<\/a> a raviv\u00e9 les tensions. Invit\u00e9e de <a href=\"https:\/\/www.20minutes.fr\/dossier\/fox_news?at_medium=RSS%20feed&amp;at_campaign=ynews&amp;utm_source=yahoo&amp;utm_medium=rss&amp;utm_campaign=news_feed&amp;utm_content=in_article_link\" rel=\"nofollow noopener\" target=\"_blank\" data-ylk=\"slk:Fox News;elm:context_link;itc:0;sec:content-canvas\" class=\"link \">Fox News<\/a> jeudi apr\u00e8s-midi, elle a accus\u00e9 les \u00e9lecteurs d\u00e9mocrates d\u2019\u00eatre \u00ab\u00a0des terroristes du <a href=\"https:\/\/www.20minutes.fr\/monde\/hamas\/?at_medium=RSS%20feed&amp;at_campaign=ynews&amp;utm_source=yahoo&amp;utm_medium=rss&amp;utm_campaign=news_feed&amp;utm_content=in_article_link\" rel=\"nofollow noopener\" target=\"_blank\" data-ylk=\"slk:Hamas;elm:context_link;itc:0;sec:content-canvas\" class=\"link \">Hamas<\/a>, des immigr\u00e9s ill\u00e9gaux et des criminels violents\u00a0\u00bb. Ces propos, d\u2019une rare virulence, ont \u00e9t\u00e9 rapport\u00e9s par <a href=\"https:\/\/www.independent.co.uk\/news\/world\/americas\/us-politics\/karoline-leavitt-democrats-hamas-terrorists-criminals-b2846954.html?at_medium=RSS%20feed&amp;at_campaign=ynews&amp;utm_source=yahoo&amp;utm_medium=rss&amp;utm_campaign=news_feed&amp;utm_content=in_article_link\" rel=\"nofollow noopener\" target=\"_blank\" data-ylk=\"slk:The Independent;elm:context_link;itc:0;sec:content-canvas\" class=\"link \">The Independent<\/a>.<\/p>\n<p class=\"mb-4 text-lg md:leading-8 break-words\">Karoline Leavitt r\u00e9agissait \u00e0 la diffusion d\u2019une vid\u00e9o montrant Zohran Mamdani, favori de la mairie de <a href=\"https:\/\/www.20minutes.fr\/dossier\/new_york?at_medium=RSS%20feed&amp;at_campaign=ynews&amp;utm_source=yahoo&amp;utm_medium=rss&amp;utm_campaign=news_feed&amp;utm_content=in_article_link\" rel=\"nofollow noopener\" target=\"_blank\" data-ylk=\"slk:New York;elm:context_link;itc:0;sec:content-canvas\" class=\"link \">New York<\/a>, refuser de dire s\u2019il souhaitait que le Hamas d\u00e9pose les armes. S\u2019appuyant sur cet extrait, elle a affirm\u00e9 que le <a href=\"https:\/\/www.20minutes.fr\/dossier\/parti_democrate?at_medium=RSS%20feed&amp;at_campaign=ynews&amp;utm_source=yahoo&amp;utm_medium=rss&amp;utm_campaign=news_feed&amp;utm_content=in_article_link\" rel=\"nofollow noopener\" target=\"_blank\" data-ylk=\"slk:Parti d\u00e9mocrate;elm:context_link;itc:0;sec:content-canvas\" class=\"link \">Parti d\u00e9mocrate<\/a> n\u2019\u00e9tait plus soutenu que par \u00ab\u00a0sa base la plus radicale\u00a0\u00bb, qu\u2019elle a associ\u00e9e \u00e0 des antis\u00e9mites et \u00e0 des d\u00e9linquants. Selon elle, les dirigeants d\u00e9mocrates \u00ab\u00a0veulent rel\u00e2cher des criminels dans les rues am\u00e9ricaines\u00a0\u00bb et \u00ab\u00a0ferment les yeux sur les infiltrations terroristes\u00a0\u00bb.<\/p>\n<p>Elle pr\u00e9sente Donald Trump en artisan de la paix<\/p>\n<p class=\"mb-4 text-lg md:leading-8 break-words\">La porte-parole a \u00e9galement cherch\u00e9 \u00e0 redorer l\u2019image internationale du pr\u00e9sident <a href=\"https:\/\/www.20minutes.fr\/dossier\/donald_trump?at_medium=RSS%20feed&amp;at_campaign=ynews&amp;utm_source=yahoo&amp;utm_medium=rss&amp;utm_campaign=news_feed&amp;utm_content=in_article_link\" rel=\"nofollow noopener\" target=\"_blank\" data-ylk=\"slk:Donald Trump;elm:context_link;itc:0;sec:content-canvas\" class=\"link \">Donald Trump<\/a>, affirmant qu\u2019il serait le seul dirigeant \u00e0 avoir \u00ab\u00a0r\u00e9ellement lib\u00e9r\u00e9 la Palestine\u00a0\u00bb. Une d\u00e9claration qui intervient alors que le conflit \u00e0 Gaza reste particuli\u00e8rement tendu. Selon <a href=\"https:\/\/www.npr.org\/2025\/10\/15\/nx-s1-5574953\/israel-gaza-border-crossing-aid?at_medium=RSS%20feed&amp;at_campaign=ynews&amp;utm_source=yahoo&amp;utm_medium=rss&amp;utm_campaign=news_feed&amp;utm_content=in_article_link\" rel=\"nofollow noopener\" target=\"_blank\" data-ylk=\"slk:NPR;elm:context_link;itc:0;sec:content-canvas\" class=\"link \">NPR<\/a>, Isra\u00ebl n\u2019a retir\u00e9 qu\u2019une partie de ses troupes et continue de restreindre l\u2019entr\u00e9e de l\u2019aide humanitaire.<\/p>\n<p><a href=\"https:\/\/www.20minutes.fr\/monde\/etats-unis\/\" rel=\"nofollow noopener\" target=\"_blank\" data-ylk=\"slk:Notre dossier sur les Etats-Unis;elm:context_link;itc:0;sec:content-canvas\" class=\"link \">Notre dossier sur les Etats-Unis<\/a><\/p>\n<p class=\"mb-4 text-lg md:leading-8 break-words\">Cette nouvelle charge verbale survient dans un climat o\u00f9 les attaques personnelles s(&#8230;)<\/p>\n<p class=\"mb-4 text-lg md:leading-8 break-words\"><a href=\"https:\/\/www.20minutes.fr\/monde\/etats-unis\/4180089-20251017-etats-unis-terroristes-hamas-illegaux-criminels-porte-parole-maison-blanche-blame-democrates?at_medium=RSS%20feed&amp;at_campaign=ynews&amp;utm_source=yahoo&amp;utm_medium=rss&amp;utm_campaign=news_feed&amp;utm_content=read_more_link&quot;\" rel=\"nofollow noopener\" target=\"_blank\" data-ylk=\"slk:Lire la suite sur 20minutes;elm:context_link;itc:0;sec:content-canvas\" class=\"link \">Lire la suite sur 20minutes<\/a><\/p>\n<p>\u00c0 lire aussi :<br \/><a href=\"https:\/\/www.20minutes.fr\/monde\/etats-unis\/4169513-20250826-etats-unis-donald-trump-affirme-americains-aimeraient-avoir-dictateur?at_medium=RSS%20feed&amp;at_campaign=ynews&amp;utm_source=yahoo&amp;utm_medium=rss&amp;utm_campaign=news_feed&amp;utm_content=related_content_link\" rel=\"nofollow noopener\" target=\"_blank\" data-ylk=\"slk:Etats-Unis\u00a0: Donald Trump affirme que les Am\u00e9ricains \u00ab\u00a0aimeraient avoir un dictateur\u00a0\u00bb mais lui n\u2019en est pas un;elm:context_link;itc:0;sec:content-canvas\" class=\"link \">Etats-Unis\u00a0: Donald Trump affirme que les Am\u00e9ricains \u00ab\u00a0aimeraient avoir un dictateur\u00a0\u00bb mais lui n\u2019en est pas un<\/a><br \/><a href=\"https:\/\/www.20minutes.fr\/monde\/etats-unis\/4179881-20251017-etats-unis-magnifique-promet-trump-presentant-projet-arc-independance?at_medium=RSS%20feed&amp;at_campaign=ynews&amp;utm_source=yahoo&amp;utm_medium=rss&amp;utm_campaign=news_feed&amp;utm_content=related_content_link\" rel=\"nofollow noopener\" target=\"_blank\" data-ylk=\"slk:Etats-Unis\u00a0: \u00ab\u00a0Ce sera magnifique\u00a0\u00bb, promet Trump en pr\u00e9sentant son projet d\u2019arc de l\u2019Ind\u00e9pendance;elm:context_link;itc:0;sec:content-canvas\" class=\"link \">Etats-Unis\u00a0: \u00ab\u00a0Ce sera magnifique\u00a0\u00bb, promet Trump en pr\u00e9sentant son projet d\u2019arc de l\u2019Ind\u00e9pendance<\/a><\/p>\n","protected":false},"excerpt":{"rendered":"SANS FILTRE &#8211; Karoline Leavitt, a provoqu\u00e9 un toll\u00e9 apr\u00e8s avoir affirm\u00e9, jeudi, sur Fox News que la&hellip;\n","protected":false},"author":2,"featured_media":470835,"comment_status":"","ping_status":"","sticky":false,"template":"","format":"standard","meta":{"footnotes":""},"categories":[1589],"tags":[11,51856,59458,75,73,1866,12445,3519,46741,12,1864,1865,1863,308],"class_list":{"0":"post-470834","1":"post","2":"type-post","3":"status-publish","4":"format-standard","5":"has-post-thumbnail","7":"category-etats-unis","8":"tag-actualites","9":"tag-charlie-kirk","10":"tag-democrat-party","11":"tag-donald-trump","12":"tag-etats-unis","13":"tag-etats-unis-damerique","14":"tag-fox-news","15":"tag-hamas","16":"tag-karoline-leavitt","17":"tag-news","18":"tag-united-states","19":"tag-united-states-of-america","20":"tag-us","21":"tag-usa"},"share_on_mastodon":{"url":"https:\/\/pubeurope.com\/@fr\/115391508282250106","error":""},"_links":{"self":[{"href":"https:\/\/www.europesays.com\/fr\/wp-json\/wp\/v2\/posts\/470834","targetHints":{"allow":["GET"]}}],"collection":[{"href":"https:\/\/www.europesays.com\/fr\/wp-json\/wp\/v2\/posts"}],"about":[{"href":"https:\/\/www.europesays.com\/fr\/wp-json\/wp\/v2\/types\/post"}],"author":[{"embeddable":true,"href":"https:\/\/www.europesays.com\/fr\/wp-json\/wp\/v2\/users\/2"}],"replies":[{"embeddable":true,"href":"https:\/\/www.europesays.com\/fr\/wp-json\/wp\/v2\/comments?post=470834"}],"version-history":[{"count":0,"href":"https:\/\/www.europesays.com\/fr\/wp-json\/wp\/v2\/posts\/470834\/revisions"}],"wp:featuredmedia":[{"embeddable":true,"href":"https:\/\/www.europesays.com\/fr\/wp-json\/wp\/v2\/media\/470835"}],"wp:attachment":[{"href":"https:\/\/www.europesays.com\/fr\/wp-json\/wp\/v2\/media?parent=470834"}],"wp:term":[{"taxonomy":"category","embeddable":true,"href":"https:\/\/www.europesays.com\/fr\/wp-json\/wp\/v2\/categories?post=470834"},{"taxonomy":"post_tag","embeddable":true,"href":"https:\/\/www.europesays.com\/fr\/wp-json\/wp\/v2\/tags?post=470834"}],"curies":[{"name":"wp","href":"https:\/\/api.w.org\/{rel}","templated":true}]}}