{"id":470836,"date":"2025-10-17T20:57:12","date_gmt":"2025-10-17T20:57:12","guid":{"rendered":"https:\/\/www.europesays.com\/fr\/470836\/"},"modified":"2025-10-17T20:57:12","modified_gmt":"2025-10-17T20:57:12","slug":"royaume-uni-le-prince-andrew-renonce-a-son-titre-royal-apres-plusieurs-scandales-actualites","status":"publish","type":"post","link":"https:\/\/www.europesays.com\/fr\/470836\/","title":{"rendered":"Royaume-Uni : le prince Andrew renonce \u00e0 son titre royal apr\u00e8s plusieurs scandales : Actualit\u00e9s"},"content":{"rendered":"<p class=\"lead \"><strong>Embarrass\u00e9 par l&rsquo;affaire Epstein, le prince Andrew a annonc\u00e9 vendredi 17 octobre son souhait de renoncer \u00e0 son titre royal, quelques jours avant la publication des m\u00e9moires posthumes de sa principale accusatrice.<\/strong><\/p>\n<p class=\"lead \">\u00ab\u00a0J&rsquo;ai d\u00e9cid\u00e9, comme je l&rsquo;ai toujours fait, de faire passer mon devoir envers ma famille et mon pays au premier plan.\u00a0\u00bb Dans un communiqu\u00e9 officiel, d\u00e9voil\u00e9 vendredi 17 octobre, le prince Andrew d&rsquo;Angleterre a annonc\u00e9 renoncer \u00e0 son titre royal. Il estime qu&rsquo;il doit d\u00e9sormais \u00ab\u00a0aller plus loin\u00a0\u00bb apr\u00e8s s&rsquo;\u00eatre d\u00e9j\u00e0 retir\u00e9 de la vie publique il y a cinq ans.<\/p>\n<p class=\"lead \">Le fr\u00e8re cadet de Charles III d\u00e9taille : \u00ab\u00a0Les accusations r\u00e9p\u00e9t\u00e9es me visant d\u00e9tournent l&rsquo;attention du travail de Sa Majest\u00e9 et de la famille royale.\u00a0\u00bb Il affirme ensuite \u00ab\u00a0nier vigoureusement\u00a0\u00bb les accusations qui le visent, alors qu&rsquo;on lui reproche sa proximit\u00e9 avec le d\u00e9linquant sexuel Jeffrey Epstein. Il est lui-m\u00eame la cible d&rsquo;accusations d&rsquo;agressions sexuelles sur mineure.<\/p>\n<p>                                                                                                Les m\u00e9moires posthumes de Virginia Giuffre attendus le 21 octobre<\/p>\n<p class=\"lead \">Cette annonce survient quelques jours avant la publication des m\u00e9moires de Virginia Giuffre, \u00ab\u00a0Nobody\u2019s Girl : A Memoir of Surviving Abuse and Fighting for Justice\u00a0\u00bb (soit \u00ab\u00a0La Fille de personne : un m\u00e9moire sur survivre \u00e0 l\u2019abus et le combat pour la justice\u00a0\u00bb), attendus le 21 octobre. Avant son d\u00e9c\u00e8s par suicide, le 25 avril dernier, elle \u00e9tait la principale accusatrice du fils d&rsquo;Elizabeth II.<\/p>\n<p class=\"lead \">Dans cet ouvrage posthume, elle revient, entre autres, sur sa rencontre avec Andrew, mais aussi sur les trois fois o\u00f9 ils auraient eu des relations sexuelles, alors qu&rsquo;elle n&rsquo;avait encore que 17 ans. Des rencontres organis\u00e9es par le couple form\u00e9 par Jeffrey Epstein et Ghislaine Maxwell, accus\u00e9s d&rsquo;exploitation sexuelle. Maxwell a \u00e9t\u00e9 condamn\u00e9e en 2022, Epstein est d\u00e9c\u00e9d\u00e9 avant son proc\u00e8s, en 2019.<\/p>\n<p class=\"lead \">En ce qui concerne le prince Andrew, il avait \u00e9vit\u00e9 un proc\u00e8s \u00e0 New York contre Virginia Giuffre en 2022. Il avait accept\u00e9 de payer une somme cons\u00e9quente \u00e0 la victime pr\u00e9sum\u00e9e, \u00e0 laquelle s&rsquo;ajoutait un don \u00e0 son association accompagnant les victimes. Les montants n&rsquo;ont pas \u00e9t\u00e9 r\u00e9v\u00e9l\u00e9s.<\/p>\n<p class=\"small font-weight-bold text-gray3 \"> publi\u00e9 le 17 octobre \u00e0 22h22, Shad De Bary, 6M\u00e9dias.<\/p>\n<p>                             Partager<\/p>\n","protected":false},"excerpt":{"rendered":"Embarrass\u00e9 par l&rsquo;affaire Epstein, le prince Andrew a annonc\u00e9 vendredi 17 octobre son souhait de renoncer \u00e0 son&hellip;\n","protected":false},"author":2,"featured_media":470837,"comment_status":"","ping_status":"","sticky":false,"template":"","format":"standard","meta":{"footnotes":""},"categories":[1588],"tags":[11,1777,674,12,473,1853,1851,1850,1852],"class_list":{"0":"post-470836","1":"post","2":"type-post","3":"status-publish","4":"format-standard","5":"has-post-thumbnail","7":"category-royaume-uni","8":"tag-actualites","9":"tag-eu","10":"tag-europe","11":"tag-news","12":"tag-royaume-uni","13":"tag-royaume-uni-de-grande-bretagne-et-dirlande-du-nord","14":"tag-uk","15":"tag-united-kingdom","16":"tag-united-kingdom-of-great-britain-and-northern-ireland"},"share_on_mastodon":{"url":"https:\/\/pubeurope.com\/@fr\/115391512241602846","error":""},"_links":{"self":[{"href":"https:\/\/www.europesays.com\/fr\/wp-json\/wp\/v2\/posts\/470836","targetHints":{"allow":["GET"]}}],"collection":[{"href":"https:\/\/www.europesays.com\/fr\/wp-json\/wp\/v2\/posts"}],"about":[{"href":"https:\/\/www.europesays.com\/fr\/wp-json\/wp\/v2\/types\/post"}],"author":[{"embeddable":true,"href":"https:\/\/www.europesays.com\/fr\/wp-json\/wp\/v2\/users\/2"}],"replies":[{"embeddable":true,"href":"https:\/\/www.europesays.com\/fr\/wp-json\/wp\/v2\/comments?post=470836"}],"version-history":[{"count":0,"href":"https:\/\/www.europesays.com\/fr\/wp-json\/wp\/v2\/posts\/470836\/revisions"}],"wp:featuredmedia":[{"embeddable":true,"href":"https:\/\/www.europesays.com\/fr\/wp-json\/wp\/v2\/media\/470837"}],"wp:attachment":[{"href":"https:\/\/www.europesays.com\/fr\/wp-json\/wp\/v2\/media?parent=470836"}],"wp:term":[{"taxonomy":"category","embeddable":true,"href":"https:\/\/www.europesays.com\/fr\/wp-json\/wp\/v2\/categories?post=470836"},{"taxonomy":"post_tag","embeddable":true,"href":"https:\/\/www.europesays.com\/fr\/wp-json\/wp\/v2\/tags?post=470836"}],"curies":[{"name":"wp","href":"https:\/\/api.w.org\/{rel}","templated":true}]}}