{"id":470838,"date":"2025-10-17T20:58:11","date_gmt":"2025-10-17T20:58:11","guid":{"rendered":"https:\/\/www.europesays.com\/fr\/470838\/"},"modified":"2025-10-17T20:58:11","modified_gmt":"2025-10-17T20:58:11","slug":"lallemagne-livre-tres-discretement-de-nouveaux-patrouilleurs-au-brunei","status":"publish","type":"post","link":"https:\/\/www.europesays.com\/fr\/470838\/","title":{"rendered":"L&rsquo;Allemagne livre tr\u00e8s discr\u00e8tement de nouveaux patrouilleurs au Brunei"},"content":{"rendered":"<p>C&rsquo;est dans le plus grand secret que les chantiers L\u00fcrssen de Lemwerder, en Allemagne, r\u00e9alisent deux s\u00e9ries de patrouilleurs pour le Brunei. La commande comprend quatre OPV longs de 80 m\u00e8tres et dot\u00e9s de 4 missiles Exocet MM40 et une pi\u00e8ce de 57mm. Ces navires disposent d&rsquo;un radar de veille combin\u00e9e Scanter (Terma), un radar de navigation et une conduite de tir (Sting). Les patrouilleurs disposent d&rsquo;une plateforme pour h\u00e9licopt\u00e8re (mais pas de hangar) et d&rsquo;un dispositif de mise \u00e0 l&rsquo;eau d&#8217;embarcations rapides par le tableau arri\u00e8re. Premier de cette s\u00e9rie, le Darussalam aurait \u00e9t\u00e9 mis \u00e0 flot en mars dernier et a \u00e9t\u00e9 vu cet \u00e9t\u00e9 lors d&rsquo;une sortie pour essais. Le second, nomm\u00e9 Darulehsan, a \u00e9t\u00e9 lanc\u00e9 le mois dernier. Il est actuellement en ach\u00e8vement \u00e0 quai.   <\/p>\n<p>Une fr\u00e9gate du type F2000  (\u00a9 : BAE SYSTEMS)    <\/p>\n<p>Ces quatre OPV vont remplacer les trois fr\u00e9gates du type F2000, command\u00e9es au groupe britannique BAE Systems mais non r\u00e9ceptionn\u00e9e par le Brunei, qui a finalement argu\u00e9 qu&rsquo;elles ne r\u00e9pondaient pas \u00e0 ses attentes. Assez complexes, ces b\u00e2timents de 95 m\u00e8tres et 2000 tonnes en charge, lanc\u00e9s en 2001 et 2002, peuvent mettre en oeuvre 8 missiles antinavire, un syst\u00e8me surface-air \u00e0 lancement vertical Sea Wolf, un canon de 76mm et 6 tubes lance-torpilles. BAE cherche \u00e0 les vendre \u00e0 un autre pays. Alors que l&rsquo;Alg\u00e9rie et les Emirats Arabes Unis semblent s&rsquo;\u00eatre int\u00e9ress\u00e9s \u00e0 ces fr\u00e9gates, c&rsquo;est peut \u00eatre le Bengladesh qui va emporter la mise. Ce pays a, en effet, r\u00e9cemment annonc\u00e9 qu&rsquo;il allait acqu\u00e9rir trois b\u00e2timents neufs aupr\u00e8s de la Grande-Bretagne.  <\/p>\n<p>Le patrouilleur Berkat  (\u00a9 : COLLECTION FLOTTES DE COMBAT)    <\/p>\n<p>Pour en revenir au Brunei, petit Etat p\u00e9trolier dirig\u00e9 par un sultant et situ\u00e9 sur l&rsquo;\u00eele de Born\u00e9o, une commande de quatre patrouilleurs de 41 m\u00e8tres a \u00e9galement \u00e9t\u00e9 sign\u00e9e avec L\u00fcrssen. Lanc\u00e9s en 2009, les deux premiers (Ijhtihad et Berkat), ont \u00e9t\u00e9 livr\u00e9s, les deux suivants (Syafaat et Afiat) \u00e9tant mis \u00e0 flot cette ann\u00e9e. Ces bateaux, disposant d&rsquo;un canon t\u00e9l\u00e9-op\u00e9r\u00e9 de 27mm, remplacent les trois patrouilleurs lance-missiles du type Waspada. Deux des ces bateaux ont fait l&rsquo;objet d&rsquo;un accord de cession \u00e0 l&rsquo;Indon\u00e9sie, ent\u00e9rin\u00e9 en mai dernier.   <\/p>\n","protected":false},"excerpt":{"rendered":"C&rsquo;est dans le plus grand secret que les chantiers L\u00fcrssen de Lemwerder, en Allemagne, r\u00e9alisent deux s\u00e9ries de&hellip;\n","protected":false},"author":2,"featured_media":470839,"comment_status":"","ping_status":"","sticky":false,"template":"","format":"standard","meta":{"footnotes":""},"categories":[1587],"tags":[11,672,1804,6130,6141,6131,6138,2380,6135,1805,554,1803,1777,6136,674,6139,1801,6134,3135,6128,567,6129,6127,12,6132,4838,6133,1802,6140,6137],"class_list":{"0":"post-470838","1":"post","2":"type-post","3":"status-publish","4":"format-standard","5":"has-post-thumbnail","7":"category-allemagne","8":"tag-actualites","9":"tag-allemagne","10":"tag-bundesrepublik-deutschland","11":"tag-chantiers","12":"tag-commando","13":"tag-construction-navale","14":"tag-costa","15":"tag-croisiere","16":"tag-dcns","17":"tag-de","18":"tag-defense","19":"tag-deutschland","20":"tag-eu","21":"tag-euronaval","22":"tag-europe","23":"tag-fremm","24":"tag-germany","25":"tag-interviews","26":"tag-littoral","27":"tag-marine","28":"tag-marine-nationale","29":"tag-maritime","30":"tag-mer","31":"tag-news","32":"tag-offshore","33":"tag-peche","34":"tag-reportages","35":"tag-republique-federale-dallemagne","36":"tag-sncm","37":"tag-stx"},"share_on_mastodon":{"url":"https:\/\/pubeurope.com\/@fr\/115391516208363424","error":""},"_links":{"self":[{"href":"https:\/\/www.europesays.com\/fr\/wp-json\/wp\/v2\/posts\/470838","targetHints":{"allow":["GET"]}}],"collection":[{"href":"https:\/\/www.europesays.com\/fr\/wp-json\/wp\/v2\/posts"}],"about":[{"href":"https:\/\/www.europesays.com\/fr\/wp-json\/wp\/v2\/types\/post"}],"author":[{"embeddable":true,"href":"https:\/\/www.europesays.com\/fr\/wp-json\/wp\/v2\/users\/2"}],"replies":[{"embeddable":true,"href":"https:\/\/www.europesays.com\/fr\/wp-json\/wp\/v2\/comments?post=470838"}],"version-history":[{"count":0,"href":"https:\/\/www.europesays.com\/fr\/wp-json\/wp\/v2\/posts\/470838\/revisions"}],"wp:featuredmedia":[{"embeddable":true,"href":"https:\/\/www.europesays.com\/fr\/wp-json\/wp\/v2\/media\/470839"}],"wp:attachment":[{"href":"https:\/\/www.europesays.com\/fr\/wp-json\/wp\/v2\/media?parent=470838"}],"wp:term":[{"taxonomy":"category","embeddable":true,"href":"https:\/\/www.europesays.com\/fr\/wp-json\/wp\/v2\/categories?post=470838"},{"taxonomy":"post_tag","embeddable":true,"href":"https:\/\/www.europesays.com\/fr\/wp-json\/wp\/v2\/tags?post=470838"}],"curies":[{"name":"wp","href":"https:\/\/api.w.org\/{rel}","templated":true}]}}