{"id":470842,"date":"2025-10-17T21:00:19","date_gmt":"2025-10-17T21:00:19","guid":{"rendered":"https:\/\/www.europesays.com\/fr\/470842\/"},"modified":"2025-10-17T21:00:19","modified_gmt":"2025-10-17T21:00:19","slug":"je-nai-pas-eu-de-larmes-nadine-jubillar-reagit-a-la-condamnation-de-son-fils-cedric-pour-le-meurtre-de-delphine-jubillar","status":"publish","type":"post","link":"https:\/\/www.europesays.com\/fr\/470842\/","title":{"rendered":"\u00ab\u00a0Je n&rsquo;ai pas eu de larmes\u00a0\u00bb : Nadine Jubillar r\u00e9agit \u00e0 la condamnation de son fils C\u00e9dric pour le meurtre de Delphine Jubillar"},"content":{"rendered":"<p>Trente ans. Tandis que <a href=\"https:\/\/www.voici.fr\/television\/cedric-jubillar-peut-il-etre-acquitte-mourad-battikh-l-avocat-de-la-famille-de-delphine-jubillar-repond-zaptv-812232\" rel=\"nofollow noopener\" target=\"_blank\">C\u00e9dric Jubillar aurait pu \u00eatre acquitt\u00e9<\/a>, il a finalement \u00e9t\u00e9 <strong>condamn\u00e9 \u00e0 la prison <\/strong>par les jur\u00e9s de la cour d&rsquo;assises du Tarn. Cette issue ne cl\u00f4ture pas totalement l&rsquo;affaire Jubillar. D&rsquo;abord, parce que les avocats du p\u00e8re de famille ont d\u00e9j\u00e0 annonc\u00e9 faire appel de la d\u00e9cision et qu&rsquo;<strong>un nouveau proc\u00e8s pourrait donc s&rsquo;ouvrir<\/strong> en 2026. Restent encore de nombreuses zones d&rsquo;ombre autour de la disparition de Delphine Jubillar, ainsi que l&#8217;emplacement de son corps\u2026<\/p>\n<p>Durant ces <strong>quatre semaines de proc\u00e8s<\/strong>, la m\u00e8re de C\u00e9dric Jubillar avait <a href=\"https:\/\/www.voici.fr\/television\/pour-mes-petits-enfants-la-mere-de-cedric-jubillar-a-decide-de-temoigner-pour-que-louis-et-elyah-les-enfants-de-delphine-aient-la-verite-zaptv-812870\" rel=\"nofollow noopener\" target=\"_blank\">accept\u00e9 de t\u00e9moigner pour ses petits-enfants Louis et Elyah<\/a>. Elle s&rsquo;est ainsi confi\u00e9e \u00e0 France 2 sur le changement de comportement de son fils peu apr\u00e8s la disparition de son \u00e9pouse. Nadine Jubillar s&rsquo;est aussi souvenue d&rsquo;une phrase gla\u00e7ante\u00a0: \u00ab\u00a0Elle m&rsquo;\u00e9nerve, <strong>je vais la tuer, je vais l&rsquo;enterrer,<\/strong> personne ne va la retrouver\u00a0\u00bb. Mais \u00e0 l&rsquo;\u00e9poque, cette maman n&rsquo;avait pas pris ces mots au s\u00e9rieux. Ce vendredi 17\u00a0octobre, c&rsquo;est depuis son domicile et entour\u00e9e de ses proches qu&rsquo;elle a appris la condamnation de son fils.<\/p>\n<p>Comment a r\u00e9agi Nadine Jubillar \u00e0 la condamnation \u00e0 30 ans de prison de C\u00e9dric Jubillar\u00a0?<\/p>\n<p>\u00ab\u00a0Je ne ressens rien. Je ne suis ni satisfaite, ni d\u00e9\u00e7ue, ni en col\u00e8re\u00a0\u00bb, explique-t-elle au <a href=\"https:\/\/www.leparisien.fr\/faits-divers\/proces-jubillar-cedric-ne-sest-pas-battu-pour-montrer-quil-etait-innocent-estime-sa-mere-17-10-2025-YHADBBYZUFFPXFIQDNVPUKHUSI.php\" rel=\"nofollow noopener\" target=\"_blank\">Parisien<\/a>. Le verdict des jur\u00e9s lui semble encore irr\u00e9el. \u00ab\u00a0\u00c0 c\u00f4t\u00e9 de moi, ma fille a pleur\u00e9 sous le coup de l\u2019\u00e9motion. Mais moi, je n\u2019ai pas eu de larmes. <strong>Je ne r\u00e9alise pas ce que cela signifie\u00a0: trente ans de prison<\/strong>. Trente ans. Cela reste encore assez abstrait\u00a0\u00bb, d\u00e9clare-t-elle. La reconstruction sera lente pour toute la famille. Ce soir, Nadine Jubillar n&rsquo;a encore que des suppositions sur ce qui aurait pu se produire.<\/p>\n<p>\u00ab\u00a0Il s\u2019est peut-\u00eatre relev\u00e9 ce soir-l\u00e0 pour demander des explications \u00e0 Delphine [&#8230;] Peut-\u00eatre lui a-t-elle dit qu&rsquo;elle avait rencontr\u00e9 quelqu&rsquo;un\u00a0\u00bb, d\u00e9clare-t-elle, <a href=\"https:\/\/www.voici.fr\/television\/proces-jubillar-comment-cedric-jubillar-a-t-il-reagi-en-decouvrant-lamant-de-delphine-pour-la-premiere-fois-lors-du-proces-zaptv-812805\" rel=\"nofollow noopener\" target=\"_blank\">au sujet de l&rsquo;amant de Delphine Jubillar<\/a>. Elle imagine ainsi le reste de la sc\u00e8ne. \u00ab\u00a0<strong>Il lui a mis une gifle ou un coup, d\u2019o\u00f9 la paire de lunettes cass\u00e9e<\/strong>. Et dans un deuxi\u00e8me temps, alors qu\u2019il \u00e9tait \u00e0 l\u2019ext\u00e9rieur de la maison, au niveau de la terrasse, la dispute a totalement d\u00e9g\u00e9n\u00e9r\u00e9\u2026 <strong>Mais il n\u2019y a que lui qui pourra un jour nous le dire, ou pas<\/strong>\u00ab\u00a0, regrette-t-elle.<\/p>\n<p>Nadine Jubillar ira-t-elle voir son fils C\u00e9dric Jubillar en prison\u00a0?<\/p>\n<p>Toujours dans son interview au Parisien, <strong>Nadine Jubillar d\u00e9clare ne pas avoir reconnu son fils :<\/strong> \u00ab\u00a0Je l\u2019ai vu sans r\u00e9action, impassible, imperturbable, sans \u00e9motion. Alors que je le connaissais spontan\u00e9 et volubile\u00a0\u00bb. Elle estime \u00e9galement que C\u00e9dric Jubillar s&rsquo;est \u00ab\u00a0d\u00e9fendu tellement mal\u00a0\u00bb au cours de son proc\u00e8s, car \u00ab\u00a0il n&rsquo;a rien dit et rien montr\u00e9\u00a0\u00bb\u2026<\/p>\n<p>M\u00eame si l&rsquo;accus\u00e9 a <a href=\"https:\/\/www.voici.fr\/faits-divers\/je-nai-absolument-rien-fait-a-delphine-cedric-jubillar-prend-une-derniere-fois-la-parole-avant-le-delibere-813356\" rel=\"nofollow noopener\" target=\"_blank\">affirm\u00e9 \u00e0 plusieurs reprises n&rsquo;avoir rien fait \u00e0 Delphine Jubillar<\/a>, sa m\u00e8re n&rsquo;a pas \u00e9t\u00e9 convaincue par sa plaidoirie. Aujourd&rsquo;hui, Nadine Jubillar explique ne \u00ab\u00a0<strong>pas avoir retrouv\u00e9 la force de lui \u00e9crire ou d\u2019aller le voir en prison<\/strong>\u00ab\u00a0. Un \u00ab\u00a0blocage psychologique\u00a0\u00bb sur lequel elle devra travailler. Alors, conna\u00eetra-t-on un jour les circonstances exactes de ce meurtre\u00a0? Pour Nadine Jubillar, \u00ab\u00a0C\u00e9dric n\u2019avouera jamais les faits\u00a0\u00bb, au moins jusqu&rsquo;au proc\u00e8s en appel.<\/p>\n","protected":false},"excerpt":{"rendered":"Trente ans. Tandis que C\u00e9dric Jubillar aurait pu \u00eatre acquitt\u00e9, il a finalement \u00e9t\u00e9 condamn\u00e9 \u00e0 la prison&hellip;\n","protected":false},"author":2,"featured_media":470843,"comment_status":"","ping_status":"","sticky":false,"template":"","format":"standard","meta":{"footnotes":""},"categories":[1586],"tags":[11,4073,59460,33031,1777,674,1779,118,1011,27,303,18,12,5927,25,1778,364],"class_list":{"0":"post-470842","1":"post","2":"type-post","3":"status-publish","4":"format-standard","5":"has-post-thumbnail","7":"category-europe","8":"tag-actualites","9":"tag-condamnation","10":"tag-cu00e9dric-jubillar","11":"tag-delphine-jubillar","12":"tag-eu","13":"tag-europe","14":"tag-european-union","15":"tag-faits-divers","16":"tag-fr","17":"tag-france","18":"tag-justice","19":"tag-mort","20":"tag-news","21":"tag-procu00e8s","22":"tag-republique-francaise","23":"tag-ue","24":"tag-union-europeenne"},"share_on_mastodon":{"url":"https:\/\/pubeurope.com\/@fr\/115391524057391491","error":""},"_links":{"self":[{"href":"https:\/\/www.europesays.com\/fr\/wp-json\/wp\/v2\/posts\/470842","targetHints":{"allow":["GET"]}}],"collection":[{"href":"https:\/\/www.europesays.com\/fr\/wp-json\/wp\/v2\/posts"}],"about":[{"href":"https:\/\/www.europesays.com\/fr\/wp-json\/wp\/v2\/types\/post"}],"author":[{"embeddable":true,"href":"https:\/\/www.europesays.com\/fr\/wp-json\/wp\/v2\/users\/2"}],"replies":[{"embeddable":true,"href":"https:\/\/www.europesays.com\/fr\/wp-json\/wp\/v2\/comments?post=470842"}],"version-history":[{"count":0,"href":"https:\/\/www.europesays.com\/fr\/wp-json\/wp\/v2\/posts\/470842\/revisions"}],"wp:featuredmedia":[{"embeddable":true,"href":"https:\/\/www.europesays.com\/fr\/wp-json\/wp\/v2\/media\/470843"}],"wp:attachment":[{"href":"https:\/\/www.europesays.com\/fr\/wp-json\/wp\/v2\/media?parent=470842"}],"wp:term":[{"taxonomy":"category","embeddable":true,"href":"https:\/\/www.europesays.com\/fr\/wp-json\/wp\/v2\/categories?post=470842"},{"taxonomy":"post_tag","embeddable":true,"href":"https:\/\/www.europesays.com\/fr\/wp-json\/wp\/v2\/tags?post=470842"}],"curies":[{"name":"wp","href":"https:\/\/api.w.org\/{rel}","templated":true}]}}