{"id":470849,"date":"2025-10-17T21:06:13","date_gmt":"2025-10-17T21:06:13","guid":{"rendered":"https:\/\/www.europesays.com\/fr\/470849\/"},"modified":"2025-10-17T21:06:13","modified_gmt":"2025-10-17T21:06:13","slug":"pro-d2-dans-une-rencontre-a-dix-essais-provence-rugby-prend-le-dessus-sur-nevers","status":"publish","type":"post","link":"https:\/\/www.europesays.com\/fr\/470849\/","title":{"rendered":"Pro D2 \u2013 Dans une rencontre \u00e0 dix essais, Provence Rugby prend le dessus sur Nevers"},"content":{"rendered":"<p>\n                Malgr\u00e9 l\u2019expulsion pr\u00e9coce du capitaine Teimana Harrison, Provence Rugby est parvenue \u00e0 se sortir du pi\u00e8ge de Nevers (39-33). Les Noirs, gr\u00e2ce \u00e0 ce nouveau succ\u00e8s, entre parmi les six premiers du championnat.\n            <\/p>\n<p>Provence Rugby comme Nevers \u00e9tait partie\u00a0en vacances avec la sensation du devoir accompli, avec deux victoires de rang juste avant la fin du premier bloc. L\u2019USON avait assur\u00e9 \u00e0 domicile face \u00e0 Biarritz et Soyaux Angoul\u00eame. Les Noirs avaient quant \u00e0 eux r\u00e9alis\u00e9 un exploit \u00e0 Grenoble, apr\u00e8s avoir valid\u00e9 un succ\u00e8s bonifi\u00e9 contre Dax.<\/p>\n<p>Qui pour la passe de trois, donc\u00a0? \u00c0 Maurice-David, <strong><a href=\"https:\/\/www.rugbyrama.fr\/resultats\/rugby\/pro-d2\/phase-reguliere\/rencontre\/55682\/provence-rugby-nevers\" target=\"_self\" rel=\"nofollow noopener\">les Aixois, r\u00e9duits en inf\u00e9riorit\u00e9 num\u00e9rique \u00e0 la suite de l\u2019expulsion d\u2019Harrison (19e), ont continu\u00e9\u00a0leur marche\u00a0en avant en venant\u00a0\u00e0 bout de\u00a0Nevers (39-33).<\/a><\/strong> Gr\u00e2ce \u00e0 ce succ\u00e8s, ils entrent dans les places qualificatives pour la phase finale (5e, 20 points) et passent notamment devant leurs adversaires du soir (6e, 20 points).<\/p>\n<p>Coville et Muntz ont r\u00e9gn\u00e9, Harrison a vu rouge<\/p>\n<p>En confiance et avec un nouveau maestro en la personne de l\u2019international fidjien Caleb Muntz, Provence Rugby a rapidement mis au supplice la d\u00e9fense adverse gr\u00e2ce \u00e0 des avants dominateurs et \u00e0 une belle vitesse d\u2019ex\u00e9cution dans les lancements de jeu.\u00a0\u00c0 la suite d\u2019une m\u00eal\u00e9e \u00e0 proximit\u00e9 de la touche, dans les 22 m\u00e8tres adverses, Coville a transmis le ballon \u00e0 Finau pour un point de fixation. Harrison a remis une couche \u00e0 proximit\u00e9 du ruck. Dans l\u2019avanc\u00e9e, Muntz a parfaitement fix\u00e9 avant d\u2019ouvrir le chemin de l\u2019en-but \u00e0\u00a0Vareiro (7-0, 7e).<\/p>\n<p>Quelques minutes plus tard, Teimana Harrison n\u2019a eu besoin de personne pour terminer un coup d\u2019envergure, o\u00f9 le huit de devant proven\u00e7al a fait parler sa f\u00e9rocit\u00e9. L\u2019Anglais a r\u00e9sist\u00e9 \u00e0 quatre adversaires pour filer en terre promise (14-0, 10e). La premi\u00e8re p\u00e9riode a connu deux gros coups d\u2019arr\u00eat avec la grave blessure de Wasserman (18e) et l\u2019expulsion de ce m\u00eame Harrison. Le capitaine de Provence Rugby a \u00e9t\u00e9 coupable d\u2019une charge avec le coude sur Tarel (19e), obligeant Benjamin Hernandez \u00e0 sortir le rouge.<\/p>\n<p>En sup\u00e9riorit\u00e9 num\u00e9rique, Nevers a trouv\u00e9 la faille avec deux mauls port\u00e9s. Ils ont \u00e9t\u00e9 conclus par\u00a0Coulibaly (14-7, 23e) et\u00a0Jules-Rosette (29-14, 40e+\u00a03). Dans cet interm\u00e8de, Provence Rugby a aussi marqu\u00e9 deux fois. \u00c0 chaque fois, Coville, tr\u00e8s en vue notamment\u00a0autour des rucks, a \u00e9t\u00e9 le dernier passeur. Dans un premier temps, il a r\u00e9alis\u00e9 une offrande pour Muntz en surprenant la d\u00e9fense avec une p\u00e9nalit\u00e9 vite jou\u00e9e (27e).\u00a0Romain Latterrade a aussi profit\u00e9 d\u2019une bonne id\u00e9e de son demi de m\u00eal\u00e9e, qui a attaqu\u00e9 un petit c\u00f4t\u00e9 d\u00e9garni (38e).<\/p>\n<p>Le finish de Nevers n\u2019a pas suffi<\/p>\n<p>En seconde p\u00e9riode, la rencontre\u00a0est tomb\u00e9e dans un faux rythme.\u00a0Vareiro est venu conclure une relance de 50 m\u00e8tres, durant laquelle les avants ont multipli\u00e9 les passes au contact (39-14, 49e). Le Portugais s\u2019est ainsi offert un doubl\u00e9.<\/p>\n<p>Mais, dans la derni\u00e8re demi-heure, les visiteurs ont mieux fini.\u00a0Bousquet a sonn\u00e9 la r\u00e9volte en profitant d\u2019une passe en-avant de Muntz. Le demi de m\u00eal\u00e9e a termin\u00e9 sa course soixante\u00a0m\u00e8tres plus loin pour une r\u00e9alisation en solitaire (36-19, 56e). \u00c0 l\u2019image de\u00a0Vareiro, Coulibaly, en force, a aussi inscrit un doubl\u00e9 (36-26, 74e).<\/p>\n<p>Dans une fin de match sous tension, Provence Rugby a pr\u00e9f\u00e9r\u00e9 assurer la victoire avec une p\u00e9nalit\u00e9 de\u00a0Salles (39-26, 75e). Ce fut le bon choix, car Tarel, apr\u00e8s la sir\u00e8ne, s\u2019est arrach\u00e9 en coin pour bonifier une diagonale au pied magnifique de Le Bourhis (39-33, 80e+\u00a02). Les Neversois sont tomb\u00e9s \u00e0 un seul point de r\u00e9colter un d\u00e9fensif.\u00a0Dans sept jours, Provence Rugby se rendra \u00e0 Oyonnax. Dans le m\u00eame temps, Nevers accueillera Aurillac.<\/p>\n","protected":false},"excerpt":{"rendered":"Malgr\u00e9 l\u2019expulsion pr\u00e9coce du capitaine Teimana Harrison, Provence Rugby est parvenue \u00e0 se sortir du pi\u00e8ge de Nevers&hellip;\n","protected":false},"author":2,"featured_media":470850,"comment_status":"","ping_status":"","sticky":false,"template":"","format":"standard","meta":{"footnotes":""},"categories":[1416],"tags":[1011,27,479,1468,60],"class_list":{"0":"post-470849","1":"post","2":"type-post","3":"status-publish","4":"format-standard","5":"has-post-thumbnail","7":"category-rugby","8":"tag-fr","9":"tag-france","10":"tag-rugby","11":"tag-rugby-football","12":"tag-sports"},"share_on_mastodon":{"url":"https:\/\/pubeurope.com\/@fr\/115391547608863584","error":""},"_links":{"self":[{"href":"https:\/\/www.europesays.com\/fr\/wp-json\/wp\/v2\/posts\/470849","targetHints":{"allow":["GET"]}}],"collection":[{"href":"https:\/\/www.europesays.com\/fr\/wp-json\/wp\/v2\/posts"}],"about":[{"href":"https:\/\/www.europesays.com\/fr\/wp-json\/wp\/v2\/types\/post"}],"author":[{"embeddable":true,"href":"https:\/\/www.europesays.com\/fr\/wp-json\/wp\/v2\/users\/2"}],"replies":[{"embeddable":true,"href":"https:\/\/www.europesays.com\/fr\/wp-json\/wp\/v2\/comments?post=470849"}],"version-history":[{"count":0,"href":"https:\/\/www.europesays.com\/fr\/wp-json\/wp\/v2\/posts\/470849\/revisions"}],"wp:featuredmedia":[{"embeddable":true,"href":"https:\/\/www.europesays.com\/fr\/wp-json\/wp\/v2\/media\/470850"}],"wp:attachment":[{"href":"https:\/\/www.europesays.com\/fr\/wp-json\/wp\/v2\/media?parent=470849"}],"wp:term":[{"taxonomy":"category","embeddable":true,"href":"https:\/\/www.europesays.com\/fr\/wp-json\/wp\/v2\/categories?post=470849"},{"taxonomy":"post_tag","embeddable":true,"href":"https:\/\/www.europesays.com\/fr\/wp-json\/wp\/v2\/tags?post=470849"}],"curies":[{"name":"wp","href":"https:\/\/api.w.org\/{rel}","templated":true}]}}