{"id":470851,"date":"2025-10-17T21:07:12","date_gmt":"2025-10-17T21:07:12","guid":{"rendered":"https:\/\/www.europesays.com\/fr\/470851\/"},"modified":"2025-10-17T21:07:12","modified_gmt":"2025-10-17T21:07:12","slug":"solide-inspire-et-toujours-en-course-pour-turin","status":"publish","type":"post","link":"https:\/\/www.europesays.com\/fr\/470851\/","title":{"rendered":"solide, inspir\u00e9 et toujours en course pour Turin"},"content":{"rendered":"<p>                <img decoding=\"async\" src=\"https:\/\/www.europesays.com\/fr\/wp-content\/uploads\/2025\/10\/e019.jpg\" fetchpriority=\"high\" alt=\"Auger-Aliassime rugit \u00e0 Bruxelles : solide, inspir\u00e9 et toujours en course pour Turin\"\/><\/p>\n<p>Apr\u00e8s une victoire convaincante face \u00e0 Eliot Spizzirri, le Canadien poursuit sa marche en avant. En demi-finales, il tentera de confirmer sa mont\u00e9e en puissance et de valider son incroyable retour dans la course au Masters.<\/p>\n<p>Direction les demi-finales \u00e0 Bruxelles pour F\u00e9lix Auger-Aliassime. Le Canadien, demi-finaliste du dernier US Open, est venu \u00e0 bout du qualifi\u00e9 Eliot Spizzirri en deux sets (6-2, 7-6), s\u2019appuyant sur une pl\u00e9iade de coups gagnants (29) pour seulement 8 fautes directes.<\/p>\n<p>Un match solide d\u2019Auger-Aliassime, qui affrontera Rapha\u00ebl Collignon ou Alejandro Davidovich Fokina pour une place en finale.<\/p>\n<p>Il garde ses espoirs de qualification pour Turin intacts, profitant de l\u2019\u00e9limination de Lorenzo Musetti dans ce m\u00eame tournoi pour revenir \u00e0 moins de 500 points de la 8e place \u00e0 la Race.<\/p>\n","protected":false},"excerpt":{"rendered":"Apr\u00e8s une victoire convaincante face \u00e0 Eliot Spizzirri, le Canadien poursuit sa marche en avant. En demi-finales, il&hellip;\n","protected":false},"author":2,"featured_media":470852,"comment_status":"","ping_status":"","sticky":false,"template":"","format":"standard","meta":{"footnotes":""},"categories":[1415],"tags":[1011,27,60,1467],"class_list":{"0":"post-470851","1":"post","2":"type-post","3":"status-publish","4":"format-standard","5":"has-post-thumbnail","7":"category-tennis","8":"tag-fr","9":"tag-france","10":"tag-sports","11":"tag-tennis"},"share_on_mastodon":{"url":"https:\/\/pubeurope.com\/@fr\/115391552062143415","error":""},"_links":{"self":[{"href":"https:\/\/www.europesays.com\/fr\/wp-json\/wp\/v2\/posts\/470851","targetHints":{"allow":["GET"]}}],"collection":[{"href":"https:\/\/www.europesays.com\/fr\/wp-json\/wp\/v2\/posts"}],"about":[{"href":"https:\/\/www.europesays.com\/fr\/wp-json\/wp\/v2\/types\/post"}],"author":[{"embeddable":true,"href":"https:\/\/www.europesays.com\/fr\/wp-json\/wp\/v2\/users\/2"}],"replies":[{"embeddable":true,"href":"https:\/\/www.europesays.com\/fr\/wp-json\/wp\/v2\/comments?post=470851"}],"version-history":[{"count":0,"href":"https:\/\/www.europesays.com\/fr\/wp-json\/wp\/v2\/posts\/470851\/revisions"}],"wp:featuredmedia":[{"embeddable":true,"href":"https:\/\/www.europesays.com\/fr\/wp-json\/wp\/v2\/media\/470852"}],"wp:attachment":[{"href":"https:\/\/www.europesays.com\/fr\/wp-json\/wp\/v2\/media?parent=470851"}],"wp:term":[{"taxonomy":"category","embeddable":true,"href":"https:\/\/www.europesays.com\/fr\/wp-json\/wp\/v2\/categories?post=470851"},{"taxonomy":"post_tag","embeddable":true,"href":"https:\/\/www.europesays.com\/fr\/wp-json\/wp\/v2\/tags?post=470851"}],"curies":[{"name":"wp","href":"https:\/\/api.w.org\/{rel}","templated":true}]}}