{"id":470853,"date":"2025-10-17T21:09:21","date_gmt":"2025-10-17T21:09:21","guid":{"rendered":"https:\/\/www.europesays.com\/fr\/470853\/"},"modified":"2025-10-17T21:09:21","modified_gmt":"2025-10-17T21:09:21","slug":"ducati-envisage-de-remplacer-marquez-par-bulega-a-portimao","status":"publish","type":"post","link":"https:\/\/www.europesays.com\/fr\/470853\/","title":{"rendered":"Ducati envisage de remplacer M\u00e1rquez par Bulega \u00e0 Portim\u00e3o"},"content":{"rendered":"<p>L&rsquo;absence de <a href=\"https:\/\/fr.motorsport.com\/driver\/marc-marquez\/92646\/\" target=\"_blank\" rel=\"noopener nofollow\">Marc M\u00e1rquez<\/a> pourrait permettre \u00e0 <a href=\"https:\/\/fr.motorsport.com\/driver\/nicolo-bulega\/291557\/\" target=\"_blank\" rel=\"noopener nofollow\">Nicol\u00f2 Bulega<\/a> de faire ses d\u00e9buts en MotoGP. Aucune date de retour n&rsquo;a \u00e9t\u00e9 fix\u00e9e pour l&rsquo;Espagnol \u00e0 ce stade, et il est remplac\u00e9 par <a href=\"https:\/\/fr.motorsport.com\/driver\/michele-pirro\/86845\/\" target=\"_blank\" rel=\"noopener nofollow\">Michele Pirro<\/a> ce week-end \u00e0 Phillip Island. Des rumeurs ont \u00e9voqu\u00e9 une apparition de Bulega et Ducati a confirm\u00e9 \u00e9tudier cette possibilit\u00e9.<\/p>\n<p>Pass\u00e9 par le Moto3 puis le Moto2, o\u00f9 il n&rsquo;a pas connu la victoire, Bulega a rejoint le WorldSSP en 2022, avec le soutien de Ducati, et a \u00e9t\u00e9 sacr\u00e9 l&rsquo;ann\u00e9e suivante. Ce titre en Supersport lui a valu une promotion dans l&rsquo;\u00e9quipe Ducati officielle en WorldSBK et il a pris la deuxi\u00e8me place du championnat derri\u00e8re <a href=\"https:\/\/fr.motorsport.com\/driver\/toprak-razgatlioglu\/178502\/\" target=\"_blank\" rel=\"noopener nofollow\">Toprak Razgatlioglu<\/a> d\u00e8s sa premi\u00e8re campagne \u00e0 cet \u00e9chelon.<\/p>\n<p>La saison 2025 du WorldSBK se conclut se week-end \u00e0 Jerez et Bulega reste le seul \u00e0 avoir une petite chance math\u00e9matique de priver Razgatlioglu d&rsquo;un troisi\u00e8me titre avant son passage en MotoGP. Il pourrait cependant lui griller la priorit\u00e9 en disputant une course dans ce championnat avant lui.<\/p>\n<p>Lire aussi :<\/p>\n<p>Au printemps, Ducati a nomm\u00e9 Nicol\u00f2 Bulega pilote d&rsquo;essais, aux c\u00f4t\u00e9s de Pirro. La volont\u00e9 du constructeur est\u00a0 notamment de s&rsquo;appuyer sur son exp\u00e9rience des pneus Pirelli, qui deviendra fournisseur du MotoGP en 2027, pour d\u00e9velopper sa nouvelle moto pendant la saison prochaine. Lui permettre de prendre un d\u00e9part \u00e0 Portim\u00e3o serait une exp\u00e9rience utile en vue de ce nouveau r\u00f4le.<\/p>\n<p>\u00ab\u00a0C&rsquo;est une possibilit\u00e9\u00a0\u00bb, a confirm\u00e9 Davide Tardozzi, team manager de l&rsquo;\u00e9quipe Ducati officielle, \u00e0 DAZN, qui diffuse le MotoGP en Espagne. \u00ab\u00a0Nicol\u00f2 est \u00e0 Jerez ce week-end, pour se battre pour le titre en WorldSBK, il ne faut pas le d\u00e9tourner de cet objectif. Ensuite, nous \u00e9tudierons la possibilit\u00e9 de lui faire faire ses d\u00e9buts en MotoGP \u00e0 Portim\u00e3o.\u00a0\u00bb<\/p>\n<p>Tardozzi a ajout\u00e9 que permettre \u00e0 Bulega de participer \u00e0 un test au pr\u00e9alable serait \u00ab\u00a0utile\u00a0\u00bb pour lui permettre de prendre de l&rsquo;exp\u00e9rience. La question sera \u00ab\u00a0\u00e9tudi\u00e9e apr\u00e8s le week-end de Jerez\u00a0\u00bb.<\/p>\n<p>Ce projet confirme qu&rsquo;il est tr\u00e8s peu probable de voir Marc M\u00e1rquez de retour \u00e0 Portim\u00e3o, comme l&rsquo;indiquait le m\u00e9decin du MotoGP, le Dr \u00c1ngel Charte, jeudi. Tardozzi semble plut\u00f4t viser une participation une semaine plus tard\u00a0: \u00ab\u00a0Nous aimerions qu&rsquo;il soit \u00e0 Valence, pour la derni\u00e8re course de la saison, mais il devra passer des examens avant de d\u00e9terminer si c&rsquo;est possible. S&rsquo;il peut rouler l\u00e0-bas, ce sera bien.\u00a0\u00bb<\/p>\n<p>Une participation \u00e0 Valence permettrait \u00e0 M\u00e1rquez de reprendre le rythme avant le test qui se tiendra deux jours apr\u00e8s la course, un moment important pour la pr\u00e9paration de la saison 2026. L&rsquo;Espagnol a en tout cas assur\u00e9 l&rsquo;essentiel en d\u00e9crochant le titre d\u00e8s Motegi.<\/p>\n<p style=\"text-align: right;\">Avec\u00a0Germ\u00e1n Garcia Casanova<\/p>\n<p>Lire aussi :<\/p>\n<p>            Votre avis nous int\u00e9resse !<\/p>\n<p class=\"mt-auto\">Qu&rsquo;aimeriez-vous voir sur Motorsport.com ?<\/p>\n<p>            <a href=\"#\" class=\"ms-link text-link font-bold\">R\u00e9pondez \u00e0 notre enqu\u00eate de 5 minutes.<\/a><\/p>\n<p class=\"mt-1 font-info text-body\">&#8211; L&rsquo;\u00e9quipe Motorsport.com<\/p>\n","protected":false},"excerpt":{"rendered":"L&rsquo;absence de Marc M\u00e1rquez pourrait permettre \u00e0 Nicol\u00f2 Bulega de faire ses d\u00e9buts en MotoGP. Aucune date de&hellip;\n","protected":false},"author":2,"featured_media":470854,"comment_status":"","ping_status":"","sticky":false,"template":"","format":"standard","meta":{"footnotes":""},"categories":[1413],"tags":[59461,4950,1011,27,12719,5038,1457,1456,1458,21081,59462,60,11034],"class_list":{"0":"post-470853","1":"post","2":"type-post","3":"status-publish","4":"format-standard","5":"has-post-thumbnail","7":"category-moto","8":"tag-ducati-envisage-de-remplacer-mu00e1rquez-par-bulega-u00e0-portimu00e3o","9":"tag-ducati-team","10":"tag-fr","11":"tag-france","12":"tag-gp-du-portugal","13":"tag-marc-mu00e1rquez","14":"tag-moto","15":"tag-motocycle","16":"tag-motogp","17":"tag-nicolu00f2-bulega","18":"tag-portimu00e3o","19":"tag-sports","20":"tag-worldsbk"},"share_on_mastodon":{"url":"https:\/\/pubeurope.com\/@fr\/115391559360778745","error":""},"_links":{"self":[{"href":"https:\/\/www.europesays.com\/fr\/wp-json\/wp\/v2\/posts\/470853","targetHints":{"allow":["GET"]}}],"collection":[{"href":"https:\/\/www.europesays.com\/fr\/wp-json\/wp\/v2\/posts"}],"about":[{"href":"https:\/\/www.europesays.com\/fr\/wp-json\/wp\/v2\/types\/post"}],"author":[{"embeddable":true,"href":"https:\/\/www.europesays.com\/fr\/wp-json\/wp\/v2\/users\/2"}],"replies":[{"embeddable":true,"href":"https:\/\/www.europesays.com\/fr\/wp-json\/wp\/v2\/comments?post=470853"}],"version-history":[{"count":0,"href":"https:\/\/www.europesays.com\/fr\/wp-json\/wp\/v2\/posts\/470853\/revisions"}],"wp:featuredmedia":[{"embeddable":true,"href":"https:\/\/www.europesays.com\/fr\/wp-json\/wp\/v2\/media\/470854"}],"wp:attachment":[{"href":"https:\/\/www.europesays.com\/fr\/wp-json\/wp\/v2\/media?parent=470853"}],"wp:term":[{"taxonomy":"category","embeddable":true,"href":"https:\/\/www.europesays.com\/fr\/wp-json\/wp\/v2\/categories?post=470853"},{"taxonomy":"post_tag","embeddable":true,"href":"https:\/\/www.europesays.com\/fr\/wp-json\/wp\/v2\/tags?post=470853"}],"curies":[{"name":"wp","href":"https:\/\/api.w.org\/{rel}","templated":true}]}}