{"id":470860,"date":"2025-10-17T21:13:11","date_gmt":"2025-10-17T21:13:11","guid":{"rendered":"https:\/\/www.europesays.com\/fr\/470860\/"},"modified":"2025-10-17T21:13:11","modified_gmt":"2025-10-17T21:13:11","slug":"nawell-madani-jai-failli-ne-pas-elle-craque-devant-son-public-apres-avoir-frappe-un-enfant","status":"publish","type":"post","link":"https:\/\/www.europesays.com\/fr\/470860\/","title":{"rendered":"Nawell Madani : \u00ab\u00a0j\u2019ai failli ne pas\u2026\u00a0\u00bb, elle craque devant son public apr\u00e8s avoir frapp\u00e9 un enfant"},"content":{"rendered":"<p data-start=\"295\" data-end=\"727\">Quelques jours apr\u00e8s avoir \u00e9t\u00e9<br \/>\nau c\u0153ur d\u2019une pol\u00e9mique, <a href=\"https:\/\/www.closermag.fr\/people\/nawell-madani-la-celebre-humoriste-se-rend-a-la-police-apres-avoir-violemment-frappe-un-enfant-en-plein-paris-3585203\" target=\"_blank\" rel=\"noopener\"><br \/>\nNawell Madani<\/a> a fait son retour sur sc\u00e8ne. Ce jeudi 16 octobre,<br \/>\nl\u2019humoriste se produisait au CEPAC Silo de Marseille dans le cadre<br \/>\nde sa tourn\u00e9e Tout court.<br \/>\nDevant pr\u00e8s de 2 000 spectateurs, la com\u00e9dienne de 45 ans, connue<br \/>\npour ses r\u00f4les dans Alibi.com (avec <a href=\"https:\/\/www.closermag.fr\/tv_tele_realite\/pas-torse-nu-mais-tarek-boudali-fait-danser-ses-pectoraux-anne-elisabeth-lemoine-rougit-3550169\" target=\"_blank\" rel=\"noopener\"><br \/>\nTarek Boudali<\/a> et <a href=\"https:\/\/www.closermag.fr\/people\/philippe-lacheau-et-elodie-fontan-le-couple-d-acteurs-a-t-il-des-enfants-1360333\" target=\"_blank\" rel=\"noopener\"><br \/>\nPhilippe Lacheau<\/a>) et <strong>la s\u00e9rie Netflix Jusqu\u2019ici tout va bien,<\/strong> s\u2019est<br \/>\nconfi\u00e9e avec \u00e9motion sur l\u2019affaire qui a boulevers\u00e9 son mois<br \/>\nd\u2019octobre.<\/p>\n<p data-start=\"729\" data-end=\"1096\">D\u00e9but octobre, Nawell Madani a<br \/>\n\u00e9t\u00e9 impliqu\u00e9e dans une altercation sur les Champs-\u00c9lys\u00e9es. Selon<br \/>\nLe Parisien, <strong>un<br \/>\ncoup port\u00e9 par cette derni\u00e8re aurait atteint un enfant de 6 ans au<br \/>\nthorax<\/strong>, entra\u00eenant une incapacit\u00e9 de travail de trois<br \/>\njours. L\u2019humoriste, convoqu\u00e9e pour une mesure alternative \u00e0 un<br \/>\nproc\u00e8s, s\u2019est adress\u00e9e directement \u00e0 son public pour la premi\u00e8re<br \/>\nfois depuis l\u2019incident.<\/p>\n<p>Nawell Madani \u00e9mue sur sc\u00e8ne<br \/>\n\u00e0 Marseille<\/p>\n<p data-start=\"1143\" data-end=\"1496\">Sur la sc\u00e8ne marseillaise,<br \/>\nNawell Madani n\u2019a pas cach\u00e9 sa fragilit\u00e9. Les spectateurs pr\u00e9sents<br \/>\nont \u00e9t\u00e9 t\u00e9moins d\u2019un moment rare, relay\u00e9 ensuite sur les r\u00e9seaux<br \/>\nsociaux. \u00ab\u00a0Quand j\u2019ai r\u00e9alis\u00e9<br \/>\ntout ce qui s\u2019est pass\u00e9 et quand j\u2019ai lu tout ce qui se disait sur<br \/>\nmoi, <strong>j\u2019ai failli ne pas venir \u00e0 mon propre<br \/>\nspectacle<\/strong>\u00ab\u00a0, a confi\u00e9 l\u2019humoriste, visiblement<br \/>\n\u00e9mue.<\/p>\n<p data-start=\"1498\" data-end=\"1922\">Face \u00e0 son public, elle a tenu<br \/>\n\u00e0 remercier ceux qui ont continu\u00e9 \u00e0 lui faire confiance malgr\u00e9 la<br \/>\ntemp\u00eate m\u00e9diatique : \u00ab\u00a0Vous<br \/>\nqui \u00eates l\u00e0 ce soir, vous \u00eates comme mes tr\u00e8s proches qui n\u2019ont pas<br \/>\ncru \u00e0 la version racont\u00e9e. Alors, je me suis dit qu\u2019il fallait que<br \/>\nje vienne. Le plus important, c\u2019est que le petit va bien. Et moi,<br \/>\n<strong>je suis tr\u00e8s heureuse de vous retrouver<\/strong>. Encore<br \/>\nplus que n\u2019importe quel soir, merci d\u2019\u00eatre l\u00e0.\u00a0\u00bb Des mots<br \/>\nsimples, mais charg\u00e9s d\u2019\u00e9motion, qui t\u00e9moignent du choc qu\u2019elle a<br \/>\nressenti depuis que l\u2019affaire a \u00e9clat\u00e9.<\/p>\n<blockquote class=\"embedly-card\" data-card-controls=\"1\" data-card-align=\"center\" data-card-theme=\"light\"><p>\n<a href=\"https:\/\/www.tiktok.com\/@funmusik01\/video\/7562056608985943318?q=nawell%20madani&amp;t=1760724126584\" target=\"_blank\" rel=\"noopener\"><br \/>\nTikTok &#8211; Make Your Day<\/a><\/p>\n<p>No Description<\/p>\n<\/blockquote>\n<p data-start=\"2042\" data-end=\"2109\">En commentaires, les<br \/>\ninternautes ne pardonnent pas : \u00ab\u00a0Heureusement que j&rsquo;ai annul\u00e9<br \/>\nmon billet, je r\u00eave\u00a0\u00bb, \u00ab\u00a0La voix en mode souffrance, vice&#8230;\u00a0\u00bb,<br \/>\n\u00ab\u00a0Nawell a du vice\u00a0\u00bb, \u00ab\u00a0On est cens\u00e9 pardonner ?\u00a0\u00bb, <strong>\u00ab\u00a0Ni pardon,<br \/>\nni oubli, 6 ans !!!\u00a0\u00bb,<\/strong> \u00ab\u00a0Il faut de tout pour faire un monde<br \/>\nmais l&rsquo;honneur, lui, devient rare\u00a0\u00bb ou encore \u00ab\u00a0Mais la<br \/>\nhonte, les gens qui y sont all\u00e9s\u00a0\u00bb, a-t-on pu lire.<\/p>\n<p>Une<br \/>\nconvocation judiciaire en vue d\u2019une \u201ccontribution citoyenne\u201d<\/p>\n<p data-start=\"2111\" data-end=\"2522\">Si Nawell Madani a souhait\u00e9<br \/>\napaiser les esprits, l\u2019affaire suit toujours son cours judiciaire.<br \/>\nLe parquet de Paris a indiqu\u00e9 le 10 octobre que l\u2019humoriste \u00e9tait<br \/>\nconvoqu\u00e9e devant un d\u00e9l\u00e9gu\u00e9 du procureur pour une mesure <a href=\"https:\/\/www.closermag.fr\/people\/nawell-madani-fixee-sur-son-sort-la-justice-a-deja-tranche-sur-la-peine-ecope-pour-avoir-frappe-un-enfant-de-six-ans-3585819\" target=\"_blank\" rel=\"noopener\"><br \/>\nalternative<\/a> \u00e0 un proc\u00e8s, dans le cadre d\u2019une \u201ccontribution<br \/>\ncitoyenne\u201d. Elle est vis\u00e9e pour \u201cviolences sur mineur de 15 ans<br \/>\nayant entra\u00een\u00e9 une incapacit\u00e9 de travail n\u2019exc\u00e9dant pas huit<br \/>\njours\u201d.<\/p>\n<p data-start=\"2524\" data-end=\"2871\">Selon Le Parisien, le p\u00e8re de l\u2019enfant, \u00e2g\u00e9 de 6<br \/>\nans, aurait racont\u00e9 que le gar\u00e7on, accompagn\u00e9 d\u2019adultes, voulait<br \/>\nsimplement prendre une photo avec l\u2019humoriste avant de recevoir<br \/>\n<strong>\u201cun \u00e9norme coup au thorax\u201d.<\/strong> L\u2019incident,<br \/>\nlargement comment\u00e9 en ligne, a profond\u00e9ment affect\u00e9 Nawell Madani,<br \/>\nqui s\u2019est elle-m\u00eame pr\u00e9sent\u00e9e \u00e0 la police apr\u00e8s les faits. Sur<br \/>\nsc\u00e8ne, elle a tenu \u00e0 rappeler que <a href=\"https:\/\/www.closermag.fr\/people\/nawell-madani-accusee-dagression-sur-un-enfant-que-sest-il-vraiment-passe-avec-le-petit-djulian-3585401\" target=\"_blank\" rel=\"noopener\"><br \/>\nle petit gar\u00e7on<\/a> allait bien. Mais difficile pour elle de<br \/>\ntourner la page. Sa confession \u00e0 Marseille, entre larmes et<br \/>\nreconnaissance, a marqu\u00e9 les esprits. Ce soir-l\u00e0, plus que jamais,<br \/>\nNawell Madani s\u2019est montr\u00e9e humaine.<\/p>\n<p><script async src=\"\/\/www.tiktok.com\/embed.js\"><\/script><\/p>\n","protected":false},"excerpt":{"rendered":"Quelques jours apr\u00e8s avoir \u00e9t\u00e9 au c\u0153ur d\u2019une pol\u00e9mique, Nawell Madani a fait son retour sur sc\u00e8ne. Ce&hellip;\n","protected":false},"author":2,"featured_media":470861,"comment_status":"","ping_status":"","sticky":false,"template":"","format":"standard","meta":{"footnotes":""},"categories":[1359],"tags":[58,59,1011,27,303,59463,973,1062],"class_list":{"0":"post-470860","1":"post","2":"type-post","3":"status-publish","4":"format-standard","5":"has-post-thumbnail","7":"category-people","8":"tag-divertissement","9":"tag-entertainment","10":"tag-fr","11":"tag-france","12":"tag-justice","13":"tag-nawell-madani","14":"tag-people","15":"tag-polemique"},"share_on_mastodon":{"url":"https:\/\/pubeurope.com\/@fr\/115391575142139826","error":""},"_links":{"self":[{"href":"https:\/\/www.europesays.com\/fr\/wp-json\/wp\/v2\/posts\/470860","targetHints":{"allow":["GET"]}}],"collection":[{"href":"https:\/\/www.europesays.com\/fr\/wp-json\/wp\/v2\/posts"}],"about":[{"href":"https:\/\/www.europesays.com\/fr\/wp-json\/wp\/v2\/types\/post"}],"author":[{"embeddable":true,"href":"https:\/\/www.europesays.com\/fr\/wp-json\/wp\/v2\/users\/2"}],"replies":[{"embeddable":true,"href":"https:\/\/www.europesays.com\/fr\/wp-json\/wp\/v2\/comments?post=470860"}],"version-history":[{"count":0,"href":"https:\/\/www.europesays.com\/fr\/wp-json\/wp\/v2\/posts\/470860\/revisions"}],"wp:featuredmedia":[{"embeddable":true,"href":"https:\/\/www.europesays.com\/fr\/wp-json\/wp\/v2\/media\/470861"}],"wp:attachment":[{"href":"https:\/\/www.europesays.com\/fr\/wp-json\/wp\/v2\/media?parent=470860"}],"wp:term":[{"taxonomy":"category","embeddable":true,"href":"https:\/\/www.europesays.com\/fr\/wp-json\/wp\/v2\/categories?post=470860"},{"taxonomy":"post_tag","embeddable":true,"href":"https:\/\/www.europesays.com\/fr\/wp-json\/wp\/v2\/tags?post=470860"}],"curies":[{"name":"wp","href":"https:\/\/api.w.org\/{rel}","templated":true}]}}