{"id":470864,"date":"2025-10-17T21:15:19","date_gmt":"2025-10-17T21:15:19","guid":{"rendered":"https:\/\/www.europesays.com\/fr\/470864\/"},"modified":"2025-10-17T21:15:19","modified_gmt":"2025-10-17T21:15:19","slug":"25-auteurs-et-illustrateurs-attendus-au-5e-salon-du-livre-regional","status":"publish","type":"post","link":"https:\/\/www.europesays.com\/fr\/470864\/","title":{"rendered":"25 auteurs et illustrateurs attendus au 5e\u00a0Salon du livre r\u00e9gional"},"content":{"rendered":"<p>Le Salon du livre r\u00e9gional fait son retour pour sa 5e \u00e9dition, dimanche 19\u00a0octobre, sous la halle du Lardin-Saint-Lazare, d\u00e8s 10\u00a0heures (1).<\/p>\n<p>Devenu un rendez-vous culturel incontournable, il est organis\u00e9 avec le soutien de Ha\u00a0! Ha\u00a0! Ha\u00a0! \u00c9ditions, en partenariat avec la mairie du Lardin, le Conseil d\u00e9partemental et l\u2019intercommunalit\u00e9 du Terrassonnais Haut P\u00e9rigord noir. Cet \u00e9v\u00e9nement doit rassembler 25\u00a0auteurs et illustrateurs venus de Dordogne, de Corr\u00e8ze, de Charente et de Gironde.<\/p>\n<p>\u00c9crivains, conteurs, humoristes et cr\u00e9ateurs jeunesse seront pr\u00e9sents tout au long de la journ\u00e9e pour \u00e9changer avec le public. Le Cercle philat\u00e9lique lardinois proposera \u00e9galement une exposition originale autour du timbre et du patrimoine postal.<\/p>\n<p>\u00ab\u00a0Passion\u00a0\u00bb et \u00ab\u00a0partage\u00a0\u00bb<\/p>\n<p>\u00ab\u00a0Ce salon est avant tout une histoire de passion et de partage\u00a0\u00bb, confie Patrick Fran\u00e7ois, auteur et coordinateur de la manifestation. \u00ab\u00a0Nous voulons offrir aux visiteurs un moment convivial, o\u00f9 l\u2019on peut discuter avec les auteurs, d\u00e9couvrir des univers vari\u00e9s et parfois m\u00eame inattendus.\u00a0\u00bb<\/p>\n<p>Le salon se veut accessible et ouvert \u00e0 tous\u00a0: aucun droit d\u2019entr\u00e9e, aucune commission sur les ventes. \u00ab\u00a0L\u2019objectif, ajoute Patrick Fran\u00e7ois, c\u2019est de mettre les auteurs dans les meilleures conditions et de privil\u00e9gier la rencontre humaine.\u00a0\u00bb<\/p>\n<p>Parmi les participants annonc\u00e9s\u00a0: Michel Loiseau, Marc Balland, Daniel Guiraud des \u00c9ditions de La\u00a0Linotte, ou encore le docteur Patrice Landry, qui \u00e9voquera la sant\u00e9 mentale et le Covid-19. \u00ab\u00a0Notre salon est volontairement \u00e9clectique\u00a0: litt\u00e9rature, humour, jeunesse, illustration\u2026 Il y en a pour tous les go\u00fbts.\u00a0\u00bb Et Patrick Fran\u00e7ois de conclure\u00a0: \u00ab\u00a0Ce que je souhaite, c\u2019est que chacun reparte avec l\u2019envie de lire. Le livre reste un lien essentiel entre les gens, et c\u2019est ce que nous voulons c\u00e9l\u00e9brer.\u00a0\u00bb<\/p>\n<p>(1) Horaires\u00a0: de 10 \u00e0 12\u00a0heures, puis de 14 \u00e0 18\u00a0heures. L\u2019inauguration aura lieu \u00e0 11\u00a0h\u00a030.<\/p>\n","protected":false},"excerpt":{"rendered":"Le Salon du livre r\u00e9gional fait son retour pour sa 5e \u00e9dition, dimanche 19\u00a0octobre, sous la halle du&hellip;\n","protected":false},"author":2,"featured_media":470865,"comment_status":"","ping_status":"","sticky":false,"template":"","format":"standard","meta":{"footnotes":""},"categories":[1357],"tags":[1379,58,59,1011,27,1380],"class_list":{"0":"post-470864","1":"post","2":"type-post","3":"status-publish","4":"format-standard","5":"has-post-thumbnail","7":"category-livres","8":"tag-books","9":"tag-divertissement","10":"tag-entertainment","11":"tag-fr","12":"tag-france","13":"tag-livres"},"share_on_mastodon":{"url":"https:\/\/pubeurope.com\/@fr\/115391583013518479","error":""},"_links":{"self":[{"href":"https:\/\/www.europesays.com\/fr\/wp-json\/wp\/v2\/posts\/470864","targetHints":{"allow":["GET"]}}],"collection":[{"href":"https:\/\/www.europesays.com\/fr\/wp-json\/wp\/v2\/posts"}],"about":[{"href":"https:\/\/www.europesays.com\/fr\/wp-json\/wp\/v2\/types\/post"}],"author":[{"embeddable":true,"href":"https:\/\/www.europesays.com\/fr\/wp-json\/wp\/v2\/users\/2"}],"replies":[{"embeddable":true,"href":"https:\/\/www.europesays.com\/fr\/wp-json\/wp\/v2\/comments?post=470864"}],"version-history":[{"count":0,"href":"https:\/\/www.europesays.com\/fr\/wp-json\/wp\/v2\/posts\/470864\/revisions"}],"wp:featuredmedia":[{"embeddable":true,"href":"https:\/\/www.europesays.com\/fr\/wp-json\/wp\/v2\/media\/470865"}],"wp:attachment":[{"href":"https:\/\/www.europesays.com\/fr\/wp-json\/wp\/v2\/media?parent=470864"}],"wp:term":[{"taxonomy":"category","embeddable":true,"href":"https:\/\/www.europesays.com\/fr\/wp-json\/wp\/v2\/categories?post=470864"},{"taxonomy":"post_tag","embeddable":true,"href":"https:\/\/www.europesays.com\/fr\/wp-json\/wp\/v2\/tags?post=470864"}],"curies":[{"name":"wp","href":"https:\/\/api.w.org\/{rel}","templated":true}]}}