{"id":470866,"date":"2025-10-17T21:16:27","date_gmt":"2025-10-17T21:16:27","guid":{"rendered":"https:\/\/www.europesays.com\/fr\/470866\/"},"modified":"2025-10-17T21:16:27","modified_gmt":"2025-10-17T21:16:27","slug":"pourquoi-faire-complique-episode-1-francois-lenglet-recoit-bruno-le-maire","status":"publish","type":"post","link":"https:\/\/www.europesays.com\/fr\/470866\/","title":{"rendered":"\u00ab\u00a0Pourquoi faire compliqu\u00e9 ?\u00a0\u00bb, \u00e9pisode 1 : Fran\u00e7ois Lenglet re\u00e7oit Bruno Le Maire"},"content":{"rendered":"<ul class=\"jsx-862013697 ArticleChapo__List\">\n<li class=\"jsx-862013697 ArticleChapo__List_Item flex\">Dans le premier \u00e9pisode de \u00ab\u00a0Pourquoi faire compliqu\u00e9 ?\u00a0\u00bb, Fran\u00e7ois Lenglet re\u00e7oit Bruno Le Maire.<\/li>\n<li class=\"jsx-862013697 ArticleChapo__List_Item flex\">L&rsquo;ancien ministre de l&rsquo;\u00c9conomie, et \u00e9ph\u00e9m\u00e8re ministre des Arm\u00e9es du gouvernement Lecornu I, se pr\u00eate au jeu des confidences pour mieux comprendre la crise \u2013 politique et \u00e9conomique \u2013 que le pays traverse.<\/li>\n<li class=\"jsx-862013697 ArticleChapo__List_Item flex\">\u00ab\u00a0Pourquoi faire compliqu\u00e9 ?\u00a0\u00bb est disponible sur toutes les plateformes de podcasts et sur TF1+, TF1info et notre page YouTube.<\/li>\n<\/ul>\n<p data-module=\"article-paragraph\" class=\"jsx-3046738180 Paragraph Paragraph__End\">Sa nomination dans le gouvernement Lecornu I a ulc\u00e9r\u00e9 la droite. Mais avant d&rsquo;\u00eatre l&rsquo;\u00e9ph\u00e9m\u00e8re ministre des Arm\u00e9es, Bruno Le Maire a pass\u00e9 sept ann\u00e9es au sein de l&rsquo;ex\u00e9cutif. \u00c0 Bercy, depuis le pont du \u00ab\u00a0Paquebot\u00a0\u00bb &#8211; le surnom du minist\u00e8re des Finances -, il a \u00e9t\u00e9 un acteur essentiel de la politique \u00e9conomique mise en place depuis 2017. Ce qui fait de Bruno Le Maire un interlocuteur privil\u00e9gi\u00e9 pour le premier \u00e9pisode du podcast vid\u00e9o de Fran\u00e7ois Lenglet, intitul\u00e9 Pourquoi faire compliqu\u00e9 ? et qui s&rsquo;int\u00e9resse aux causes profondes et imperceptibles de la crise actuelle.\u00a0\u00a0<\/p>\n<p data-module=\"article-paragraph\" class=\"jsx-3046738180 Paragraph Paragraph__End\"><strong>\ud83c\udfa7<\/strong><strong> Pourquoi faire compliqu\u00e9 ? <\/strong><strong>par Fran\u00e7ois Lenglet, l\u2019\u00e9pisode 1 est accessible d\u00e8s aujourd\u2019hui en <\/strong><a href=\"https:\/\/www.tf1.fr\/lci\/podcast-francois-lenglet-pourquoi-faire-complique\" target=\"_blank\" rel=\"noopener\"><strong>vid\u00e9o sur TF1+<\/strong> (nouvelle fen\u00eatre)<\/a><strong>, <\/strong><a href=\"https:\/\/youtu.be\/kpYOM0CfyPw\" target=\"_blank\" rel=\"nofollow noopener\"><strong>YouTube <\/strong> (nouvelle fen\u00eatre)<\/a><strong>et TF1info (en t\u00eate de cet article) ainsi que sur<\/strong><a href=\"https:\/\/smartlinks.audiomeans.fr\/l\/pourquoi-faire-complique-1613b34f\" target=\"_blank\" rel=\"nofollow noopener\"><strong> toutes les plateformes habituelles<\/strong> (nouvelle fen\u00eatre)<\/a><strong> (Apple podcast, Spotify, Amazon Music&#8230;)<\/strong><\/p>\n<p data-module=\"article-paragraph\" class=\"jsx-3046738180 Paragraph Paragraph__End\">Quelle est la responsabilit\u00e9 de Bruno Le Maire dans les 1000 milliards de dettes qui plombent l&rsquo;\u00e9conomie fran\u00e7aise ? Comment a-t-il r\u00e9agi au moment d&rsquo;\u00eatre nomm\u00e9 dans le gouvernement de S\u00e9bastien Lecornu et qu&rsquo;a-t-il pens\u00e9 de l&rsquo;agacement d&rsquo;une partie des LR quant \u00e0 cette pr\u00e9sence ? Ce sont une partie des questions pos\u00e9es et des r\u00e9ponses obtenues par l&rsquo;h\u00f4te du premier \u00e9pisode de Pourquoi c&rsquo;est compliqu\u00e9 ?<\/p>\n<p>La r\u00e9daction de TF1info<\/p>\n","protected":false},"excerpt":{"rendered":"Dans le premier \u00e9pisode de \u00ab\u00a0Pourquoi faire compliqu\u00e9 ?\u00a0\u00bb, Fran\u00e7ois Lenglet re\u00e7oit Bruno Le Maire. L&rsquo;ancien ministre de&hellip;\n","protected":false},"author":2,"featured_media":470867,"comment_status":"","ping_status":"","sticky":false,"template":"","format":"standard","meta":{"footnotes":""},"categories":[1356],"tags":[59465,1111,11,1921,11946,58,59,1011,27,1922,252,1364,133,4530],"class_list":{"0":"post-470866","1":"post","2":"type-post","3":"status-publish","4":"format-standard","5":"has-post-thumbnail","7":"category-television","8":"tag-pourquoi-faire-complique-le-podcast-video-de-francois-lenglet","9":"tag-actu","10":"tag-actualites","11":"tag-article-video","12":"tag-bruno-le-maire","13":"tag-divertissement","14":"tag-entertainment","15":"tag-fr","16":"tag-france","17":"tag-info","18":"tag-television","19":"tag-tv","20":"tag-video","21":"tag-video-politique"},"share_on_mastodon":{"url":"https:\/\/pubeurope.com\/@fr\/115391586945387057","error":""},"_links":{"self":[{"href":"https:\/\/www.europesays.com\/fr\/wp-json\/wp\/v2\/posts\/470866","targetHints":{"allow":["GET"]}}],"collection":[{"href":"https:\/\/www.europesays.com\/fr\/wp-json\/wp\/v2\/posts"}],"about":[{"href":"https:\/\/www.europesays.com\/fr\/wp-json\/wp\/v2\/types\/post"}],"author":[{"embeddable":true,"href":"https:\/\/www.europesays.com\/fr\/wp-json\/wp\/v2\/users\/2"}],"replies":[{"embeddable":true,"href":"https:\/\/www.europesays.com\/fr\/wp-json\/wp\/v2\/comments?post=470866"}],"version-history":[{"count":0,"href":"https:\/\/www.europesays.com\/fr\/wp-json\/wp\/v2\/posts\/470866\/revisions"}],"wp:featuredmedia":[{"embeddable":true,"href":"https:\/\/www.europesays.com\/fr\/wp-json\/wp\/v2\/media\/470867"}],"wp:attachment":[{"href":"https:\/\/www.europesays.com\/fr\/wp-json\/wp\/v2\/media?parent=470866"}],"wp:term":[{"taxonomy":"category","embeddable":true,"href":"https:\/\/www.europesays.com\/fr\/wp-json\/wp\/v2\/categories?post=470866"},{"taxonomy":"post_tag","embeddable":true,"href":"https:\/\/www.europesays.com\/fr\/wp-json\/wp\/v2\/tags?post=470866"}],"curies":[{"name":"wp","href":"https:\/\/api.w.org\/{rel}","templated":true}]}}