{"id":470868,"date":"2025-10-17T21:17:17","date_gmt":"2025-10-17T21:17:17","guid":{"rendered":"https:\/\/www.europesays.com\/fr\/470868\/"},"modified":"2025-10-17T21:17:17","modified_gmt":"2025-10-17T21:17:17","slug":"le-chanteur-britannique-sam-fender-remporte-le-prestigieux-mercury-prize-2025","status":"publish","type":"post","link":"https:\/\/www.europesays.com\/fr\/470868\/","title":{"rendered":"Le chanteur britannique Sam\u00a0Fender remporte le prestigieux Mercury\u00a0Prize\u00a02025"},"content":{"rendered":"\n<p class=\"c-chapo \">\n  Douze artistes \u00e9taient nomm\u00e9s pour le prix qui r\u00e9compense le meilleur album britannique ou irlandais des douze\u00a0derniers\u00a0mois.\n<\/p>\n<p>      lire plus tard<\/p>\n<p id=\"dialog__title\" class=\"dialog__title\">Pour sauvegarder cet article, connectez-vous ou cr\u00e9ez un compte franceinfo<\/p>\n<p class=\"dialog__description\">Sans paiement. Sans abonnement.<\/p>\n<p>        Fermer la fen\u00eatre d\u2019activation des notifications France Info<\/p>\n<p>      cr\u00e9er votre compte<\/p>\n<p>      se connecter<\/p>\n<p>        Fermer la fen\u00eatre de pr\u00e9sentation<\/p>\n<p>    <img loading=\"lazy\" decoding=\"async\" class=\"signature__image lazyload\" width=\"100\" height=\"100\" data- alt=\"\" src=\"https:\/\/www.europesays.com\/fr\/wp-content\/uploads\/2025\/05\/64abd44855ee1_placeholder-36b69ec8.png\"\/><\/p>\n<p>          France T\u00e9l\u00e9visions &#8211; R\u00e9daction Culture<\/p>\n<p>    Publi\u00e9 le 17\/10\/2025 16:36<\/p>\n<p>      Mis \u00e0 jour le 17\/10\/2025 16:40<\/p>\n<p>        Temps de lecture : 2min<\/p>\n<p>    <img decoding=\"async\"  alt=\"Le chanteur Sam Fender sur sc\u00e8ne lors du festival Coachella, le 12\u00a0avril\u00a02025, \u00e0 Indio, en Californie. (EMMA MCINTYRE\u00a0\/\u00a0GETTY IMAGES NORTH AMERICA\u00a0\/\u00a0AFP)\" width=\"432\" height=\"243\" src=\"https:\/\/www.europesays.com\/fr\/wp-content\/uploads\/2025\/10\/063-2209988375-68f24345ad5c3080201498.jpg\" fetchpriority=\"high\"\/><\/p>\n<p>      Le chanteur Sam Fender sur sc\u00e8ne lors du festival Coachella, le 12\u00a0avril\u00a02025, \u00e0 Indio, en Californie. (EMMA MCINTYRE\u00a0\/\u00a0GETTY IMAGES NORTH AMERICA\u00a0\/\u00a0AFP)<\/p>\n<p>Le chanteur de rock Sam Fender a remport\u00e9, jeudi\u00a016\u00a0octobre, le prestigieux Mercury\u00a0Prize britannique avec son album People Watching, lors d&rsquo;une c\u00e9r\u00e9monie organis\u00e9e pour la premi\u00e8re fois hors de Londres. Le troisi\u00e8me album de Sam Fender est \u00ab\u00a0un classique, un album qui occupera une place de choix dans les discographies pour les ann\u00e9es \u00e0 venir\u00a0\u00bb, ont salu\u00e9 les membres du jury.<\/p>\n<p>Le public rassembl\u00e9 \u00e0 l&rsquo;Utilita Arena de Newcastle, dans le nord-est de l&rsquo;Angleterre, a \u00e9clat\u00e9 de joie lorsque l&rsquo;auteur-compositeur-interpr\u00e8te anglais de 31\u00a0ans a re\u00e7u le prix. <a href=\"https:\/\/www.franceinfo.fr\/economie\/emploi\/metiers\/art-culture-edition\/video-le-chanteur-sam-fender-raconte-l-histoire-derriere-sa-chanson-dead-boys_3612659.html\" data-tooltip-url=\"https:\/\/www.franceinfo.fr\/economie\/emploi\/metiers\/art-culture-edition\/video-le-chanteur-sam-fender-raconte-l-histoire-derriere-sa-chanson-dead-boys_3612659.html\" rel=\"nofollow noopener\" target=\"_blank\">Sam Fender<\/a>, d\u00e9j\u00e0 nomm\u00e9 en 2022 pour un Mercury\u00a0Prize, a d\u00e9di\u00e9 ce prix \u00e0 son amie et mentor, l&rsquo;actrice britannique Annie Orwin, pour laquelle il a \u00e9crit la chanson People\u00a0Watching apr\u00e8s sa mort.<\/p>\n<\/p>\n<p>Douze artistes \u00e9taient nomm\u00e9s pour le prix\u00a02025, qui r\u00e9compense le meilleur album britannique ou irlandais des douze\u00a0derniers mois. La grande favorite \u00e9tait la chanteuse irlandaise CMAT, nomm\u00e9e aux c\u00f4t\u00e9s de la jeune artiste PinkPantheress et de Pulp.<\/p>\n<p>CMAT, 29\u00a0ans, de son vrai nom Ciara Mary-Alice Thompson, \u00e9tait pr\u00e9sente \u00e0 la c\u00e9r\u00e9monie de jeudi, mais n&rsquo;a pas chant\u00e9, r\u00e9cemment soign\u00e9e pour une dent de sagesse infect\u00e9e qui l&rsquo;a contrainte \u00e0 annuler des dates de tourn\u00e9e. Elle \u00e9tait nomm\u00e9e pour son troisi\u00e8me album, Euro-Country, aux paroles en langue irlandaise teint\u00e9es d&rsquo;ironie.<\/p>\n<p>Nomm\u00e9e aux c\u00f4t\u00e9s de ses compatriotes du groupe rock Fontaines\u00a0DC, CMAT a d\u00e9clar\u00e9 jeudi que le r\u00e9cent succ\u00e8s musical de l&rsquo;Irlande \u00e9tait d\u00fb \u00e0 une \u00ab\u00a0g\u00e9n\u00e9ration de personnes traumatis\u00e9es\u00a0\u00bb. \u00ab\u00a0De nombreux artistes, issus d&rsquo;un tr\u00e8s petit pays, peu dens\u00e9ment peupl\u00e9, produisent une musique qui semble importante et non triviale\u00a0\u00bb, a-t-elle soulign\u00e9.<\/p>\n<p>Ic\u00f4ne de l&rsquo;indie-pop britannique, Pulp, men\u00e9 par son charismatique leader <a href=\"https:\/\/www.franceinfo.fr\/culture\/musique\/pop\/jarv-is-nouveau-projet-et-nouvel-ecrin-pour-jarvis-cocker_4065437.html\" data-tooltip-url=\"https:\/\/www.franceinfo.fr\/culture\/musique\/pop\/jarv-is-nouveau-projet-et-nouvel-ecrin-pour-jarvis-cocker_4065437.html\" rel=\"nofollow noopener\" target=\"_blank\">Jarvis Cocker<\/a>, a sorti cette ann\u00e9e son premier album en vingt-quatre\u00a0ans, intitul\u00e9 More. Ancien laur\u00e9at des Mercury\u00a0Awards, Pulp \u00e9tait \u00e0 l&rsquo;avant-garde du mouvement Britpop des ann\u00e9es\u00a01990, avec des tubes comme Common People et Disco\u00a02000. <\/p>\n<\/p>\n<p>Le nouvel album, enregistr\u00e9 en seulement trois semaines, est d\u00e9di\u00e9 \u00e0 l&rsquo;ancien bassiste du groupe, <a href=\"https:\/\/www.franceinfo.fr\/culture\/musique\/le-musicien-steve-mackey-qui-fut-le-bassiste-du-groupe-pulp-est-mort-a-56-ans_5688983.html\" data-tooltip-url=\"https:\/\/www.franceinfo.fr\/culture\/musique\/le-musicien-steve-mackey-qui-fut-le-bassiste-du-groupe-pulp-est-mort-a-56-ans_5688983.html\" rel=\"nofollow noopener\" target=\"_blank\">Steve Mackey, d\u00e9c\u00e9d\u00e9 en mars\u00a02023, \u00e0 56\u00a0ans<\/a>. Parmi les pr\u00e9c\u00e9dents laur\u00e9ats du Mercury\u00a0Prize, cr\u00e9\u00e9 en 1992 pour rivaliser avec les Brit\u00a0Awards, on compte PJ\u00a0Harvey, Arctic Monkeys ou encore <a href=\"https:\/\/www.franceinfo.fr\/culture\/musique\/rock\/franz-ferdinand-se-lache-sur-le-dancefloor-avec-l-album-always-ascending_3277569.html\" data-tooltip-url=\"https:\/\/www.franceinfo.fr\/culture\/musique\/rock\/franz-ferdinand-se-lache-sur-le-dancefloor-avec-l-album-always-ascending_3277569.html\" rel=\"nofollow noopener\" target=\"_blank\">Franz\u00a0Ferdinand<\/a>.<\/p>\n","protected":false},"excerpt":{"rendered":"Douze artistes \u00e9taient nomm\u00e9s pour le prix qui r\u00e9compense le meilleur album britannique ou irlandais des douze\u00a0derniers\u00a0mois. lire&hellip;\n","protected":false},"author":2,"featured_media":470869,"comment_status":"","ping_status":"","sticky":false,"template":"","format":"standard","meta":{"footnotes":""},"categories":[1355],"tags":[58,59,1011,27,1361,873],"class_list":{"0":"post-470868","1":"post","2":"type-post","3":"status-publish","4":"format-standard","5":"has-post-thumbnail","7":"category-musique","8":"tag-divertissement","9":"tag-entertainment","10":"tag-fr","11":"tag-france","12":"tag-music","13":"tag-musique"},"share_on_mastodon":{"url":"https:\/\/pubeurope.com\/@fr\/115391591600178956","error":""},"_links":{"self":[{"href":"https:\/\/www.europesays.com\/fr\/wp-json\/wp\/v2\/posts\/470868","targetHints":{"allow":["GET"]}}],"collection":[{"href":"https:\/\/www.europesays.com\/fr\/wp-json\/wp\/v2\/posts"}],"about":[{"href":"https:\/\/www.europesays.com\/fr\/wp-json\/wp\/v2\/types\/post"}],"author":[{"embeddable":true,"href":"https:\/\/www.europesays.com\/fr\/wp-json\/wp\/v2\/users\/2"}],"replies":[{"embeddable":true,"href":"https:\/\/www.europesays.com\/fr\/wp-json\/wp\/v2\/comments?post=470868"}],"version-history":[{"count":0,"href":"https:\/\/www.europesays.com\/fr\/wp-json\/wp\/v2\/posts\/470868\/revisions"}],"wp:featuredmedia":[{"embeddable":true,"href":"https:\/\/www.europesays.com\/fr\/wp-json\/wp\/v2\/media\/470869"}],"wp:attachment":[{"href":"https:\/\/www.europesays.com\/fr\/wp-json\/wp\/v2\/media?parent=470868"}],"wp:term":[{"taxonomy":"category","embeddable":true,"href":"https:\/\/www.europesays.com\/fr\/wp-json\/wp\/v2\/categories?post=470868"},{"taxonomy":"post_tag","embeddable":true,"href":"https:\/\/www.europesays.com\/fr\/wp-json\/wp\/v2\/tags?post=470868"}],"curies":[{"name":"wp","href":"https:\/\/api.w.org\/{rel}","templated":true}]}}