{"id":470870,"date":"2025-10-17T21:18:21","date_gmt":"2025-10-17T21:18:21","guid":{"rendered":"https:\/\/www.europesays.com\/fr\/470870\/"},"modified":"2025-10-17T21:18:21","modified_gmt":"2025-10-17T21:18:21","slug":"10-000-entrees-de-moins-quen-2024-pour-le-cinema-de-mende-son-directeur-reste-positif","status":"publish","type":"post","link":"https:\/\/www.europesays.com\/fr\/470870\/","title":{"rendered":"10\u00a0000 entr\u00e9es de moins qu\u2019en 2024 pour le cin\u00e9ma de Mende, son directeur reste positif"},"content":{"rendered":"<p>\n                                                                Anthony de Freitas, directeur du cin\u00e9ma de Mende, fait le point sur la fr\u00e9quentation annuelle et la programmation \u00e0 venir.\n                            <\/p>\n<p>10\u00a0000. C\u2019est le nombre d\u2019entr\u00e9es en moins qu\u2019a r\u00e9alis\u00e9 le cin\u00e9ma le Trianon de Mende cette ann\u00e9e.\u00a0\u00c0 moins que 10\u00a0000 personnes affluent d\u2019ici le mois de d\u00e9cembre, la fr\u00e9quentation du cin\u00e9ma aura donc recul\u00e9 de 20\u00a0% en 2025, avec 40\u00a0000 entr\u00e9es au total.<\/p>\n<p>Malgr\u00e9 ce constat, le directeur de l\u2019\u00e9tablissement, Anthony De Freitas, n\u2019affiche pas d\u2019inqui\u00e9tude particuli\u00e8re. Il est vrai que plusieurs facteurs peuvent expliquer cette baisse. D\u2019abord, difficile de concurrencer la r\u00e9ussite et les <a href=\"https:\/\/www.midilibre.fr\/2024\/10\/18\/cinema-et-vacances-de-la-toussaint-on-fait-le-point-avec-anthony-de-freitas-le-directeur-du-trianon-de-mende-12267358.php\" target=\"_self\" rel=\"nofollow noopener\">chiffres exorbitants de certains films sortis en 2024<\/a>. D\u2019autant que le Trianon avait mis la barre particuli\u00e8rement haut, contrairement \u00e0 d\u2019autres cin\u00e9mas.\u00a0\u00ab\u00a0On avait fait +\u00a020\u00a0% en nombre d\u2019entr\u00e9es par rapport \u00e0 2023, alors qu\u2019au niveau national c\u2019\u00e9tait +\u00a00,5\u00a0%. On paye la ran\u00e7on du succ\u00e8s de l\u2019an pass\u00e9\u00a0\u00bb, plaisante le directeur.<\/p>\n<p>2\u00a0550 entr\u00e9es pour le meilleur film<\/p>\n<p>En effet, Un p\u2019tit truc en plus\u00a0avait fait 7\u00a0066\u00a0entr\u00e9es.\u00a03\u00a0537 pour\u00a0le Comte de Monte-Cristo. Enfin, Vice-versa 2\u00a0venait compl\u00e9ter le podium, avec\u00a03\u00a0114 entr\u00e9es.\u00a0Cette ann\u00e9e, le plus grand succ\u00e8s, pour le moment, est le documentaire Loz\u00e8re, entre ciel et terre, avec\u2026 2\u00a0550 entr\u00e9es, seulement. La cr\u00e9ation de Benoit Colomb devrait encore \u00eatre diffus\u00e9e jusqu\u2019\u00e0 la fin de l\u2019ann\u00e9e.\u00a0\u00ab\u00a0C\u2019est de loin le film qui a fait le plus d\u2019entr\u00e9es. Les sp\u00e9cialistes annon\u00e7aient pourtant une tr\u00e8s belle ann\u00e9e\u00a0! Mais bon, le cin\u00e9ma fran\u00e7ais est en retrait cette ann\u00e9e. Il n\u2019y a que tr\u00e8s peu de films qui ont bien march\u00e9\u00a0\u00bb, d\u00e9plore le responsable. Notons que la baisse du nombre d\u2019entr\u00e9es est d\u2019ailleurs nationale, avec un d\u00e9clin de \u00ab\u00a015\u00a0% ou 16\u00a0%\u00a0\u00bb, sur l\u2019ensemble du pays, selon Anthony De Freitas.<\/p>\n<p>Le contexte politique, encore lui, a peut-\u00eatre \u00e9galement son r\u00f4le \u00e0 jouer. \u00ab\u00a0Comme on ne sait pas trop o\u00f9 on campe, je pense que les gens font un peu plus attention et que les loisirs sont les premiers \u00e0 en p\u00e2tir, d\u00e9clare le dirigeant. La combinaison de ces deux facteurs fait que nous sommes en recul.\u00a0\u00bb<\/p>\n<blockquote><p>\nCette ann\u00e9e, j\u2019ai un peu l\u2019impression que \u00e7a sera compliqu\u00e9 jusqu\u2019\u00e0 la fin\n<\/p><\/blockquote>\n<p>Pour les vacances de la Toussaint, il compte, par exemple, sur la sortie du deuxi\u00e8me volet de Kaamelott, le 22\u00a0octobre, ou celle de Chien 51, d\u00e9j\u00e0 \u00e0 l\u2019affiche.\u00a0\u00ab\u00a0M\u00eame si j\u2019esp\u00e8re que le public sera pr\u00e9sent, je n\u2019ose plus m\u2019avancer, sourit-il. Parfois je croyais que des films allaient fonctionner et je me suis tromp\u00e9. Cette ann\u00e9e, j\u2019ai un peu l\u2019impression que \u00e7a sera compliqu\u00e9 jusqu\u2019\u00e0 la fin.\u00a0\u00bb<\/p>\n<p>Pendant ces m\u00eames vacances, quatre films par jour seront tout de m\u00eame programm\u00e9s. Entre la continuation des films d\u00e9j\u00e0 \u00e0 l\u2019affiche, les sorties, la programmation pour les enfants (Hopper et le Secret de la marmotte, Super Grand Prix et autres courts-m\u00e9trages, NDLR) ou encore la diffusion de la Palme d\u2019or 2025, Un simple accident, il y en aura pour tous les go\u00fbts.<\/p>\n<p>Une journ\u00e9e particuli\u00e8re pour Halloween<\/p>\n<p>Et pour Halloween, le directeur pr\u00e9voit, bien s\u00fbr, une journ\u00e9e particuli\u00e8re. \u00ab\u00a0La Fabrique des monstres sera diffus\u00e9e\u00a0en avant-premi\u00e8re. Il s\u2019agit d\u2019un dessin anim\u00e9 \u00e0 voir d\u00e8s 7 ou 8 ans.\u00a0\u00bb Il y aura \u00e9galement un court-m\u00e9trage \u00e0 visionner d\u00e8s 3 ans\u00a0: Les Toutes\u00a0Petites Cr\u00e9atures. \u00ab\u00a0Il n\u2019a pas trop de rapport avec Halloween, c\u2019est tout \u00e0 fait sympathique.\u00a0\u00bb\u00a0Comme l\u2019an dernier, les enfants qui viendront d\u00e9guis\u00e9s auront le droit \u00e0 des bonbons.<\/p>\n<p>Le soir, pour les plus grands, Anthony De Freitas a pr\u00e9vu de rediffuser la version 1996 du film Scream, en version originale sous-titr\u00e9e.<\/p>\n<p>\u00c0 un peu plus long terme, les sorties de Zootopie 2 (novembre), Jean Valjean (novembre), ou encore Avatar (d\u00e9cembre), fonctionneront peut-\u00eatre.<\/p>\n","protected":false},"excerpt":{"rendered":"Anthony de Freitas, directeur du cin\u00e9ma de Mende, fait le point sur la fr\u00e9quentation annuelle et la programmation&hellip;\n","protected":false},"author":2,"featured_media":470871,"comment_status":"","ping_status":"","sticky":false,"template":"","format":"standard","meta":{"footnotes":""},"categories":[1354],"tags":[58,59,1346,1011,27,1360],"class_list":{"0":"post-470870","1":"post","2":"type-post","3":"status-publish","4":"format-standard","5":"has-post-thumbnail","7":"category-films","8":"tag-divertissement","9":"tag-entertainment","10":"tag-films","11":"tag-fr","12":"tag-france","13":"tag-movies"},"share_on_mastodon":{"url":"https:\/\/pubeurope.com\/@fr\/115391594846747889","error":""},"_links":{"self":[{"href":"https:\/\/www.europesays.com\/fr\/wp-json\/wp\/v2\/posts\/470870","targetHints":{"allow":["GET"]}}],"collection":[{"href":"https:\/\/www.europesays.com\/fr\/wp-json\/wp\/v2\/posts"}],"about":[{"href":"https:\/\/www.europesays.com\/fr\/wp-json\/wp\/v2\/types\/post"}],"author":[{"embeddable":true,"href":"https:\/\/www.europesays.com\/fr\/wp-json\/wp\/v2\/users\/2"}],"replies":[{"embeddable":true,"href":"https:\/\/www.europesays.com\/fr\/wp-json\/wp\/v2\/comments?post=470870"}],"version-history":[{"count":0,"href":"https:\/\/www.europesays.com\/fr\/wp-json\/wp\/v2\/posts\/470870\/revisions"}],"wp:featuredmedia":[{"embeddable":true,"href":"https:\/\/www.europesays.com\/fr\/wp-json\/wp\/v2\/media\/470871"}],"wp:attachment":[{"href":"https:\/\/www.europesays.com\/fr\/wp-json\/wp\/v2\/media?parent=470870"}],"wp:term":[{"taxonomy":"category","embeddable":true,"href":"https:\/\/www.europesays.com\/fr\/wp-json\/wp\/v2\/categories?post=470870"},{"taxonomy":"post_tag","embeddable":true,"href":"https:\/\/www.europesays.com\/fr\/wp-json\/wp\/v2\/tags?post=470870"}],"curies":[{"name":"wp","href":"https:\/\/api.w.org\/{rel}","templated":true}]}}