{"id":470880,"date":"2025-10-17T21:23:12","date_gmt":"2025-10-17T21:23:12","guid":{"rendered":"https:\/\/www.europesays.com\/fr\/470880\/"},"modified":"2025-10-17T21:23:12","modified_gmt":"2025-10-17T21:23:12","slug":"chute-accidentelle-ou-crime-maquille-lombre-dun-drame-familial-plane-sur-lempire-mango-apres-la-mort-de-son-fondateur","status":"publish","type":"post","link":"https:\/\/www.europesays.com\/fr\/470880\/","title":{"rendered":"Chute accidentelle ou crime maquill\u00e9\u00a0? L\u2019ombre d\u2019un drame familial plane sur l\u2019empire Mango apr\u00e8s la mort de son fondateur"},"content":{"rendered":"<p>\n    <strong>R\u00c9CIT &#8211; <\/strong>D\u00e8s le d\u00e9part, la mort \u00abaccidentelle\u00bb d\u2019Isak Andic, fondateur de Mango, avait cr\u00e9\u00e9 le trouble. Derri\u00e8re cette incroyable success-story, la piste du drame familial se pr\u00e9cise.<\/p>\n<p class=\"fig-paragraph\">Ce qui paraissait n\u2019\u00eatre qu\u2019un tragique accident tourne \u00e0 l\u2019affaire judiciaire. Moins d\u2019un an apr\u00e8s la mort d\u2019Isak Andic, fondateur du g\u00e9ant du\u00a0<a href=\"http:\/\/www.lefigaro.fr\/flash-eco\/l-enquete-sur-la-mort-du-fondateur-de-mango-relancee-son-fils-suspecte-20251017\" data-fig-type=\"NewsFlash\" data-gtm-custom-categorie=\"navigation\" data-gtm-custom-action=\"crossclick\" data-gtm-custom-label=\"Contextuel\" data-gtm-event=\"customEventSPE\" data-fig-domain=\"LEFIGARO\" target=\"_blank\" rel=\"noopener\">pr\u00eat-\u00e0-porter Mango<\/a>\u00a0et l\u2019une des premi\u00e8res fortunes d\u2019Espagne, la justice catalane explore d\u00e9sormais la\u00a0<a href=\"http:\/\/www.lefigaro.fr\/actualite-france\/30-ans-de-reclusion-pour-cedric-jubillar-les-ressorts-d-un-verdict-implacable-20251017\" data-fig-type=\"Article\" data-gtm-custom-categorie=\"navigation\" data-gtm-custom-action=\"crossclick\" data-gtm-custom-label=\"Contextuel\" data-gtm-event=\"customEventSPE\" data-fig-domain=\"LEFIGARO\" target=\"_blank\" rel=\"noopener\">th\u00e8se de l\u2019homicide<\/a>. Le principal suspect\u00a0? Son fils a\u00een\u00e9, Jonathan, 44 ans, actuel vice-pr\u00e9sident du conseil d\u2019administration du groupe. L\u2019affaire commence le 14 d\u00e9cembre 2024, lorsque le magnat du textile, 71 ans, part en randonn\u00e9e dans la cha\u00eene de Montserrat, sur les hauteurs de Barcelone, en compagnie de son h\u00e9ritier. Quelques heures plus tard, son corps est retrouv\u00e9 au pied d\u2019une falaise, apr\u00e8s une chute de cent m\u00e8tres. L\u2019affaire para\u00eet d\u2019abord simple\u00a0: un accident tragique en montagne. Mais rapidement, les doutes s\u2019accumulent.<\/p>\n<p class=\"fig-paragraph\">Le r\u00e9cit du fils ne colle pas. Ses d\u00e9clarations changent au fil des auditions. Les relev\u00e9s sur le terrain d\u00e9mentent certains points. Selon\u00a0<a href=\"https:\/\/elpais.com\/espana\/2025-10-16\/los-mossos-investigan-como-posible-homicidio-la-muerte-del-fundador-de-mango-isak-andic.html\" target=\"_blank\" rel=\"sponsored noopener\" data-gtm-custom-categorie=\"navigation\" data-gtm-custom-action=\"crossclick\" data-gtm-custom-label=\"Contextuel\" data-gtm-event=\"customEventSPE\">El Pa\u00eds<\/a>, les explications de Jonathan, seule personne pr\u00e9sente au\u2026<\/p>\n<p class=\"fig-premium-paywall__infos\">\n        Cet article est r\u00e9serv\u00e9 aux abonn\u00e9s.        Il vous reste 79% \u00e0 d\u00e9couvrir.\n    <\/p>\n<p>                <img  data- alt=\"Le Figaro\" class=\"fig-img--complete fig-img\"\/><\/p>\n<p class=\"fig-premium-paywall__title\">Vous avez envie de lire la suite ?<\/p>\n<p class=\"fig-premium-paywall__subtitle\">D\u00e9bloquez tous les articles imm\u00e9diatement.<\/p>\n<p class=\"fig-premium-paywall__connect\">\n                D\u00e9j\u00e0 abonn\u00e9\u00a0?                <a class=\"fig-premium-paywall__connect-link\" href=\"https:\/\/connect.lefigaro.fr\/login?client=horizon_web&amp;type=main&amp;redirect_uri=https%3A%2F%2Fwww.lefigaro.fr%2Fsocietes%2Fchute-accidentelle-ou-crime-maquille-l-ombre-d-un-drame-familial-plane-sur-l-empire-mango-apres-la-mort-de-son-fondateur-20251017\" data-js-gtm=\"{&quot;customCategorie&quot;: &quot;conversion&quot;, &quot;customAction&quot;: &quot;before_Landing_Connexion_paywall_auto&quot;, &quot;customLabel&quot;: &quot;bGVmaWdhcm8uZnJfXzFmMGFiNmVhLWI3NTUtNmJhZS05NTQ5LWMzYTYwNDM0OTU1OV9fQXJ0aWNsZQ==_Chute accidentelle ou crime maquill\u00e9\u00a0? L\u2019ombre d\u2019un drame familial plane sur l\u2019empire Mango apr\u00e8s la mort de son fondateur_203&quot;, &quot;customIDSPE&quot;: &quot;bGVmaWdhcm8uZnJfXzFmMGFiNmVhLWI3NTUtNmJhZS05NTQ5LWMzYTYwNDM0OTU1OV9fQXJ0aWNsZQ==&quot;, &quot;event&quot;: &quot;customEventSPE&quot;}\" target=\"_blank\" rel=\"noopener\"><br \/>\n                    Connectez-vous<br \/>\n                <\/a>\n            <\/p>\n","protected":false},"excerpt":{"rendered":"R\u00c9CIT &#8211; D\u00e8s le d\u00e9part, la mort \u00abaccidentelle\u00bb d\u2019Isak Andic, fondateur de Mango, avait cr\u00e9\u00e9 le trouble. Derri\u00e8re&hellip;\n","protected":false},"author":2,"featured_media":470881,"comment_status":"","ping_status":"","sticky":false,"template":"","format":"standard","meta":{"footnotes":""},"categories":[6],"tags":[35,33,34,1011,27,48905,777],"class_list":{"0":"post-470880","1":"post","2":"type-post","3":"status-publish","4":"format-standard","5":"has-post-thumbnail","7":"category-economie","8":"tag-business","9":"tag-economie","10":"tag-economy","11":"tag-fr","12":"tag-france","13":"tag-mango","14":"tag-meurtre"},"share_on_mastodon":{"url":"https:\/\/pubeurope.com\/@fr\/115391614732151183","error":""},"_links":{"self":[{"href":"https:\/\/www.europesays.com\/fr\/wp-json\/wp\/v2\/posts\/470880","targetHints":{"allow":["GET"]}}],"collection":[{"href":"https:\/\/www.europesays.com\/fr\/wp-json\/wp\/v2\/posts"}],"about":[{"href":"https:\/\/www.europesays.com\/fr\/wp-json\/wp\/v2\/types\/post"}],"author":[{"embeddable":true,"href":"https:\/\/www.europesays.com\/fr\/wp-json\/wp\/v2\/users\/2"}],"replies":[{"embeddable":true,"href":"https:\/\/www.europesays.com\/fr\/wp-json\/wp\/v2\/comments?post=470880"}],"version-history":[{"count":0,"href":"https:\/\/www.europesays.com\/fr\/wp-json\/wp\/v2\/posts\/470880\/revisions"}],"wp:featuredmedia":[{"embeddable":true,"href":"https:\/\/www.europesays.com\/fr\/wp-json\/wp\/v2\/media\/470881"}],"wp:attachment":[{"href":"https:\/\/www.europesays.com\/fr\/wp-json\/wp\/v2\/media?parent=470880"}],"wp:term":[{"taxonomy":"category","embeddable":true,"href":"https:\/\/www.europesays.com\/fr\/wp-json\/wp\/v2\/categories?post=470880"},{"taxonomy":"post_tag","embeddable":true,"href":"https:\/\/www.europesays.com\/fr\/wp-json\/wp\/v2\/tags?post=470880"}],"curies":[{"name":"wp","href":"https:\/\/api.w.org\/{rel}","templated":true}]}}