{"id":470884,"date":"2025-10-17T21:25:17","date_gmt":"2025-10-17T21:25:17","guid":{"rendered":"https:\/\/www.europesays.com\/fr\/470884\/"},"modified":"2025-10-17T21:25:17","modified_gmt":"2025-10-17T21:25:17","slug":"comment-emmanuel-macron-defend-la-suspension-de-la-reforme-des-retraites-aupres-des-siens","status":"publish","type":"post","link":"https:\/\/www.europesays.com\/fr\/470884\/","title":{"rendered":"Comment Emmanuel Macron d\u00e9fend la suspension de la r\u00e9forme des retraites aupr\u00e8s des siens"},"content":{"rendered":"<p>        <img decoding=\"async\" loading=\"lazy\" src=\"https:\/\/www.europesays.com\/fr\/wp-content\/uploads\/2025\/10\/25e192d_upload-1-sajwaicdf73b-afp-20251017-794m9fl-v1-highres-franceuepoliticsdiplomacy.jpg\"  width=\"728\" height=\"409\" alt=\"Emmanuel Macron le 17\u00a0octobre 2025\u00a0\u00e0 l\u2019\u00c9lys\u00e9e.\"\/>  <\/p>\n<p>BERTRAND GUAY \/ AFP<\/p>\n<p>Emmanuel Macron le 17\u00a0octobre 2025\u00a0\u00e0 l\u2019\u00c9lys\u00e9e.<\/p>\n<p class=\"asset asset-text\">POLITIQUE &#8211; La pilule est dure \u00e0 avaler. En annon\u00e7ant <a href=\"https:\/\/www.huffingtonpost.fr\/politique\/article\/la-suspension-de-la-reforme-des-retraites-ressemble-a-un-cadeau-empoisonne-pour-le-parti-socialiste_256015.html\" target=\"_blank\" rel=\"noopener\">la suspension de la r\u00e9forme des retraites<\/a> lors de sa d\u00e9claration de politique g\u00e9n\u00e9rale, <a href=\"https:\/\/www.huffingtonpost.fr\/politique\/video\/qui-a-vote-la-censure-de-sebastien-lecornu-le-detail-dit-tout-des-dissensions-des-partis_256067.html\" target=\"_blank\" rel=\"noopener\">S\u00e9bastien Lecornu<\/a> a content\u00e9 les socialistes, mais braqu\u00e9 une partie de son camp, pour qui le report de l\u2019\u00e2ge l\u00e9gal de d\u00e9part \u00e0 64\u00a0ans \u00e9tait un totem intouchable.<\/p>\n<p class=\"asset asset-text\">Conscient de l\u2019\u00e9moi suscit\u00e9, <a href=\"https:\/\/www.huffingtonpost.fr\/international\/article\/cette-remarque-de-trump-a-macron-a-bien-fait-rire-les-autres-dirigeants-lors-du-sommet-pour-la-paix-a-gaza_255953.html\" target=\"_blank\" rel=\"noopener\" title=\"Nouvelle fen\u00eatre\">Emmanuel Macron<\/a> a convoqu\u00e9 une partie de ses troupes \u00e0 l\u2019\u00c9lys\u00e9e ce mercredi 16\u00a0octobre. Devant une poign\u00e9e de d\u00e9put\u00e9s et de cadres Renaissance, dont certains avaient \u00e9t\u00e9 aux avant-postes de la r\u00e9forme en 2023\u00a0comme Olivier Dussopt ou \u00c9lisabeth Borne, le chef de l\u2019\u00c9tat a mis en avant la n\u00e9cessit\u00e9 d\u2019un \u00ab\u00a0compromis\u00a0\u00bb. Selon des participants interrog\u00e9s par <a href=\"https:\/\/www.liberation.fr\/politique\/suspension-de-la-reforme-des-retraites-macron-ne-donne-pas-de-consigne-de-vote-a-ses-deputes-mais-un-peu-quand-meme-20251017_GOAJWVNUKND3LKDF7BHLTEFA4E\/\" target=\"_blank\" rel=\"noopener\" title=\"Nouvelle fen\u00eatre\">Lib\u00e9ration<\/a>, le pr\u00e9sident aurait reconnu que la suspension annonc\u00e9e par S\u00e9bastien Lecornu \u00e9tait \u00ab\u00a0douloureuse pour nous tous\u00a0\u00bb.<\/p>\n<p class=\"asset asset-text\">Pendant deux heures et demi, il a ainsi pris le temps de revenir sur ce que beaucoup dans son camp per\u00e7oivent comme <a href=\"https:\/\/www.huffingtonpost.fr\/politique\/article\/ce-detail-technique-sur-la-suspension-de-la-reforme-des-retraites-est-loin-d-etre-anodin_256013.html\" target=\"_blank\" rel=\"noopener\">une concession majeure<\/a>. Et d\u2019\u00e9couter les inqui\u00e9tudes, les doutes, les interrogations.<\/p>\n<p class=\"asset asset-text\">\u00ab\u00a0Le Premier ministre a la libert\u00e9 et la responsabilit\u00e9 de ses compromis. (&#8230;) Je sais ce que vous co\u00fbte cette suspension, ce que vous a co\u00fbt\u00e9 aussi de d\u00e9fendre cette r\u00e9forme, les menaces parfois, la violence. Ce combat \u00e9tait juste. Mais il fallait ce compromis pour permettre la stabilit\u00e9\u00a0\u00bb, a d\u00e9clar\u00e9 Emmanuel Macron lors de ce temps d\u2019\u00e9change informel, selon des propos rapport\u00e9s par <a href=\"https:\/\/www.bfmtv.com\/politique\/elysee\/info-bfmtv-emmanuel-macron-assure-que-le-combat-pour-la-reforme-des-retraites-etait-juste-mais-qu-il-fallait-un-compromis_AN-202510160873.html\" target=\"_blank\" rel=\"noopener\" title=\"Nouvelle fen\u00eatre\">BFMTV<\/a>.<\/p>\n<p class=\"asset asset-text\">Et d\u2019insister que le report de l\u2019\u00e2ge l\u00e9gal de d\u00e9part \u00e0 la retraite \u00e9tait un \u00ab\u00a0combat juste et qui le reste\u00a0\u00bb, mais sa mise en pause \u00e9tait \u00ab\u00a0la condition\u00a0d\u2019un deal\u00a0\u00bb, alors que \u00ab\u00a0la stabilit\u00e9 du pays est primordiale\u00a0\u00bb. Dans le camp pr\u00e9sidentiel, tout le monde reconna\u00eet que sans cette suspension, le gouvernement aurait \u00e9t\u00e9 renvers\u00e9 et sans doute le pr\u00e9sident aurait-il \u00e9t\u00e9 contraint d\u2019appuyer sur le bouton de la dissolution. Ce qu\u2019aucun macroniste ne veut au vu des sondages d\u00e9sastreux.<\/p>\n<p>    \u00ab\u00a0Garder de l\u2019unit\u00e9\u00a0\u00bb    <\/p>\n<p class=\"asset asset-text\">Plusieurs d\u00e9put\u00e9s ont profit\u00e9 de cet \u00e9change pour r\u00e9v\u00e9ler qu\u2019ils ne voteraient pas l\u2019amendement qui suspendra la r\u00e9forme, au nom de la \u00ab\u00a0coh\u00e9rence\u00a0\u00bb de leurs id\u00e9es et parce qu\u2019ils n\u2019ont pas \u00e9t\u00e9 \u00e9lus pour cela. En retour, Emmanuel Macron aurait expliqu\u00e9, selon <a href=\"https:\/\/www.politico.eu\/newsletter\/playbook-paris\/macron-deso-pas-deso\/\" target=\"_blank\" rel=\"noopener\" title=\"Nouvelle fen\u00eatre\">Politico<\/a>, que \u00ab\u00a0ce n\u2019\u00e9tait pas son r\u00f4le de leur dire quoi voter mais de rappeler que la stabilit\u00e9 du pays est importante\u00a0\u00bb.<\/p>\n<p class=\"asset asset-text\">Il a de fait renvoy\u00e9 la patate chaude \u00e0 Gabriel Attal, pr\u00e9sident du groupe Renaissance \u00e0 l\u2019Assembl\u00e9e qui, lui, \u00e9tait absent de la r\u00e9union pour cause de d\u00e9placement. Un message diversement accueilli. \u00ab\u00a0En gros c\u2019\u00e9tait\u00a0: rien n\u2019est de ma faute et tout est entre vos mains\u00a0\u00bb, grince l\u2019un des participants aupr\u00e8s de la newsletter susmentionn\u00e9e. Une grande majorit\u00e9 des d\u00e9put\u00e9s Renaissance n\u2019ont d\u2019ailleurs aucune intention de voter la suspension.<\/p>\n<p class=\"asset asset-text\">Le locataire de l\u2019\u00c9lys\u00e9e aurait n\u00e9anmoins demand\u00e9 \u00e0 ses ouailles de \u00ab\u00a0garder de l\u2019unit\u00e9 et de la lisibilit\u00e9 dans les positions\u00a0\u00bb. En somme, parler d\u2019une seule voix et ne pas se diviser&#8230; au risque de se tirer une balle dans le pied \u00e0 quelques mois des <a href=\"https:\/\/www.huffingtonpost.fr\/economie\/article\/l-approche-des-elections-municipales-de-2026-a-eu-un-effet-reel-sur-la-taxe-fonciere_256035.html\" target=\"_blank\" rel=\"noopener\">\u00e9lections municipales<\/a> et \u00e0 un an et demi de la pr\u00e9sidentielle. La bataille budg\u00e9taire ne fait que commencer.<\/p>\n","protected":false},"excerpt":{"rendered":"BERTRAND GUAY \/ AFP Emmanuel Macron le 17\u00a0octobre 2025\u00a0\u00e0 l\u2019\u00c9lys\u00e9e. POLITIQUE &#8211; La pilule est dure \u00e0 avaler.&hellip;\n","protected":false},"author":2,"featured_media":470885,"comment_status":"","ping_status":"","sticky":false,"template":"","format":"standard","meta":{"footnotes":""},"categories":[4],"tags":[11,1073,1011,27,12,316,11036,3370,25,11067],"class_list":{"0":"post-470884","1":"post","2":"type-post","3":"status-publish","4":"format-standard","5":"has-post-thumbnail","7":"category-france","8":"tag-actualites","9":"tag-emmanuel-macron","10":"tag-fr","11":"tag-france","12":"tag-news","13":"tag-politique","14":"tag-reforme-des-retraites","15":"tag-renaissance","16":"tag-republique-francaise","17":"tag-sebastien-lecornu"},"share_on_mastodon":{"url":"https:\/\/pubeurope.com\/@fr\/115391623174511742","error":""},"_links":{"self":[{"href":"https:\/\/www.europesays.com\/fr\/wp-json\/wp\/v2\/posts\/470884","targetHints":{"allow":["GET"]}}],"collection":[{"href":"https:\/\/www.europesays.com\/fr\/wp-json\/wp\/v2\/posts"}],"about":[{"href":"https:\/\/www.europesays.com\/fr\/wp-json\/wp\/v2\/types\/post"}],"author":[{"embeddable":true,"href":"https:\/\/www.europesays.com\/fr\/wp-json\/wp\/v2\/users\/2"}],"replies":[{"embeddable":true,"href":"https:\/\/www.europesays.com\/fr\/wp-json\/wp\/v2\/comments?post=470884"}],"version-history":[{"count":0,"href":"https:\/\/www.europesays.com\/fr\/wp-json\/wp\/v2\/posts\/470884\/revisions"}],"wp:featuredmedia":[{"embeddable":true,"href":"https:\/\/www.europesays.com\/fr\/wp-json\/wp\/v2\/media\/470885"}],"wp:attachment":[{"href":"https:\/\/www.europesays.com\/fr\/wp-json\/wp\/v2\/media?parent=470884"}],"wp:term":[{"taxonomy":"category","embeddable":true,"href":"https:\/\/www.europesays.com\/fr\/wp-json\/wp\/v2\/categories?post=470884"},{"taxonomy":"post_tag","embeddable":true,"href":"https:\/\/www.europesays.com\/fr\/wp-json\/wp\/v2\/tags?post=470884"}],"curies":[{"name":"wp","href":"https:\/\/api.w.org\/{rel}","templated":true}]}}