{"id":470888,"date":"2025-10-17T21:27:29","date_gmt":"2025-10-17T21:27:29","guid":{"rendered":"https:\/\/www.europesays.com\/fr\/470888\/"},"modified":"2025-10-17T21:27:29","modified_gmt":"2025-10-17T21:27:29","slug":"saint-chamond-concours-de-patisserie-du-caefpa-au-lycee-hotelier-une-premiere-reussie","status":"publish","type":"post","link":"https:\/\/www.europesays.com\/fr\/470888\/","title":{"rendered":"Saint-Chamond. Concours de p\u00e2tisserie du CAEFPA au lyc\u00e9e h\u00f4telier, une premi\u00e8re r\u00e9ussie"},"content":{"rendered":"<p>Guillaume Boyer, directeur g\u00e9n\u00e9ral de CAEFPA (Carrefour d\u2019amiti\u00e9 et d\u2019entraide en faveur des personnes \u00e2g\u00e9es), a imagin\u00e9 la rencontre\u00a0: \u00ab\u00a0Habitu\u00e9s jusqu\u2019ici \u00e0 de petits concours en interne, nous avons eu l\u2019ambition de changer de dimension en faisant se croiser r\u00e9sidents et personnels des Ehpad associatifs de notre territoire. C\u2019est Tristan Kuentzler, responsable de la restauration au sein de l\u2019association CAEFPA qui a port\u00e9 le projet.\u00a0\u00a0\u00bb<\/p>\n<p>\u00ab\u00a0Nous vivons aujourd\u2019hui au lyc\u00e9e h\u00f4telier de Saint-Chamond un moment de f\u00eate, se r\u00e9jouit ce dernier. L\u2019\u00e9v\u00e8nement nous permet de regrouper cinq de nos six \u00e9tablissements de la Loire\u00a0: le&#8230;<\/p>\n","protected":false},"excerpt":{"rendered":"Guillaume Boyer, directeur g\u00e9n\u00e9ral de CAEFPA (Carrefour d\u2019amiti\u00e9 et d\u2019entraide en faveur des personnes \u00e2g\u00e9es), a imagin\u00e9 la&hellip;\n","protected":false},"author":2,"featured_media":470889,"comment_status":"","ping_status":"","sticky":false,"template":"","format":"standard","meta":{"footnotes":""},"categories":[9653],"tags":[1111,11,2430,7539,1777,674,1011,27,12,25,9669,9670,4001,104],"class_list":{"0":"post-470888","1":"post","2":"type-post","3":"status-publish","4":"format-standard","5":"has-post-thumbnail","7":"category-saint-etienne","8":"tag-actu","9":"tag-actualites","10":"tag-auvergne-rhone-alpes","11":"tag-edition-loire-sud","12":"tag-eu","13":"tag-europe","14":"tag-fr","15":"tag-france","16":"tag-news","17":"tag-republique-francaise","18":"tag-saint-chamond","19":"tag-saint-chamond-ville","20":"tag-saint-etienne","21":"tag-societe"},"share_on_mastodon":{"url":"https:\/\/pubeurope.com\/@fr\/115391630323658978","error":""},"_links":{"self":[{"href":"https:\/\/www.europesays.com\/fr\/wp-json\/wp\/v2\/posts\/470888","targetHints":{"allow":["GET"]}}],"collection":[{"href":"https:\/\/www.europesays.com\/fr\/wp-json\/wp\/v2\/posts"}],"about":[{"href":"https:\/\/www.europesays.com\/fr\/wp-json\/wp\/v2\/types\/post"}],"author":[{"embeddable":true,"href":"https:\/\/www.europesays.com\/fr\/wp-json\/wp\/v2\/users\/2"}],"replies":[{"embeddable":true,"href":"https:\/\/www.europesays.com\/fr\/wp-json\/wp\/v2\/comments?post=470888"}],"version-history":[{"count":0,"href":"https:\/\/www.europesays.com\/fr\/wp-json\/wp\/v2\/posts\/470888\/revisions"}],"wp:featuredmedia":[{"embeddable":true,"href":"https:\/\/www.europesays.com\/fr\/wp-json\/wp\/v2\/media\/470889"}],"wp:attachment":[{"href":"https:\/\/www.europesays.com\/fr\/wp-json\/wp\/v2\/media?parent=470888"}],"wp:term":[{"taxonomy":"category","embeddable":true,"href":"https:\/\/www.europesays.com\/fr\/wp-json\/wp\/v2\/categories?post=470888"},{"taxonomy":"post_tag","embeddable":true,"href":"https:\/\/www.europesays.com\/fr\/wp-json\/wp\/v2\/tags?post=470888"}],"curies":[{"name":"wp","href":"https:\/\/api.w.org\/{rel}","templated":true}]}}