{"id":470890,"date":"2025-10-17T21:28:21","date_gmt":"2025-10-17T21:28:21","guid":{"rendered":"https:\/\/www.europesays.com\/fr\/470890\/"},"modified":"2025-10-17T21:28:21","modified_gmt":"2025-10-17T21:28:21","slug":"j5-saint-etienne-enfin-un-point-federation-francaise-de-football-fff","status":"publish","type":"post","link":"https:\/\/www.europesays.com\/fr\/470890\/","title":{"rendered":"J5 : Saint-\u00c9tienne, enfin un point | F\u00e9d\u00e9ration Fran\u00e7aise de Football (FFF)"},"content":{"rendered":"<p>                                                              <img data-twic-src=\"https:\/\/www.europesays.com\/fr\/wp-content\/uploads\/2025\/10\/573a4ea643b8753257ab88a1704afddd.jpg\" data-credit=\"Johnny FIDELIN \/ ICON SPORT\" title=\"Johnny FIDELIN \/ ICON SPORT\" alt=\"Le Havre Saint-Etienne Arkema PL\" class=\"block\"\/>                                        <\/p>\n<p style=\"font-weight: bold\">Pas de but entre Le Havre et Saint-\u00c9tienne (0-0) en ouverture de la 5e journ\u00e9e d&rsquo;Arkema Premi\u00e8re Ligue, vendredi 17 octobre (photo). Les Vertes d\u00e9collent enfin. <\/p>\n<p>Ce n&rsquo;est pas encore une victoire mais cela y ressemble un peu : en contraignant le Havre AC \u00e0 un r\u00e9sultat nul (0-0) sur sa pelouse du Stade Oc\u00e9ane, vendredi soir, l&rsquo;AS Saint-\u00c9tienne a obtenu son premier point en Arkema Premi\u00e8re Ligue, cette saison. D&rsquo;autant plus m\u00e9ritoire que les For\u00e9ziennes ont \u00e9volu\u00e9 une mi-temps \u00e0 dix contre onze, \u00e0 la suite de l&rsquo;exclusion de Marion Romanelli \u00e0 la 47e minute.\u00a0<\/p>\n<p>Les Vertes, m\u00eame si elles restent \u00e0 la douzi\u00e8me et derni\u00e8re place du classement, auront donc attendu cinq journ\u00e9es pour d\u00e9coller enfin dans ce championnat de France f\u00e9minin 2025-2026, apr\u00e8s avoir subi quatre revers (et deux autres en Coupe LFFP).\u00a0<\/p>\n<p style=\"text-align: center;\"><strong><a href=\"https:\/\/epreuves.fff.fr\/competition\/engagement\/436476-arkema-premiere-ligue\/phase\/1\/1\/accueil\" target=\"_blank\" rel=\"noopener nofollow\">L&rsquo;Arkema Premi\u00e8re Ligue sur FFF.FR<\/a><\/strong><\/p>\n<p style=\"text-align: center;\"><strong>Lire aussi<\/strong><\/p>\n<p style=\"text-align: center;\"><a href=\"https:\/\/www.fff.fr\/article\/15483-mathilde-bourdieu-j-aime-etre-au-depart-d-un-projet-.html\" target=\"_blank\" rel=\"noopener nofollow\"><strong>Mathilde Bourdieu : \u00ab J&rsquo;aime \u00eatre au d\u00e9part d&rsquo;un projet \u00bb<\/strong><\/a><\/p>\n<p style=\"text-align: center;\"><a href=\"https:\/\/www.fff.fr\/article\/15523-les-chiffres-avant-la-j5.html\" target=\"_blank\" rel=\"noopener nofollow\"><strong>Les chiffres avant la <\/strong><\/a><a href=\"https:\/\/www.fff.fr\/article\/15523-les-chiffres-avant-la-j5.html\" target=\"_blank\" rel=\"noopener nofollow\"><strong>J5<\/strong><\/a><\/p>\n<p style=\"text-align: left;\">Cette 5e journ\u00e9e d&rsquo;APL (\u00e0 suivre <a href=\"https:\/\/www.fff.fr\/article\/15529-j5-quatre-matches-sur-youtube-fff.html\" target=\"_blank\" rel=\"noopener nofollow\">en direct sur la cha\u00eene YouTube de la FFF<\/a> et sur Canal+ Foot) se poursuit samedi 18 octobre (17h00 et 21h00), avec quatre affiches au programme, dont OL Lyonnes-Nantes, le match entre le leader et son dauphin, avant de se conclure dimanche 19 octobre apr\u00e8s-midi avec le d\u00e9placement du Paris SG \u00e0 Strasbourg (15h00).<\/p>\n<p>\u00a0LES MATCHES DE SAMEDI ET DIMANCHE\u00a0<\/p>\n<p><img decoding=\"async\" title=\"Archives  FFF\" src=\"https:\/\/www.europesays.com\/fr\/wp-content\/uploads\/2025\/10\/f31822f8f30d501a964d49123db483dd.png\" alt=\"\"\/><\/p>\n","protected":false},"excerpt":{"rendered":"Pas de but entre Le Havre et Saint-\u00c9tienne (0-0) en ouverture de la 5e journ\u00e9e d&rsquo;Arkema Premi\u00e8re Ligue,&hellip;\n","protected":false},"author":2,"featured_media":470891,"comment_status":"","ping_status":"","sticky":false,"template":"","format":"standard","meta":{"footnotes":""},"categories":[9653],"tags":[1111,11,2430,1777,674,85,1011,27,12,25,4001],"class_list":{"0":"post-470890","1":"post","2":"type-post","3":"status-publish","4":"format-standard","5":"has-post-thumbnail","7":"category-saint-etienne","8":"tag-actu","9":"tag-actualites","10":"tag-auvergne-rhone-alpes","11":"tag-eu","12":"tag-europe","13":"tag-fff","14":"tag-fr","15":"tag-france","16":"tag-news","17":"tag-republique-francaise","18":"tag-saint-etienne"},"share_on_mastodon":{"url":"https:\/\/pubeurope.com\/@fr\/115391634909894405","error":""},"_links":{"self":[{"href":"https:\/\/www.europesays.com\/fr\/wp-json\/wp\/v2\/posts\/470890","targetHints":{"allow":["GET"]}}],"collection":[{"href":"https:\/\/www.europesays.com\/fr\/wp-json\/wp\/v2\/posts"}],"about":[{"href":"https:\/\/www.europesays.com\/fr\/wp-json\/wp\/v2\/types\/post"}],"author":[{"embeddable":true,"href":"https:\/\/www.europesays.com\/fr\/wp-json\/wp\/v2\/users\/2"}],"replies":[{"embeddable":true,"href":"https:\/\/www.europesays.com\/fr\/wp-json\/wp\/v2\/comments?post=470890"}],"version-history":[{"count":0,"href":"https:\/\/www.europesays.com\/fr\/wp-json\/wp\/v2\/posts\/470890\/revisions"}],"wp:featuredmedia":[{"embeddable":true,"href":"https:\/\/www.europesays.com\/fr\/wp-json\/wp\/v2\/media\/470891"}],"wp:attachment":[{"href":"https:\/\/www.europesays.com\/fr\/wp-json\/wp\/v2\/media?parent=470890"}],"wp:term":[{"taxonomy":"category","embeddable":true,"href":"https:\/\/www.europesays.com\/fr\/wp-json\/wp\/v2\/categories?post=470890"},{"taxonomy":"post_tag","embeddable":true,"href":"https:\/\/www.europesays.com\/fr\/wp-json\/wp\/v2\/tags?post=470890"}],"curies":[{"name":"wp","href":"https:\/\/api.w.org\/{rel}","templated":true}]}}