{"id":470896,"date":"2025-10-17T21:31:12","date_gmt":"2025-10-17T21:31:12","guid":{"rendered":"https:\/\/www.europesays.com\/fr\/470896\/"},"modified":"2025-10-17T21:31:12","modified_gmt":"2025-10-17T21:31:12","slug":"le-batiment-hydrographique-tunisien-khaireddine-a-toulon","status":"publish","type":"post","link":"https:\/\/www.europesays.com\/fr\/470896\/","title":{"rendered":"Le b\u00e2timent hydrographique tunisien Khaireddine \u00e0 Toulon"},"content":{"rendered":"<p>Le b\u00e2timent hydrographique Khaireddine, de la marine tunisienne, a fait escale \u00e0 Toulon cette semaine. Manifestement tr\u00e8s bien entretenu, ce navire mesure 86.9 m\u00e8tres de long pour un d\u00e9placement de 2500 tonnes en charge. Arm\u00e9 par un \u00e9quipage d&rsquo;une centaine d&rsquo;hommes, il dispose de moyens hydrographiques, notamment mis en oeuvre par un portique et une grue. Le Khaireddine sert, en parall\u00e8le, de b\u00e2timent \u00e9cole, ses logements lui permettant d&#8217;embarquer une vingtaine d&rsquo;\u00e9l\u00e8ves.  Construit aux Etats-Unis sous le nom de Wilkes et mis en service en 1976 au sein de l&rsquo;US Navy, ce navire a \u00e9t\u00e9 transf\u00e9r\u00e9 \u00e0 la Tunisie en 1995.     <\/p>\n<p>Le Khaireddine mercredi, \u00e0 Toulon (\u00a9 : JEAN-LOUIS VENNE)      <\/p>\n<p>Le Khaireddine mercredi, \u00e0 Toulon (\u00a9 : JEAN-LOUIS VENNE)  <\/p>\n<p>Le Khaireddine mercredi, \u00e0 Toulon (\u00a9 : JEAN-LOUIS VENNE)    <\/p>\n<p>Le Khaireddine mercredi, \u00e0 Toulon (\u00a9 : JEAN-LOUIS VENNE)  <\/p>\n<p>Le Khaireddine mercredi, \u00e0 Toulon (\u00a9 : JEAN-LOUIS VENNE)  <\/p>\n<p>Le Khaireddine mercredi, \u00e0 Toulon (\u00a9 : JEAN-LOUIS VENNE)<\/p>\n","protected":false},"excerpt":{"rendered":"Le b\u00e2timent hydrographique Khaireddine, de la marine tunisienne, a fait escale \u00e0 Toulon cette semaine. Manifestement tr\u00e8s bien&hellip;\n","protected":false},"author":2,"featured_media":470897,"comment_status":"","ping_status":"","sticky":false,"template":"","format":"standard","meta":{"footnotes":""},"categories":[9619],"tags":[1111,11,6130,6141,6131,6138,2380,6135,554,1777,6136,674,1011,27,6139,6134,3135,6128,567,6129,6127,12,6132,4838,882,6133,25,6140,6137,2310],"class_list":{"0":"post-470896","1":"post","2":"type-post","3":"status-publish","4":"format-standard","5":"has-post-thumbnail","7":"category-toulon","8":"tag-actu","9":"tag-actualites","10":"tag-chantiers","11":"tag-commando","12":"tag-construction-navale","13":"tag-costa","14":"tag-croisiere","15":"tag-dcns","16":"tag-defense","17":"tag-eu","18":"tag-euronaval","19":"tag-europe","20":"tag-fr","21":"tag-france","22":"tag-fremm","23":"tag-interviews","24":"tag-littoral","25":"tag-marine","26":"tag-marine-nationale","27":"tag-maritime","28":"tag-mer","29":"tag-news","30":"tag-offshore","31":"tag-peche","32":"tag-provence-alpes-cote-dazur","33":"tag-reportages","34":"tag-republique-francaise","35":"tag-sncm","36":"tag-stx","37":"tag-toulon"},"share_on_mastodon":{"url":"https:\/\/pubeurope.com\/@fr\/115391645852593366","error":""},"_links":{"self":[{"href":"https:\/\/www.europesays.com\/fr\/wp-json\/wp\/v2\/posts\/470896","targetHints":{"allow":["GET"]}}],"collection":[{"href":"https:\/\/www.europesays.com\/fr\/wp-json\/wp\/v2\/posts"}],"about":[{"href":"https:\/\/www.europesays.com\/fr\/wp-json\/wp\/v2\/types\/post"}],"author":[{"embeddable":true,"href":"https:\/\/www.europesays.com\/fr\/wp-json\/wp\/v2\/users\/2"}],"replies":[{"embeddable":true,"href":"https:\/\/www.europesays.com\/fr\/wp-json\/wp\/v2\/comments?post=470896"}],"version-history":[{"count":0,"href":"https:\/\/www.europesays.com\/fr\/wp-json\/wp\/v2\/posts\/470896\/revisions"}],"wp:featuredmedia":[{"embeddable":true,"href":"https:\/\/www.europesays.com\/fr\/wp-json\/wp\/v2\/media\/470897"}],"wp:attachment":[{"href":"https:\/\/www.europesays.com\/fr\/wp-json\/wp\/v2\/media?parent=470896"}],"wp:term":[{"taxonomy":"category","embeddable":true,"href":"https:\/\/www.europesays.com\/fr\/wp-json\/wp\/v2\/categories?post=470896"},{"taxonomy":"post_tag","embeddable":true,"href":"https:\/\/www.europesays.com\/fr\/wp-json\/wp\/v2\/tags?post=470896"}],"curies":[{"name":"wp","href":"https:\/\/api.w.org\/{rel}","templated":true}]}}