{"id":470898,"date":"2025-10-17T21:32:12","date_gmt":"2025-10-17T21:32:12","guid":{"rendered":"https:\/\/www.europesays.com\/fr\/470898\/"},"modified":"2025-10-17T21:32:12","modified_gmt":"2025-10-17T21:32:12","slug":"le-paquebot-bleu-de-france-a-toulon","status":"publish","type":"post","link":"https:\/\/www.europesays.com\/fr\/470898\/","title":{"rendered":"Le paquebot Bleu de France \u00e0 Toulon"},"content":{"rendered":"<p>Positionn\u00e9 \u00e0 Marseille pour la saison, le paquebot Bleu de France a finalement \u00e9t\u00e9 d\u00e9tourn\u00e9 sur Toulon ce week-end. La compagnie CDF Croisi\u00e8res de France n&rsquo;a, semble-t-il, pas voulu voir les embarquements et d\u00e9barquements perturb\u00e9s par les mouvements sociaux dans le port phoc\u00e9en. Son navire a donc d\u00e9barqu\u00e9 ses passagers et refait le plein dans le port varois. De nombreux cars avaient \u00e9t\u00e9 mobilis\u00e9s pour l&rsquo;occasion mais la m\u00e9t\u00e9o n&rsquo;a pas \u00e9t\u00e9 cl\u00e9mente, la pluie accueillant les passagers sur un quai non couvert. <br \/>La rade de Toulon aura donc, une nouvelle fois, gagn\u00e9 un visiteur. Elle n&rsquo;a, en revanche, pas vu le flot de touristes pr\u00e9vu samedi avec l&rsquo;escale du Voyager of the Seas. Le paquebot de Royal Caribbean, \u00e0 cause de la m\u00e9t\u00e9o, a renonc\u00e9 \u00e0 gagn\u00e9 La Seyne et s&rsquo;est d\u00e9rout\u00e9 vers Barcelone.     <\/p>\n<p>Le Bleu de France \u00e0 Toulon (\u00a9 : MER ET MARINE &#8211; JEAN-LOUIS VENNE)  <\/p>\n<p>Le Bleu de France \u00e0 Toulon (\u00a9 : MER ET MARINE &#8211; JEAN-LOUIS VENNE)  <\/p>\n<p>Le Bleu de France \u00e0 Toulon (\u00a9 : MER ET MARINE &#8211; JEAN-LOUIS VENNE)      <\/p>\n<p>Le Bleu de France \u00e0 Toulon (\u00a9 : MER ET MARINE &#8211; JEAN-LOUIS VENNE) <\/p>\n<p>Le Bleu de France \u00e0 Toulon (\u00a9 : MER ET MARINE &#8211; JEAN-LOUIS VENNE) <\/p>\n<p>Le Bleu de France \u00e0 Toulon (\u00a9 : MER ET MARINE &#8211; JEAN-LOUIS VENNE) <\/p>\n<p>Le Bleu de France \u00e0 Toulon (\u00a9 : MER ET MARINE &#8211; JEAN-LOUIS VENNE)<\/p>\n","protected":false},"excerpt":{"rendered":"Positionn\u00e9 \u00e0 Marseille pour la saison, le paquebot Bleu de France a finalement \u00e9t\u00e9 d\u00e9tourn\u00e9 sur Toulon ce&hellip;\n","protected":false},"author":2,"featured_media":470899,"comment_status":"","ping_status":"","sticky":false,"template":"","format":"standard","meta":{"footnotes":""},"categories":[9619],"tags":[1111,11,6130,6141,6131,6138,2380,6135,554,1777,6136,674,1011,27,6139,6134,3135,6128,567,6129,6127,12,6132,4838,882,6133,25,6140,6137,2310],"class_list":{"0":"post-470898","1":"post","2":"type-post","3":"status-publish","4":"format-standard","5":"has-post-thumbnail","7":"category-toulon","8":"tag-actu","9":"tag-actualites","10":"tag-chantiers","11":"tag-commando","12":"tag-construction-navale","13":"tag-costa","14":"tag-croisiere","15":"tag-dcns","16":"tag-defense","17":"tag-eu","18":"tag-euronaval","19":"tag-europe","20":"tag-fr","21":"tag-france","22":"tag-fremm","23":"tag-interviews","24":"tag-littoral","25":"tag-marine","26":"tag-marine-nationale","27":"tag-maritime","28":"tag-mer","29":"tag-news","30":"tag-offshore","31":"tag-peche","32":"tag-provence-alpes-cote-dazur","33":"tag-reportages","34":"tag-republique-francaise","35":"tag-sncm","36":"tag-stx","37":"tag-toulon"},"share_on_mastodon":{"url":"https:\/\/pubeurope.com\/@fr\/115391649938828606","error":""},"_links":{"self":[{"href":"https:\/\/www.europesays.com\/fr\/wp-json\/wp\/v2\/posts\/470898","targetHints":{"allow":["GET"]}}],"collection":[{"href":"https:\/\/www.europesays.com\/fr\/wp-json\/wp\/v2\/posts"}],"about":[{"href":"https:\/\/www.europesays.com\/fr\/wp-json\/wp\/v2\/types\/post"}],"author":[{"embeddable":true,"href":"https:\/\/www.europesays.com\/fr\/wp-json\/wp\/v2\/users\/2"}],"replies":[{"embeddable":true,"href":"https:\/\/www.europesays.com\/fr\/wp-json\/wp\/v2\/comments?post=470898"}],"version-history":[{"count":0,"href":"https:\/\/www.europesays.com\/fr\/wp-json\/wp\/v2\/posts\/470898\/revisions"}],"wp:featuredmedia":[{"embeddable":true,"href":"https:\/\/www.europesays.com\/fr\/wp-json\/wp\/v2\/media\/470899"}],"wp:attachment":[{"href":"https:\/\/www.europesays.com\/fr\/wp-json\/wp\/v2\/media?parent=470898"}],"wp:term":[{"taxonomy":"category","embeddable":true,"href":"https:\/\/www.europesays.com\/fr\/wp-json\/wp\/v2\/categories?post=470898"},{"taxonomy":"post_tag","embeddable":true,"href":"https:\/\/www.europesays.com\/fr\/wp-json\/wp\/v2\/tags?post=470898"}],"curies":[{"name":"wp","href":"https:\/\/api.w.org\/{rel}","templated":true}]}}