{"id":470904,"date":"2025-10-17T21:35:12","date_gmt":"2025-10-17T21:35:12","guid":{"rendered":"https:\/\/www.europesays.com\/fr\/470904\/"},"modified":"2025-10-17T21:35:12","modified_gmt":"2025-10-17T21:35:12","slug":"le-tribunal-administratif-de-rouen-oblige-totalenergies-a-demonter-son-terminal-methanier-au","status":"publish","type":"post","link":"https:\/\/www.europesays.com\/fr\/470904\/","title":{"rendered":"Le tribunal administratif de Rouen oblige TotalEnergies \u00e0 d\u00e9monter son terminal m\u00e9thanier au"},"content":{"rendered":"<p>Le tribunal administratif de Rouen (Seine-Maritime), dans une d\u00e9cision de jeudi 16\u00a0octobre 2025, demande \u00e0\u00a0TotalEnergies de d\u00e9sinstaller<a href=\"https:\/\/caen.maville.com\/actu\/actudet_-a-quoi-servira-le-terminal-methanier-flottant-du-havre-qui-suscite-la-colere-des-ecologistes-_54135-5942291_actu.Htm\" target=\"_blank\" rel=\"noopener\"> son terminal m\u00e9thanier flottant dans le port du Havre<\/a> <strong>\u00ab\u00a0dans un d\u00e9lai de deux mois\u00a0\u00bb.<\/strong> L\u2019association \u00c9cologie pour Le Havre (EPLH) avait saisi cette instance judiciaire au nom de la d\u00e9fense de l\u2019environnement et de la lutte contre le r\u00e9chauffement climatique.<\/p>\n<p>Le 13\u00a0mars 2023, le minist\u00e8re de la Transition \u00e9nerg\u00e9tique a pris un arr\u00eat\u00e9 pour mettre en service un terminal m\u00e9thanier et traiter du gaz naturel liqu\u00e9fi\u00e9 (GNL) dans le contexte de la guerre en Ukraine et de menaces possibles sur\u00a0l\u2019approvisionnement de la France en GNL. Le Cape Ann, un navire dot\u00e9 d\u2019\u00e9quipements de regaz\u00e9ification, avait \u00e9t\u00e9 ancr\u00e9 en octobre\u00a02023 dans le port du Havre.<\/p>\n<p><strong>Lire aussi\u00a0: <\/strong> <a href=\"https:\/\/caen.maville.com\/actu\/actudet_-mobilisation-contre-le-terminal-methanier-au-havre-les-manifestants-relaxes-_53511-6673518_actu.Htm\" target=\"_blank\" rel=\"noopener\">Mobilisation contre le terminal m\u00e9thanier au Havre\u00a0: les manifestants relax\u00e9s<\/a><\/p>\n<p>Inutilis\u00e9 depuis ao\u00fbt\u00a02024<\/p>\n<p>L\u2019association EPLH a argument\u00e9 sur la capacit\u00e9 des quatre m\u00e9thaniers terrestres de France \u00e0 approvisionner en gaz est suffisante. L\u2019association a aussi <strong>\u00ab\u00a0fait valoir que les terminaux m\u00e9thaniers de Dunkerque, de Montoir et de Fos-Cavaou pr\u00e9voient des travaux d\u2019extension de leurs capacit\u00e9s, ce qui amoindrit la n\u00e9cessit\u00e9 du maintien du terminal m\u00e9thanier flottant du Havre,<\/strong> observent les juges dans leurs observations. <strong>De plus, elle fait valoir que le <\/strong> <strong>terminal m\u00e9thanier flottant du Havre, qui repr\u00e9sente 8\u00a0% des capacit\u00e9s totales nationales, n\u2019a \u00e9t\u00e9 <\/strong> <strong>utilis\u00e9 entre janvier\u00a02024 et novembre\u00a02024 qu\u2019\u00e0 15\u00a0% de sa capacit\u00e9 et qu\u2019il <\/strong> <strong>est inutilis\u00e9 depuis ao\u00fbt\u00a02024, ce qui ressort d\u2019ailleurs des donn\u00e9es librement accessibles en ligne <\/strong> <strong>sur le site internet de Gas Insfrastructure <a href=\"https:\/\/www.gie.eu\/agsi-and-alsi-transparency-platforms\/\" target=\"_blank\" rel=\"noopener\">Europe alsi.gie.eu<\/a>.\u00a0\u00bb<\/strong><\/p>\n<p><strong>Lire aussi\u00a0: <\/strong> <a href=\"https:\/\/caen.maville.com\/actu\/actudet_-ils-avaient-conteste-l-arrivee-du-terminal-methanier-au-havre-les-militants-greenpeace-relaxes-_54135-6592011_actu.Htm\" target=\"_blank\" rel=\"noopener\">Ils avaient contest\u00e9 l\u2019arriv\u00e9e du terminal m\u00e9thanier au Havre\u00a0: les militants Greenpeace relax\u00e9s<\/a><\/p>\n<p>Un d\u00e9lai de deux mois pour abroger l\u2019autorisation d\u2019installation du m\u00e9thanier<\/p>\n<p>Le tribunal administratif de Rouen enjoint <strong>\u00ab\u00a0le ministre charg\u00e9 de l\u2019Energie de prendre une d\u00e9cision d\u2019abrogation de l\u2019arr\u00eat\u00e9 du 13\u00a0mars 2023 dans un d\u00e9lai de 2\u00a0mois\u00a0\u00bb.<\/strong><\/p>\n<p> <strong>\u00ab\u00a0C\u2019est une grosse victoire\u00a0\u00bb,<\/strong> celle <strong>\u00ab\u00a0du pot de terre contre le pot de fer\u00a0\u00bb,<\/strong> s\u2019est r\u00e9joui Julien Bayou, avocat de l\u2019association \u00c9cologie pour le Havre (EPLH), cit\u00e9 par l\u2019AFP (Agence France Presse). L\u2019avocat esp\u00e8re que de nombreuses autres associations <strong>\u00ab\u00a0se saisiront de cette d\u00e9cision pour d\u2019autres projets polluants qui ne sont plus n\u00e9cessaires\u00a0\u00bb.<\/strong> <\/p>\n<p>TotalEnergies a la possibilit\u00e9 de contester cette d\u00e9cision devant le Conseil d\u2019\u00c9tat.<\/p>\n<p>\u00a0<\/p>\n","protected":false},"excerpt":{"rendered":"Le tribunal administratif de Rouen (Seine-Maritime), dans une d\u00e9cision de jeudi 16\u00a0octobre 2025, demande \u00e0\u00a0TotalEnergies de d\u00e9sinstaller son&hellip;\n","protected":false},"author":2,"featured_media":470905,"comment_status":"","ping_status":"","sticky":false,"template":"","format":"standard","meta":{"footnotes":""},"categories":[9587],"tags":[1111,11,34492,14015,17592,1777,674,1011,27,17922,59468,12,5161,59467,25,9590,7729,33846,3693],"class_list":{"0":"post-470904","1":"post","2":"type-post","3":"status-publish","4":"format-standard","5":"has-post-thumbnail","7":"category-rouen","8":"tag-actu","9":"tag-actualites","10":"tag-administratif","11":"tag-alencon","12":"tag-demonter","13":"tag-eu","14":"tag-europe","15":"tag-fr","16":"tag-france","17":"tag-havre","18":"tag-methanier","19":"tag-news","20":"tag-normandie","21":"tag-oblige","22":"tag-republique-francaise","23":"tag-rouen","24":"tag-terminal","25":"tag-totalenergies","26":"tag-tribunal"},"share_on_mastodon":{"url":"https:\/\/pubeurope.com\/@fr\/115391661602478691","error":""},"_links":{"self":[{"href":"https:\/\/www.europesays.com\/fr\/wp-json\/wp\/v2\/posts\/470904","targetHints":{"allow":["GET"]}}],"collection":[{"href":"https:\/\/www.europesays.com\/fr\/wp-json\/wp\/v2\/posts"}],"about":[{"href":"https:\/\/www.europesays.com\/fr\/wp-json\/wp\/v2\/types\/post"}],"author":[{"embeddable":true,"href":"https:\/\/www.europesays.com\/fr\/wp-json\/wp\/v2\/users\/2"}],"replies":[{"embeddable":true,"href":"https:\/\/www.europesays.com\/fr\/wp-json\/wp\/v2\/comments?post=470904"}],"version-history":[{"count":0,"href":"https:\/\/www.europesays.com\/fr\/wp-json\/wp\/v2\/posts\/470904\/revisions"}],"wp:featuredmedia":[{"embeddable":true,"href":"https:\/\/www.europesays.com\/fr\/wp-json\/wp\/v2\/media\/470905"}],"wp:attachment":[{"href":"https:\/\/www.europesays.com\/fr\/wp-json\/wp\/v2\/media?parent=470904"}],"wp:term":[{"taxonomy":"category","embeddable":true,"href":"https:\/\/www.europesays.com\/fr\/wp-json\/wp\/v2\/categories?post=470904"},{"taxonomy":"post_tag","embeddable":true,"href":"https:\/\/www.europesays.com\/fr\/wp-json\/wp\/v2\/tags?post=470904"}],"curies":[{"name":"wp","href":"https:\/\/api.w.org\/{rel}","templated":true}]}}