{"id":470906,"date":"2025-10-17T21:36:32","date_gmt":"2025-10-17T21:36:32","guid":{"rendered":"https:\/\/www.europesays.com\/fr\/470906\/"},"modified":"2025-10-17T21:36:32","modified_gmt":"2025-10-17T21:36:32","slug":"basket-ball-lalliance-sport-alsace-se-relance-a-rouen","status":"publish","type":"post","link":"https:\/\/www.europesays.com\/fr\/470906\/","title":{"rendered":"Basket-ball. L\u2019Alliance Sport Alsace se relance \u00e0 Rouen"},"content":{"rendered":"<p>L\u2019Entente Gries-Souffel ne va pas si mal, merci pour elle\u00a0! Confront\u00e9e \u00e0 plusieurs blessures et sur une s\u00e9rie de quatre d\u00e9faites cons\u00e9cutives en championnat, la troupe de Nebojsa Bogavac a rallum\u00e9 la lumi\u00e8re, vendredi soir, avec une victoire probante sur le parquet de Rouen (100-82).<\/p>\n<p>Pourtant, la soir\u00e9e commence mal pour l\u2019Alliance Sport Alsace, qui se met en difficult\u00e9 dans le premier quart-temps. Impr\u00e9cis aux tirs, avec un 6 sur 17, les Alsaciens ne sont pas non plus au rebond et perdent quelques ballons facilement. Une aubaine pour des Normands, qui ne refusent pas l\u2019offrande. <\/p>\n<p>Rapidemen&#8230;<\/p>\n","protected":false},"excerpt":{"rendered":"L\u2019Entente Gries-Souffel ne va pas si mal, merci pour elle\u00a0! Confront\u00e9e \u00e0 plusieurs blessures et sur une s\u00e9rie&hellip;\n","protected":false},"author":2,"featured_media":470907,"comment_status":"","ping_status":"","sticky":false,"template":"","format":"standard","meta":{"footnotes":""},"categories":[9587],"tags":[1111,11,19459,1791,1777,674,1011,27,19460,12,5161,25,9590,517],"class_list":{"0":"post-470906","1":"post","2":"type-post","3":"status-publish","4":"format-standard","5":"has-post-thumbnail","7":"category-rouen","8":"tag-actu","9":"tag-actualites","10":"tag-alliance-sport-alsace","11":"tag-basket-ball","12":"tag-eu","13":"tag-europe","14":"tag-fr","15":"tag-france","16":"tag-gries","17":"tag-news","18":"tag-normandie","19":"tag-republique-francaise","20":"tag-rouen","21":"tag-sport"},"share_on_mastodon":{"url":"https:\/\/pubeurope.com\/@fr\/115391665893081072","error":""},"_links":{"self":[{"href":"https:\/\/www.europesays.com\/fr\/wp-json\/wp\/v2\/posts\/470906","targetHints":{"allow":["GET"]}}],"collection":[{"href":"https:\/\/www.europesays.com\/fr\/wp-json\/wp\/v2\/posts"}],"about":[{"href":"https:\/\/www.europesays.com\/fr\/wp-json\/wp\/v2\/types\/post"}],"author":[{"embeddable":true,"href":"https:\/\/www.europesays.com\/fr\/wp-json\/wp\/v2\/users\/2"}],"replies":[{"embeddable":true,"href":"https:\/\/www.europesays.com\/fr\/wp-json\/wp\/v2\/comments?post=470906"}],"version-history":[{"count":0,"href":"https:\/\/www.europesays.com\/fr\/wp-json\/wp\/v2\/posts\/470906\/revisions"}],"wp:featuredmedia":[{"embeddable":true,"href":"https:\/\/www.europesays.com\/fr\/wp-json\/wp\/v2\/media\/470907"}],"wp:attachment":[{"href":"https:\/\/www.europesays.com\/fr\/wp-json\/wp\/v2\/media?parent=470906"}],"wp:term":[{"taxonomy":"category","embeddable":true,"href":"https:\/\/www.europesays.com\/fr\/wp-json\/wp\/v2\/categories?post=470906"},{"taxonomy":"post_tag","embeddable":true,"href":"https:\/\/www.europesays.com\/fr\/wp-json\/wp\/v2\/tags?post=470906"}],"curies":[{"name":"wp","href":"https:\/\/api.w.org\/{rel}","templated":true}]}}