{"id":470908,"date":"2025-10-17T21:37:12","date_gmt":"2025-10-17T21:37:12","guid":{"rendered":"https:\/\/www.europesays.com\/fr\/470908\/"},"modified":"2025-10-17T21:37:12","modified_gmt":"2025-10-17T21:37:12","slug":"les-arts-du-recit-ouvrent-une-nouvelle-page-au-theatre-premol","status":"publish","type":"post","link":"https:\/\/www.europesays.com\/fr\/470908\/","title":{"rendered":"Les Arts du r\u00e9cit ouvrent une nouvelle page au th\u00e9\u00e2tre Pr\u00e9mol"},"content":{"rendered":"<p>Il y a un an encore, le nom du <a href=\"https:\/\/www.placegrenet.fr\/?s=Pr%C3%A9mol\" target=\"_blank\" rel=\"noopener nofollow\">th\u00e9\u00e2tre Pr\u00e9mo<\/a>l cris\u00adtal\u00adli\u00adsait <a href=\"https:\/\/www.placegrenet.fr\/2024\/09\/13\/mjc-premol-la-fin-de-la-convention-annoncee-par-la-ville-de-grenoble-suscite-de-vives-reactions\/635632\" target=\"_blank\" rel=\"noopener nofollow\">les ten\u00adsions<\/a> entre la MJC Pr\u00e9mol et la Ville de Grenoble apr\u00e8s l\u2019annonce par cette der\u00adni\u00e8re <a href=\"https:\/\/www.placegrenet.fr\/2024\/09\/17\/le-centre-des-arts-du-recit-futur-probable-locataire-du-theatre-premol-a-grenoble-on-ne-vient-pas-tuer-une-mjc\/635804\" target=\"_blank\" rel=\"noopener nofollow\">de la reprise du lieu<\/a> par <a href=\"https:\/\/www.artsdurecit.com\/#\" target=\"_blank\" rel=\"noopener nofollow\">le centre des Arts du r\u00e9cit<\/a>, label\u00adlis\u00e9 sc\u00e8ne d\u2019int\u00e9r\u00eat natio\u00adnal. Une reprise qui avait pu sus\u00adci\u00adter incom\u00adpr\u00e9\u00adhen\u00adsions et inqui\u00e9\u00adtudes, autant dans le milieu asso\u00adcia\u00adtif que <a href=\"https:\/\/www.placegrenet.fr\/2024\/10\/02\/mort-de-la-mjc-theatre-premol-lopposition-reclame-des-comptes-au-conseil-municipal-de-grenoble-sans-succes\/637036\" target=\"_blank\" rel=\"noopener nofollow\">poli\u00adtique<\/a>.<\/p>\n<p>Une ann\u00e9e plus tard, la sai\u00adson 2025\u200a\u2013\u200a2026\u00a0s\u2019ouvre dans un cli\u00admat apais\u00e9. Le pari de l\u2019\u00e9quipe\u00a0? Transformer les cris\u00adpa\u00adtions en dyna\u00admique col\u00adlec\u00adtive. \u00ab\u00a0Ce nou\u00adveau cha\u00adpitre, c\u2019est une fa\u00e7on de r\u00e9a\u00adli\u00adser plei\u00adne\u00adment nos mis\u00adsions artis\u00adtiques et cultu\u00adrelles\u00a0\u00bb, a\u2011t-elle d\u00e9clar\u00e9 lors de la soi\u00adr\u00e9e d\u2019ou\u00adver\u00adture, le 10 octobre 2025.<\/p>\n<p><img fetchpriority=\"high\" decoding=\"async\" aria-describedby=\"caption-attachment-623011\" class=\"wp-image-623011 size-full\" src=\"data:image\/svg+xml,%3Csvg%20xmlns=\" http:=\"\" alt=\"St\u00e9ph\u00e8ne Jourdain lors de la pr\u00e9sentation de la saison 2024-2025 des Arts du r\u00e9cit. \u00a9 Jo\u00ebl Kermabon - Place Gre'net\" width=\"2048\" height=\"1532\" data-lazy- data-lazy- data-lazy-src=\"https:\/\/www.europesays.com\/fr\/wp-content\/uploads\/2025\/10\/Stephene-Jourdain-Arts-du-recit-scaled.jpg\"\/><\/p>\n<p id=\"caption-attachment-623011\" class=\"wp-caption-text\">St\u00e9ph\u00e8ne Jourdain lors de la pr\u00e9\u00adsen\u00adta\u00adtion de la sai\u00adson 2024\u200a\u2013\u200a2025 des Arts du r\u00e9cit. \u00a9 Jo\u00ebl Kermabon \u2013 Place Gre\u2019net<\/p>\n<p>L\u2019installation du centre au Th\u00e9\u00e2tre Pr\u00e9mol concr\u00e9\u00adtise une ambi\u00adtion\u00a0: faire du conte non seule\u00adment un art, mais aussi un outil de ren\u00adcontre. \u00ab\u00a0Ce lieu sera pour les artistes un pla\u00adteau d\u2019accueil, pour les spec\u00adta\u00adteurs un espace de par\u00adtage, et pour les ama\u00adteurs un ate\u00adlier de pra\u00adtique\u00a0\u00bb, a expli\u00adqu\u00e9 St\u00e9ph\u00e8ne Jourdain.<\/p>\n<p>La direc\u00adtrice a par ailleurs insist\u00e9 sur l\u2019ancrage his\u00adto\u00adrique du conte. \u00ab\u00a0Le r\u00e9cit cr\u00e9e du lien entre les \u00e9poques, les cultures et les g\u00e9n\u00e9\u00adra\u00adtions. C\u2019est quelque chose dont nous avons besoin aujourd\u2019hui et qui donne du sens \u00e0 nos vies\u00a0\u00bb, a assur\u00e9 St\u00e9ph\u00e8ne Jourdain.<\/p>\n","protected":false},"excerpt":{"rendered":"Il y a un an encore, le nom du th\u00e9\u00e2tre Pr\u00e9mol cris\u00adtal\u00adli\u00adsait les ten\u00adsions entre la MJC Pr\u00e9mol&hellip;\n","protected":false},"author":2,"featured_media":470909,"comment_status":"","ping_status":"","sticky":false,"template":"","format":"standard","meta":{"footnotes":""},"categories":[9566],"tags":[1111,11,2430,1777,674,1011,27,2731,12,25],"class_list":{"0":"post-470908","1":"post","2":"type-post","3":"status-publish","4":"format-standard","5":"has-post-thumbnail","7":"category-grenoble","8":"tag-actu","9":"tag-actualites","10":"tag-auvergne-rhone-alpes","11":"tag-eu","12":"tag-europe","13":"tag-fr","14":"tag-france","15":"tag-grenoble","16":"tag-news","17":"tag-republique-francaise"},"share_on_mastodon":{"url":"https:\/\/pubeurope.com\/@fr\/115391669483103148","error":""},"_links":{"self":[{"href":"https:\/\/www.europesays.com\/fr\/wp-json\/wp\/v2\/posts\/470908","targetHints":{"allow":["GET"]}}],"collection":[{"href":"https:\/\/www.europesays.com\/fr\/wp-json\/wp\/v2\/posts"}],"about":[{"href":"https:\/\/www.europesays.com\/fr\/wp-json\/wp\/v2\/types\/post"}],"author":[{"embeddable":true,"href":"https:\/\/www.europesays.com\/fr\/wp-json\/wp\/v2\/users\/2"}],"replies":[{"embeddable":true,"href":"https:\/\/www.europesays.com\/fr\/wp-json\/wp\/v2\/comments?post=470908"}],"version-history":[{"count":0,"href":"https:\/\/www.europesays.com\/fr\/wp-json\/wp\/v2\/posts\/470908\/revisions"}],"wp:featuredmedia":[{"embeddable":true,"href":"https:\/\/www.europesays.com\/fr\/wp-json\/wp\/v2\/media\/470909"}],"wp:attachment":[{"href":"https:\/\/www.europesays.com\/fr\/wp-json\/wp\/v2\/media?parent=470908"}],"wp:term":[{"taxonomy":"category","embeddable":true,"href":"https:\/\/www.europesays.com\/fr\/wp-json\/wp\/v2\/categories?post=470908"},{"taxonomy":"post_tag","embeddable":true,"href":"https:\/\/www.europesays.com\/fr\/wp-json\/wp\/v2\/tags?post=470908"}],"curies":[{"name":"wp","href":"https:\/\/api.w.org\/{rel}","templated":true}]}}