{"id":470912,"date":"2025-10-17T21:39:44","date_gmt":"2025-10-17T21:39:44","guid":{"rendered":"https:\/\/www.europesays.com\/fr\/470912\/"},"modified":"2025-10-17T21:39:44","modified_gmt":"2025-10-17T21:39:44","slug":"saint-jean-23-infos-19-octobre-2025","status":"publish","type":"post","link":"https:\/\/www.europesays.com\/fr\/470912\/","title":{"rendered":"Saint Jean 23 infos 19 octobre 2025"},"content":{"rendered":"<blockquote><p>\nDieu fera justice \u00e0 ses \u00e9lus qui crient vers lui\n<\/p><\/blockquote>\n<p><img loading=\"lazy\" decoding=\"async\" class=\"aligncenter size-full wp-image-445784\" src=\"https:\/\/www.europesays.com\/fr\/wp-content\/uploads\/2025\/10\/dieu-fera-justice-a-ses-elus-qui-crient-vers-lui.jpg\" alt=\"\" width=\"620\" height=\"348\"  \/><br \/>\n(Luc 18, 1-8)<\/p>\n<p>\u2192 Vie de la paroisse<\/p>\n<ul>\n<li><strong>Samedi 18 octobre<\/strong> 9h30 salle paroissiale sur le parking de l\u2019\u00e9glise Saint-Martin (rue de la Pompe \u00e0 Rennes) : <strong>Assembl\u00e9e G\u00e9n\u00e9rale de l\u2019association des <\/strong><a href=\"http:\/\/www.orgue-saint-martin.org\/\" target=\"_blank\" rel=\"noopener nofollow\"><strong>\u00ab\u00a0Amis de l\u2019Orgue de Saint-Martin\u00a0\u00bb<\/strong><\/a><\/li>\n<li><strong>Dimanche 19 octobre 15h-17<\/strong>h30 salle paroissiale Saint Paul : <a href=\"https:\/\/rennes.catholique.fr\/actualite\/agenda-diocesain\/443574-conference-temoigner-pour-les-juifs-une-parole-catholique\/\" target=\"_blank\" rel=\"noopener nofollow\"><strong>Conf\u00e9rence \u00abT\u00e9moigner pour les Juifs, une parole catholique\u00bb<\/strong><\/a>. Jacqueline Cuche, pr\u00e9sidente de l\u2019association \u0153cum\u00e9nique Charles-P\u00e9guy, d\u00e9l\u00e9gu\u00e9e du dioc\u00e8se de Strasbourg pour les relations avec le juda\u00efsme. Peut-\u00eatre n\u2019a-t-il jamais \u00e9t\u00e9 aussi n\u00e9cessaire qu\u2019aujourd\u2019hui de rappeler l\u2019\u00e9troitesse du lien qui relie, de fa\u00e7on toute particuli\u00e8re car unique, juifs et chr\u00e9tiens.<\/li>\n<\/ul>\n<p><img loading=\"lazy\" decoding=\"async\" class=\"attachment-rect-260-146 size-rect-260-146 wp-post-image aligncenter\" src=\"https:\/\/www.europesays.com\/fr\/wp-content\/uploads\/2025\/10\/Logo_Groupe-Jules-Isaac_AJCF-260x146.jpg\" alt=\"\" width=\"260\" height=\"146\"\/><\/p>\n<ul>\n<li><strong>Dimanche 19 octobre<\/strong> (3e du mois) 18h \u00e9glise Saint-Martin : <a href=\"https:\/\/rennes.catholique.fr\/actualite\/agenda-diocesain\/445273-messe-en-espagnol-misa-en-espanol-3\/\" target=\"_blank\" rel=\"noopener nofollow\"><strong>Messe en espagnol<\/strong><\/a><strong>. <\/strong>Procession en honneur au \u00ab\u00a0Seigneur des miracles\u00a0\u00bb (f\u00eate en Am\u00e9rique latine) et un partage apr\u00e8s la messe (si possible, merci d\u2019apporter des sp\u00e9cialit\u00e9s de votre pays).<\/li>\n<li><strong>Dimanche 19 octobre<\/strong> 18h Saint-Paul : <a href=\"https:\/\/rennes.catholique.fr\/actualite\/agenda-diocesain\/445270-messe-en-anglais-mass-in-english-5\/\" target=\"_blank\" rel=\"noopener nofollow\"><strong>Messe en anglais<\/strong><\/a>.<\/li>\n<li><strong>Mardi 21 octobre<\/strong> 9h30 : <strong>M\u00e9nage\/balayage de l\u2019\u00e9glise Saint-Paul<\/strong>.<\/li>\n<li><strong>Tous les mercredis 18h30 : Chapelet<\/strong> devant l\u2019\u00e9glise <strong>Saint-Martin.<\/strong><\/li>\n<\/ul>\n<p><strong>Messes de la Toussaint :<\/strong><\/p>\n<ul>\n<li><strong>Vendredi 31 octobre 18h Saint-Paul\u00a0: messe anticip\u00e9e.<\/strong><\/li>\n<li><strong>Samedi 1er novembre 10h30 Saint-Martin\u00a0: messe du jour, suivie d\u2019une pri\u00e8re au Cimeti\u00e8re du Nord.<\/strong><\/li>\n<li><strong>Dimanche 2 novembre 10h Saint-Paul\u00a0: messe des D\u00e9funts. <\/strong><strong>Pas de messe anticip\u00e9e \u00e0 Saint-Martin le samedi soir.<\/strong><\/li>\n<\/ul>\n<p><strong>Cat\u00e9ch\u00e8se 2025-2026 : Inscriptions<\/strong><\/p>\n<p>Cliquez sur le lien pour toute inscription \u00e0 la cat\u00e9ch\u00e8se pour l\u2019ann\u00e9e 2025-2026 : <a href=\"https:\/\/public.enoria.app\/pubinsc\/auth?type=groupe&amp;t=a56af5e1067e242\" target=\"_blank\" rel=\"noopener nofollow\"><strong>https:\/\/public.enoria.app\/pubinsc\/auth?type=groupe&amp;t=a56af5e1067e242<\/strong><\/a><br \/>Ou flashez le QR code :<\/p>\n<p><strong><img loading=\"lazy\" decoding=\"async\" class=\"aligncenter wp-image-444004\" src=\"https:\/\/www.europesays.com\/fr\/wp-content\/uploads\/2025\/09\/qrcode-inscription-cate-2025-2026.jpg\" alt=\"\" width=\"106\" height=\"105\"  \/><\/strong><\/p>\n<p><a href=\"https:\/\/rennes.catholique.fr\/services\/catechese\/431627-jubile-le-bas-relief\/\" target=\"_blank\" rel=\"noopener nofollow\"><strong data-wp-editing=\"1\">Le bas-relief du Jubil\u00e9<\/strong><\/a><\/p>\n<p>Signe du Jubil\u00e9 pour notre dioc\u00e8se, un bas-relief de la Sainte Famille est pr\u00e9sent dans chaque paroisse, et donc bien s\u00fbr dans notre paroisse Saint Jean XXIII. <strong>Si vous souhaitez le recevoir chez vous, merci de vous adresser \u00e0 l\u2019accueil (horaires et coordonn\u00e9es sur la page d\u2019accueil du site internet de la paroisse) ou de vous inscrire sur la feuille lors des messes dominicales<\/strong>. Celui-ci est accompagn\u00e9 d\u2019un <a href=\"https:\/\/rennes.catholique.fr\/jubile-2025-dans-le-diocese\/430425-le-guide-du-jubile\/\" target=\"_blank\" rel=\"noopener nofollow\">guide<\/a> du jubil\u00e9, ainsi qu\u2019un signet-pri\u00e8re.<\/p>\n<p><a href=\"https:\/\/www.europesays.com\/fr\/wp-content\/uploads\/2025\/04\/bas-relief-jubile-2025.jpg\" target=\"_blank\" rel=\"noopener\"><img loading=\"lazy\" decoding=\"async\" class=\"wp-image-431655\" src=\"https:\/\/www.europesays.com\/fr\/wp-content\/uploads\/2025\/04\/bas-relief-jubile-2025.jpg\" alt=\"\" width=\"165\" height=\"202\"  \/><\/a>La Sainte Famille : bas-relief paroissial de l\u2019ann\u00e9e jubilaire 2025<\/p>\n<p><img loading=\"lazy\" decoding=\"async\" class=\"aligncenter wp-image-431656 size-full\" src=\"https:\/\/www.europesays.com\/fr\/wp-content\/uploads\/2025\/04\/bouton-jubile-2025.jpg\" alt=\"\" width=\"300\" height=\"42\"\/><\/p>\n<p><strong>Nos pr\u00eatres c\u00e9l\u00e8brent la messe tous les jours, en communion avec nous, et \u00e0 nos intentions<\/strong><\/p>\n<ul>\n<li>Samedi 18 octobre 18h Saint-Martin : Mlle Labou\u00e8re+<\/li>\n<li>Dimanche 19 octobre 10h30 Saint-Paul : Mr Georges Norbert+<\/li>\n<li>Mercredi 22 octobre 18h30 Saint-Paul : Mr Jean-Pol Hubert+, Les \u00c2mes du purgatoire<\/li>\n<li>Jeudi 23 octobre 8h30 Saint-Martin : Les d\u00e9funts de la famille Boucher<\/li>\n<li>Samedi 25 octobre 18h Saint-Martin : Les s\u0153urs d\u00e9c\u00e9d\u00e9es de la Communaut\u00e9 de l\u2019Immacul\u00e9e Conception<\/li>\n<\/ul>\n<p><strong>Obs\u00e8ques<\/strong><\/p>\n<ul>\n<li><strong>Mercredi 15 octobre : Mr Jacques Radufe (Saint-Paul)<\/strong><\/li>\n<li><strong>Jeudi 16 octobre : Mme Clothilde Conan (Saint-Paul), Mme Colette Savary (Saint-Martin)<\/strong><\/li>\n<li><strong>Vendredi 17 octobre : Mr Andr\u00e9 Loisons<\/strong><\/li>\n<li>Vendredi 24 octobre : Mr Jean-Michel \u00a0Jamet (Saint-Paul 10h30)<\/li>\n<\/ul>\n<p><strong>Bapt\u00eames<\/strong><\/p>\n<ul>\n<li>Samedi 18 octobre : \u00a0Constance Roux (Saint-Paul)<\/li>\n<li>Samedi 25 octobre : Lucas Levacher (Saint-\u00c9tienne \u2013 Loire)<\/li>\n<li>Dimanche 26 octobre : Tom Chevrel-Soullard (Saint-Paul)<\/li>\n<\/ul>\n<p>\u00a0<\/p>\n<p>\u2192 Dans le dioc\u00e8se, et au-del\u00e0\u2026<\/p>\n<p><strong>9h45-18h du lundi au jeudi et 9h30-20h du vendredi au dimanche<\/strong> Rennes, Basilique Notre-Dame de Bonne Nouvelle : <a href=\"https:\/\/basiliquesaintaubinnotredamedebonnenouvelle.com\/exposition.html\" target=\"_blank\" rel=\"noopener nofollow\"><strong>Exposition \u00abUne vie en mission\u00bb sur Marcel Callo<\/strong><\/a><strong>.\u00a0<\/strong>Immersion dans le contexte historique de la Seconde Guerre mondiale et de la vie du Bienheureux Marcel Callo. Visites guid\u00e9es propos\u00e9es par le dioc\u00e8se de Rennes. Entr\u00e9e libre.<\/p>\n<p>\u00a0<\/p>\n<p><img loading=\"lazy\" decoding=\"async\" class=\"sppb-img-responsive ls-is-cached lazyloaded aligncenter\" title=\"\" alt=\"Image\" width=\"261\" height=\"174\" src=\"https:\/\/www.europesays.com\/fr\/wp-content\/uploads\/2025\/10\/livret-exposition-marcel-callo-dscf8548.jpg\"\/><\/p>\n<p>\u00a0<\/p>\n<p><a href=\"https:\/\/www.opm-france.org\/tout-savoir\/semaine-missionnaire-mondiale\/\" target=\"_blank\" rel=\"noopener nofollow\"><img loading=\"lazy\" decoding=\"async\" class=\"shrinkToFit\" src=\"https:\/\/www.europesays.com\/fr\/wp-content\/uploads\/2025\/10\/Affiche-Semaine-Missionnaire-2025_A3.jpg\" alt=\"https:\/\/www.europesays.com\/fr\/wp-content\/uploads\/2025\/10\/Affiche-Semaine-Missionnaire-2025_A3.jpg\" width=\"401\" height=\"567\"\/><\/a>Cliquez sur l\u2019image pour acc\u00e9der au site<\/p>\n<p>\u00a0<\/p>\n<p>\u00a0<\/p>\n<p>\u00a0<\/p>\n<p><strong>Samedi 18 octobre<\/strong> 9h-12h Rennes, Maison dioc\u00e9saine : <a href=\"https:\/\/rennes.catholique.fr\/actualite\/agenda-diocesain\/444882-presentation-de-lintelligence-artificielle-ia\/\" target=\"_blank\" rel=\"noopener nofollow\"><strong>Pr\u00e9sentation de l\u2019Intelligence Artificielle, IA<\/strong><\/a>. Histoire, usages, potentiels, enjeux, \u00e9thique, risques et limites, spiritualit\u00e9, opportunit\u00e9s\u2026<\/p>\n<p><img loading=\"lazy\" decoding=\"async\" class=\"attachment-rect-260-146 size-rect-260-146 wp-post-image aligncenter\" src=\"https:\/\/www.europesays.com\/fr\/wp-content\/uploads\/2025\/09\/171113-Logo-MCR35-1.jpg\" alt=\"\" width=\"260\" height=\"146\"\/><\/p>\n<p><strong>Le <\/strong><a href=\"https:\/\/annuaire.ille-et-vilaine.fr\/organisme\/15-collectif-dignite-cimetiere-rennes\" target=\"_blank\" rel=\"noopener nofollow\"><strong>Collectif Dignit\u00e9 Cimeti\u00e8re<\/strong><\/a> accompagne les personnes d\u00e9c\u00e9d\u00e9es \u00e0 la rue, dans la pr\u00e9carit\u00e9 ou l\u2019isolement. A l\u2019occasion de la Toussaint, chacun est invit\u00e9 pour leur rendre hommage :<\/p>\n<ul>\n<li><strong>Vendredi 24 octobre<\/strong> 17h30 Rennes, Place de l\u2019Hotel de Ville : <strong>Pour un hommage au c\u0153ur de la ville.<\/strong><\/li>\n<li><strong>Vendredi 31 octobre<\/strong> 16h30 Rennes, Cimeti\u00e8re de l\u2019Est : <strong>Une fleur pour la dignit\u00e9.<\/strong> Rendez-vous 16h15 \u00e0 l\u2019entr\u00e9e. Proclamation des personnes d\u00e9c\u00e9d\u00e9es, t\u00e9moignages, fleurissement des tombes, temps de recueillement, musique, po\u00e8me.<\/li>\n<\/ul>\n<p><img loading=\"lazy\" decoding=\"async\" class=\"sFlh5c FyHeAf iPVvYb aligncenter\" src=\"https:\/\/www.europesays.com\/fr\/wp-content\/uploads\/2025\/10\/Fleur-de-vie-1-1024x683.jpg\" alt=\"Histoire du collectif Dignit\u00e9 Cimeti\u00e8re - Le 6 Espace Rencontre et Initiatives\" width=\"260\" height=\"174\"\/><\/p>\n<p>\u00a0<\/p>\n<p><a href=\"https:\/\/rennes.catholique.fr\/actualite\/agenda-diocesain\/444499-soiree-petales-de-roses-avec-la-cte-des-beatitudes\/\" target=\"_blank\" rel=\"noopener nofollow\"><img loading=\"lazy\" decoding=\"async\" class=\"wp-image-444501\" src=\"https:\/\/www.europesays.com\/fr\/wp-content\/uploads\/2025\/10\/peiniere-soiree-petales-de-rose.jpg\" alt=\"\" width=\"360\" height=\"502\"  \/><\/a>Cliquez sur l\u2019image<\/p>\n<p>\u00a0<\/p>\n<p><a href=\"https:\/\/paris.congresmission.com\/\" target=\"_blank\" rel=\"noopener nofollow\"><img loading=\"lazy\" decoding=\"async\" class=\"attachment-large wp-image-7030\" src=\"https:\/\/www.europesays.com\/fr\/wp-content\/uploads\/2025\/05\/Capture-decran-2025-04-29-111948.png\" alt=\"\" width=\"335\" height=\"419\"\/><\/a>Cliquez sur l\u2019image pour acc\u00e9der au site<br \/>\n<a href=\"https:\/\/rennes.catholique.fr\/services\/pelerinages-diocesains\/437564-pelerinage-a-rome-jubile-2025\/\" target=\"_blank\" rel=\"noopener nofollow\"><img loading=\"lazy\" decoding=\"async\" class=\"vc_single_image-img attachment-full\" title=\"P\u00e9l\u00e9 Rome - Couv dossier\" src=\"https:\/\/www.europesays.com\/fr\/wp-content\/uploads\/2025\/05\/pele-rome-couv-dossier.jpg\" alt=\"\" width=\"500\" height=\"709\"\/><\/a>Cliquez sur l\u2019image pour infos et inscriptions. Date limite d\u2019inscription : mercredi 10 septembre !<\/p>\n<p>\u00a0<\/p>\n<p><img loading=\"lazy\" decoding=\"async\" class=\"aligncenter size-full wp-image-333310\" src=\"https:\/\/www.europesays.com\/fr\/wp-content\/uploads\/2025\/04\/Ligne-galets.jpg\" alt=\"galet\" width=\"526\" height=\"35\"  \/><\/p>\n","protected":false},"excerpt":{"rendered":"Dieu fera justice \u00e0 ses \u00e9lus qui crient vers lui (Luc 18, 1-8) \u2192 Vie de la paroisse&hellip;\n","protected":false},"author":2,"featured_media":470913,"comment_status":"","ping_status":"","sticky":false,"template":"","format":"standard","meta":{"footnotes":""},"categories":[2821],"tags":[1111,11,829,1777,674,1011,27,12,584,25],"class_list":{"0":"post-470912","1":"post","2":"type-post","3":"status-publish","4":"format-standard","5":"has-post-thumbnail","7":"category-rennes","8":"tag-actu","9":"tag-actualites","10":"tag-bretagne","11":"tag-eu","12":"tag-europe","13":"tag-fr","14":"tag-france","15":"tag-news","16":"tag-rennes","17":"tag-republique-francaise"},"share_on_mastodon":{"url":"https:\/\/pubeurope.com\/@fr\/115391678347742043","error":""},"_links":{"self":[{"href":"https:\/\/www.europesays.com\/fr\/wp-json\/wp\/v2\/posts\/470912","targetHints":{"allow":["GET"]}}],"collection":[{"href":"https:\/\/www.europesays.com\/fr\/wp-json\/wp\/v2\/posts"}],"about":[{"href":"https:\/\/www.europesays.com\/fr\/wp-json\/wp\/v2\/types\/post"}],"author":[{"embeddable":true,"href":"https:\/\/www.europesays.com\/fr\/wp-json\/wp\/v2\/users\/2"}],"replies":[{"embeddable":true,"href":"https:\/\/www.europesays.com\/fr\/wp-json\/wp\/v2\/comments?post=470912"}],"version-history":[{"count":0,"href":"https:\/\/www.europesays.com\/fr\/wp-json\/wp\/v2\/posts\/470912\/revisions"}],"wp:featuredmedia":[{"embeddable":true,"href":"https:\/\/www.europesays.com\/fr\/wp-json\/wp\/v2\/media\/470913"}],"wp:attachment":[{"href":"https:\/\/www.europesays.com\/fr\/wp-json\/wp\/v2\/media?parent=470912"}],"wp:term":[{"taxonomy":"category","embeddable":true,"href":"https:\/\/www.europesays.com\/fr\/wp-json\/wp\/v2\/categories?post=470912"},{"taxonomy":"post_tag","embeddable":true,"href":"https:\/\/www.europesays.com\/fr\/wp-json\/wp\/v2\/tags?post=470912"}],"curies":[{"name":"wp","href":"https:\/\/api.w.org\/{rel}","templated":true}]}}