{"id":470914,"date":"2025-10-17T21:40:24","date_gmt":"2025-10-17T21:40:24","guid":{"rendered":"https:\/\/www.europesays.com\/fr\/470914\/"},"modified":"2025-10-17T21:40:24","modified_gmt":"2025-10-17T21:40:24","slug":"rennes-un-gala-ou-arts-martiaux-emploi-et-entrepreneuriat-se-rencontrent","status":"publish","type":"post","link":"https:\/\/www.europesays.com\/fr\/470914\/","title":{"rendered":"Rennes. Un gala o\u00f9 arts martiaux, emploi et entrepreneuriat se rencontrent"},"content":{"rendered":"<p>            <a href=\"https:\/\/unidivers.fr\/wp-content\/uploads\/2025\/10\/rennes-gala-entrepreneur.jpg\" data-caption=\"\" rel=\"nofollow noopener\" target=\"_blank\"><img loading=\"lazy\" decoding=\"async\" width=\"696\" height=\"465\" class=\"entry-thumb td-modal-image\" src=\"https:\/\/www.europesays.com\/fr\/wp-content\/uploads\/2025\/10\/rennes-gala-entrepreneur-696x465.jpg\"   alt=\"rennes gala entrepreneur\" title=\"rennes gala entrepreneur\" data-eio=\"p\"\/><\/a><\/p>\n<p>Discipline, d\u00e9termination, respect, partage : et si les valeurs des arts martiaux \u00e9clairaient nos fa\u00e7ons d\u2019entrer dans la vie professionnelle ? C\u2019est le pari du\u00a0<strong>Gala de l\u2019emploi et de l\u2019entrepreneuriat<\/strong>, qui revient pour sa\u00a0<strong>troisi\u00e8me \u00e9dition<\/strong>\u00a0\u00e0 Rennes. Jeudi 23 octobre 2025, la\u00a0<strong>salle des Cadets de Bretagne<\/strong>\u00a0se transforme en dojo-forum : au centre, un\u00a0<strong>grand tatami<\/strong>\u00a0pour s\u2019initier \u00e0 plusieurs disciplines ; autour, trois\u00a0<strong>villages<\/strong>\u00a0pour l\u2019emploi, l\u2019entrepreneuriat et l\u2019insertion.<\/p>\n<p>Imagin\u00e9 par\u00a0<strong>Pierre-Yves Hantraye<\/strong>\u00a0(charg\u00e9 d\u2019animation territoriale pour\u00a0<strong>WE KER<\/strong>) et\u00a0<strong>Ahmed Ait Chikh<\/strong>\u00a0(pr\u00e9sident de\u00a0<strong>Key Form &amp; Solutions<\/strong>), l\u2019\u00e9v\u00e9nement a pris de l\u2019ampleur au fil des ans, jusqu\u2019\u00e0 accueillir des d\u00e9monstrations tr\u00e8s suivies \u2013 l\u2019an dernier, un\u00a0<strong>breakdance<\/strong>\u00a0en \u00e9cho aux JO a fait sensation. L\u2019id\u00e9e reste la m\u00eame :\u00a0<strong>baisser les barri\u00e8res<\/strong>\u00a0entre sportifs, recruteurs, porteurs de projets et structures d\u2019accompagnement, pour que les parcours se rencontrent\u2026 et se d\u00e9bloquent.<\/p>\n<p>Sur le tatami, place aux\u00a0<strong>initiations<\/strong>\u00a0:\u00a0<strong>muay tha\u00ef<\/strong>,\u00a0<strong>jiu-jitsu br\u00e9silien<\/strong>,\u00a0<strong>karat\u00e9<\/strong>,\u00a0<strong>capoeira<\/strong>. En bord de tapis, trois espaces fonctionnent en continu.<br \/>\u2022\u00a0<strong>Village de l\u2019emploi<\/strong>\u00a0: des entreprises qui recrutent dans le\u00a0<strong>BTP<\/strong>, la\u00a0<strong>restauration<\/strong>, le\u00a0<strong>commerce<\/strong>, les\u00a0<strong>services \u00e0 la personne<\/strong>, le\u00a0<strong>sport<\/strong>, et au-del\u00e0.<br \/>\u2022\u00a0<strong>Village de l\u2019entrepreneuriat<\/strong>\u00a0: informations, conseils, premiers pas pour\u00a0<strong>cr\u00e9er son activit\u00e9<\/strong>.<br \/>\u2022\u00a0<strong>Village de l\u2019insertion<\/strong>\u00a0: dispositifs et accompagnements pour\u00a0<strong>rebondir<\/strong>\u00a0et\u00a0<strong>retrouver le chemin de l\u2019emploi<\/strong>.<\/p>\n<p>Des\u00a0<strong>championnes et champions<\/strong>\u00a0viendront partager leurs trajectoires, souvent \u00e0 la crois\u00e9e du haut niveau et de l\u2019initiative individuelle. Moment-cl\u00e9 : un\u00a0<strong>concours de pitch<\/strong>\u00a0pour pr\u00e9senter son projet professionnel devant un jury. L\u2019ambiance est r\u00e9solument\u00a0<strong>accessible et concr\u00e8te<\/strong>\u00a0: on essaie, on pose des questions, on rencontre, on affine son cap.<\/p>\n<p>Donn\u00e9es pratiques<\/p>\n<ul class=\"wp-block-list\">\n<li><strong>\u00c9v\u00e9nement<\/strong>\u00a0: Gala de l\u2019emploi et de l\u2019entrepreneuriat \u2013 3\u1d49 \u00e9dition<\/li>\n<li><strong>Date<\/strong>\u00a0:\u00a0<strong>Jeudi 23 octobre 2025<\/strong><\/li>\n<li><strong>Horaires<\/strong>\u00a0:\u00a0<strong>13h \u2192 19h<\/strong><\/li>\n<li><strong>Lieu<\/strong>\u00a0:\u00a0<strong>Salle des Cadets de Bretagne<\/strong>, Rennes<\/li>\n<li><strong>Au programme<\/strong>\u00a0: initiations (muay tha\u00ef, jiu-jitsu br\u00e9silien, karat\u00e9, capoeira) ; stands en continu (emploi, entrepreneuriat, insertion) ; t\u00e9moignages d\u2019athl\u00e8tes ;\u00a0<strong>concours de pitch<\/strong><\/li>\n<li><strong>Secteurs qui recrutent<\/strong>\u00a0:\u00a0<strong>BTP<\/strong>,\u00a0<strong>restauration<\/strong>,\u00a0<strong>commerce<\/strong>,\u00a0<strong>services \u00e0 la personne<\/strong>,\u00a0<strong>sport<\/strong>\u00a0(liste non exhaustive)<\/li>\n<li><strong>Organisation<\/strong>\u00a0:\u00a0<strong>WE KER<\/strong>, en partenariat avec\u00a0<strong>Key Form &amp; Solutions<\/strong><\/li>\n<li><strong>Renseignements<\/strong>\u00a0: plus d\u2019informations sur le\u00a0<strong>site de WE KER<\/strong><\/li>\n<\/ul>\n","protected":false},"excerpt":{"rendered":"Discipline, d\u00e9termination, respect, partage : et si les valeurs des arts martiaux \u00e9clairaient nos fa\u00e7ons d\u2019entrer dans la&hellip;\n","protected":false},"author":2,"featured_media":470915,"comment_status":"","ping_status":"","sticky":false,"template":"","format":"standard","meta":{"footnotes":""},"categories":[2821],"tags":[1111,11,829,1777,674,1011,27,12,584,25],"class_list":{"0":"post-470914","1":"post","2":"type-post","3":"status-publish","4":"format-standard","5":"has-post-thumbnail","7":"category-rennes","8":"tag-actu","9":"tag-actualites","10":"tag-bretagne","11":"tag-eu","12":"tag-europe","13":"tag-fr","14":"tag-france","15":"tag-news","16":"tag-rennes","17":"tag-republique-francaise"},"share_on_mastodon":{"url":"https:\/\/pubeurope.com\/@fr\/115391681492334061","error":""},"_links":{"self":[{"href":"https:\/\/www.europesays.com\/fr\/wp-json\/wp\/v2\/posts\/470914","targetHints":{"allow":["GET"]}}],"collection":[{"href":"https:\/\/www.europesays.com\/fr\/wp-json\/wp\/v2\/posts"}],"about":[{"href":"https:\/\/www.europesays.com\/fr\/wp-json\/wp\/v2\/types\/post"}],"author":[{"embeddable":true,"href":"https:\/\/www.europesays.com\/fr\/wp-json\/wp\/v2\/users\/2"}],"replies":[{"embeddable":true,"href":"https:\/\/www.europesays.com\/fr\/wp-json\/wp\/v2\/comments?post=470914"}],"version-history":[{"count":0,"href":"https:\/\/www.europesays.com\/fr\/wp-json\/wp\/v2\/posts\/470914\/revisions"}],"wp:featuredmedia":[{"embeddable":true,"href":"https:\/\/www.europesays.com\/fr\/wp-json\/wp\/v2\/media\/470915"}],"wp:attachment":[{"href":"https:\/\/www.europesays.com\/fr\/wp-json\/wp\/v2\/media?parent=470914"}],"wp:term":[{"taxonomy":"category","embeddable":true,"href":"https:\/\/www.europesays.com\/fr\/wp-json\/wp\/v2\/categories?post=470914"},{"taxonomy":"post_tag","embeddable":true,"href":"https:\/\/www.europesays.com\/fr\/wp-json\/wp\/v2\/tags?post=470914"}],"curies":[{"name":"wp","href":"https:\/\/api.w.org\/{rel}","templated":true}]}}