{"id":470918,"date":"2025-10-17T21:42:10","date_gmt":"2025-10-17T21:42:10","guid":{"rendered":"https:\/\/www.europesays.com\/fr\/470918\/"},"modified":"2025-10-17T21:42:10","modified_gmt":"2025-10-17T21:42:10","slug":"strasbourg-le-duo-beraldo-zabarnyi-sest-totalement-troue","status":"publish","type":"post","link":"https:\/\/www.europesays.com\/fr\/470918\/","title":{"rendered":"Strasbourg : le duo Beraldo-Zabarnyi s\u2019est totalement trou\u00e9 !"},"content":{"rendered":"<p>Des buts, du spectacle, de l\u2019intensit\u00e9, une justesse technique rarement observ\u00e9e dans l\u2019\u00e9lite du football fran\u00e7ais. Ce PSG-Strasbourg (3-3) ouvrant le bal de la 8e journ\u00e9e de <a href=\"https:\/\/www.footmercato.net\/france\/ligue-1\/\" rel=\"nofollow noopener\" target=\"_blank\">Ligue 1<\/a> a clairement r\u00e9pondu aux attentes des amoureux du ballon rond. Avec une moyenne d\u2019\u00e2ge de 22 ans et 78 jours au coup d\u2019envoi, soit la deuxi\u00e8me plus basse depuis 1947\/48, les 22 acteurs titularis\u00e9s au Parc des Princes ont rappel\u00e9 au monde entier que le championnat de France restait plus que jamais comp\u00e9titif. <\/p>\n<p>            La suite apr\u00e8s cette publicit\u00e9<\/p>\n<p>        Zabarnyi a souffert face \u00e0 Panichelli<\/p>\n<p>Oui mais voil\u00e0, si certaines individualit\u00e9s (Barco, Panichelli, Barcola, Za\u00efre-Emery) sont clairement sorties du lot, d\u2019autres sont totalement pass\u00e9es au travers, \u00e0 l\u2019instar d\u2019Illia Zabarnyi et <a href=\"https:\/\/www.footmercato.net\/joueur\/lucas-lopes-beraldo\/\" rel=\"nofollow noopener\" target=\"_blank\">Lucas Beraldo<\/a>. Align\u00e9s dans l\u2019axe de la d\u00e9fense parisienne, les deux d\u00e9fenseurs centraux sont compl\u00e9tement pass\u00e9s \u00e0 c\u00f4t\u00e9 de leur match. Pris dans les airs sur l\u2019\u00e9galisation strasbourgeoise sign\u00e9e Joaqu\u00edn Panichelli (26e), l\u2019international ukrainien (53 s\u00e9lections, 3 buts) a fait preuve d\u2019une inqui\u00e9tante fragilit\u00e9. <\/p>\n<p>Peu aid\u00e9 par Senny Mayulu, titularis\u00e9 dans un r\u00f4le in\u00e9dit de lat\u00e9ral droit, le num\u00e9ro 6 francilien a v\u00e9cu un v\u00e9ritable calvaire face aux attaquants alsaciens. Souvent domin\u00e9 dans le duel, g\u00ean\u00e9 par la vivacit\u00e9 des offensifs du RCSA et trop lent dans ses d\u00e9placements, le droitier d\u20191m89 se faisait encore enrhumer sur le troisi\u00e8me but des visiteurs. Sorti au devant de Diego Moreira apr\u00e8s une relance maladroite de son comp\u00e8re de d\u00e9fense, le natif de Kiev laissait Panichelli filer dans son dos et ne pouvait que constater les d\u00e9g\u00e2ts (49e).<\/p>\n<p>            La suite apr\u00e8s cette publicit\u00e9<\/p>\n<p>        Beraldo encore trop friable<\/p>\n<p>En grande souffrance, la recrue estivale des champions d\u2019Europe en titre, <a href=\"https:\/\/www.footmercato.net\/a2701716017078576771-psg-strasbourg-les-notes-du-match\" rel=\"nofollow noopener\" target=\"_blank\">cr\u00e9dit\u00e9e d\u2019un 3 par la r\u00e9daction FM<\/a>, profitait finalement de l\u2019entr\u00e9e en jeu de Willian Pacho pour retrouver une certaine tranquillit\u00e9. Un match \u00e0 oublier, tout comme celui de son comp\u00e8re de d\u00e9fense, Lucas Beraldo. D\u2019abord largu\u00e9 dans le duel devant Panichelli (10e), le Br\u00e9silien a trop souvent failli dans cette rencontre, notamment face \u00e0 la vivacit\u00e9 d\u2019Enciso (32e). Peu rassurant, il commettait m\u00eame l\u2019irr\u00e9parable sur le troisi\u00e8me but des Alsaciens. <\/p>\n<p>Coupable d\u2019une remise maladroite sur Moreira, il permettait aux visiteurs de faire le break (49e). Une b\u00e9vue finalement rattrap\u00e9e par les r\u00e9alisations de Gon\u00e7alo Ramos, sur penalty, et Senny Mayulu, en fin de match, mais qui ne fera toutefois pas oublier la fragilit\u00e9 d\u00e9fensive des Parisiens ce vendredi soir. \u00abC\u2019est vrai qu\u2019en deuxi\u00e8me mi-temps, on ne doit pas prendre ce but\u00bb, avouait d\u2019ailleurs Lucas Hernandez, lui aussi d\u00e9cevant, au micro de Ligue1+. <\/p>\n<p>            La suite apr\u00e8s cette publicit\u00e9<\/p>\n<p>Et d\u2019ajouter : \u00abon prend des buts que normalement, on ne doit pas prendre, on doit \u00eatre plus solide que \u00e7a. Si on veut lutter pour ce championnat, il faut parfois \u00eatre un peu plus agressif. Mais, voil\u00e0, c\u2019est le foot, ils ont fait un bon match. Malheureusement, on a accroch\u00e9 que le nul, mais on voulait la victoire bien s\u00fbr\u00bb. Plomb\u00e9 par sa d\u00e9fense, le <a href=\"https:\/\/www.footmercato.net\/club\/psg\/\" rel=\"nofollow noopener\" target=\"_blank\">Paris Saint-Germain<\/a>, <a href=\"https:\/\/www.footmercato.net\/france\/ligue-1\/classement\" rel=\"nofollow noopener\" target=\"_blank\">encore provisoirement leader du championnat de France<\/a>, devra d\u00e9sormais esp\u00e9rer des faux-pas de l\u2019OM et l\u2019OL pour conserver la t\u00eate. Une chose est s\u00fbre, Marquinhos et Willian Pacho n\u2019ont, pour l\u2019heure, pas de soucis \u00e0 se faire\u2026<\/p>\n<p>\n    Pub. le 17\/10\/2025 23:32<br \/>\n            &#8211; MAJ le 17\/10\/2025 23:41\n    <\/p>\n","protected":false},"excerpt":{"rendered":"Des buts, du spectacle, de l\u2019intensit\u00e9, une justesse technique rarement observ\u00e9e dans l\u2019\u00e9lite du football fran\u00e7ais. Ce PSG-Strasbourg&hellip;\n","protected":false},"author":2,"featured_media":321883,"comment_status":"","ping_status":"","sticky":false,"template":"","format":"standard","meta":{"footnotes":""},"categories":[2820],"tags":[1111,11,1777,674,1011,27,775,12,25,640],"class_list":{"0":"post-470918","1":"post","2":"type-post","3":"status-publish","4":"format-standard","5":"has-post-thumbnail","7":"category-strasbourg","8":"tag-actu","9":"tag-actualites","10":"tag-eu","11":"tag-europe","12":"tag-fr","13":"tag-france","14":"tag-grand-est","15":"tag-news","16":"tag-republique-francaise","17":"tag-strasbourg"},"share_on_mastodon":{"url":"https:\/\/pubeurope.com\/@fr\/115391689219890490","error":""},"_links":{"self":[{"href":"https:\/\/www.europesays.com\/fr\/wp-json\/wp\/v2\/posts\/470918","targetHints":{"allow":["GET"]}}],"collection":[{"href":"https:\/\/www.europesays.com\/fr\/wp-json\/wp\/v2\/posts"}],"about":[{"href":"https:\/\/www.europesays.com\/fr\/wp-json\/wp\/v2\/types\/post"}],"author":[{"embeddable":true,"href":"https:\/\/www.europesays.com\/fr\/wp-json\/wp\/v2\/users\/2"}],"replies":[{"embeddable":true,"href":"https:\/\/www.europesays.com\/fr\/wp-json\/wp\/v2\/comments?post=470918"}],"version-history":[{"count":0,"href":"https:\/\/www.europesays.com\/fr\/wp-json\/wp\/v2\/posts\/470918\/revisions"}],"wp:featuredmedia":[{"embeddable":true,"href":"https:\/\/www.europesays.com\/fr\/wp-json\/wp\/v2\/media\/321883"}],"wp:attachment":[{"href":"https:\/\/www.europesays.com\/fr\/wp-json\/wp\/v2\/media?parent=470918"}],"wp:term":[{"taxonomy":"category","embeddable":true,"href":"https:\/\/www.europesays.com\/fr\/wp-json\/wp\/v2\/categories?post=470918"},{"taxonomy":"post_tag","embeddable":true,"href":"https:\/\/www.europesays.com\/fr\/wp-json\/wp\/v2\/tags?post=470918"}],"curies":[{"name":"wp","href":"https:\/\/api.w.org\/{rel}","templated":true}]}}