{"id":470941,"date":"2025-10-17T21:55:11","date_gmt":"2025-10-17T21:55:11","guid":{"rendered":"https:\/\/www.europesays.com\/fr\/470941\/"},"modified":"2025-10-17T21:55:11","modified_gmt":"2025-10-17T21:55:11","slug":"michael-mann-recompense-du-prix-lumiere-2025","status":"publish","type":"post","link":"https:\/\/www.europesays.com\/fr\/470941\/","title":{"rendered":"Michael Mann r\u00e9compens\u00e9 du prix Lumi\u00e8re 2025"},"content":{"rendered":"<p>                            <img loading=\"lazy\" width=\"1200\" height=\"750\" class=\"attachment-article size-article wp-post-image lazyload\" alt=\"Michael Mann prix Lumi\u00e8re\" decoding=\"async\" src=\"https:\/\/www.europesays.com\/fr\/wp-content\/uploads\/2025\/10\/AFP__20251017__79872M9__v1__HighRes__FranceCinemaFestivalLumiere-e1760734961321.jpg\" data-eio-rwidth=\"1200\" data-eio-rheight=\"750\"\/><\/p>\n<p>US film director Michael Mann poses with his prize after being awarded with the Lumiere Award during a ceremony part of the Lumiere Film Festival in Lyon, central-eastern France, on October 17, 2025. (Photo by JEFF PACHOUD \/ AFP)<\/p>\n<p class=\"content\" style=\"font-size:1.2em;font-weight:700\">A deux jours de la c\u00e9r\u00e9monie de cl\u00f4ture du Festival Lumi\u00e8re, Michael Mann a re\u00e7u le prix Lumi\u00e8re ce vendredi 17 octobre, au Palais des Congr\u00e8s de Lyon.<\/p>\n<p>\u00ab\u00a0Maintenant je comprends pourquoi les grands r\u00e9alisateurs n&rsquo;arrivent pas \u00e0 sortir un mot quand ils arrivent ici, c&rsquo;est fantastique, merci beaucoup\u00a0\u00bb, a affirm\u00e9 le r\u00e9alisateur et sc\u00e9nariste Michael Mann lors de la remise de son prix Lumi\u00e8re vendredi 17 octobre.<\/p>\n<p>Des mots forts marquant une c\u00e9r\u00e9monie rythm\u00e9e de discours, r\u00e9trospectives, projections et chansons, s&rsquo;achevant par la remise du prix Lumi\u00e8re au r\u00e9alisateur am\u00e9ricain. \u00ab\u00a0Mon p\u00e8re est venu en France pour combattre pendant la Seconde Guerre mondiale. Il serait extr\u00eamement fier et heureux d\u2019\u00eatre ici avec nous\u00a0\u00bb, a conclu le cin\u00e9aste, sous les applaudissements du public. <\/p>\n<p>Le festival se poursuit<\/p>\n<p>Connu pour ses films Heat, Le dernier des Mohicans, ou encore Ali, Michael Mann succ\u00e8de \u00e0 l&rsquo;actrice fran\u00e7aise Isabelle Huppert, prix Lumi\u00e8re 2024 : \u00ab\u00a0C&rsquo;est ici, dans cette ville qui respire le cin\u00e9ma, que nous c\u00e9l\u00e9brons un homme dont l&rsquo;\u0153uvre continue d&rsquo;allumer la lumi\u00e8re\u00a0\u00bb, a salu\u00e9 l&rsquo;actrice avant de remettre le prix au r\u00e9alisateur. <\/p>\n<p>La c\u00e9r\u00e9monie de remise des prix est d\u00e9sormais pass\u00e9e, mais le festival se poursuit jusqu&rsquo;\u00e0 dimanche. Parmi les temps forts de ce week-end, des cin\u00e9-concerts, une masterclass avec John Woo, ou encore une nuit d\u00e9di\u00e9e au cin\u00e9ma d&rsquo;animation japonais. La c\u00e9r\u00e9monie de cl\u00f4ture, quant \u00e0 elle, aura lieu dimanche 19 octobre \u00e0 15 heures \u00e0 la Halle Tony Garnier, o\u00f9 le film Heat de Michael Mann sera projet\u00e9.<\/p>\n<p><strong>Lire aussi :<\/strong><a href=\"https:\/\/www.lyoncapitale.fr\/culture\/festival-lumiere-super-mann\" rel=\"nofollow noopener\" target=\"_blank\"> Festival Lumi\u00e8re\u00a0: super Mann !<\/a><\/p>\n","protected":false},"excerpt":{"rendered":"US film director Michael Mann poses with his prize after being awarded with the Lumiere Award during a&hellip;\n","protected":false},"author":2,"featured_media":470942,"comment_status":"","ping_status":"","sticky":false,"template":"","format":"standard","meta":{"footnotes":""},"categories":[1889],"tags":[1111,11,2430,1777,674,1011,27,2428,12,25],"class_list":{"0":"post-470941","1":"post","2":"type-post","3":"status-publish","4":"format-standard","5":"has-post-thumbnail","7":"category-lyon","8":"tag-actu","9":"tag-actualites","10":"tag-auvergne-rhone-alpes","11":"tag-eu","12":"tag-europe","13":"tag-fr","14":"tag-france","15":"tag-lyon","16":"tag-news","17":"tag-republique-francaise"},"share_on_mastodon":{"url":"https:\/\/pubeurope.com\/@fr\/115391740296860140","error":""},"_links":{"self":[{"href":"https:\/\/www.europesays.com\/fr\/wp-json\/wp\/v2\/posts\/470941","targetHints":{"allow":["GET"]}}],"collection":[{"href":"https:\/\/www.europesays.com\/fr\/wp-json\/wp\/v2\/posts"}],"about":[{"href":"https:\/\/www.europesays.com\/fr\/wp-json\/wp\/v2\/types\/post"}],"author":[{"embeddable":true,"href":"https:\/\/www.europesays.com\/fr\/wp-json\/wp\/v2\/users\/2"}],"replies":[{"embeddable":true,"href":"https:\/\/www.europesays.com\/fr\/wp-json\/wp\/v2\/comments?post=470941"}],"version-history":[{"count":0,"href":"https:\/\/www.europesays.com\/fr\/wp-json\/wp\/v2\/posts\/470941\/revisions"}],"wp:featuredmedia":[{"embeddable":true,"href":"https:\/\/www.europesays.com\/fr\/wp-json\/wp\/v2\/media\/470942"}],"wp:attachment":[{"href":"https:\/\/www.europesays.com\/fr\/wp-json\/wp\/v2\/media?parent=470941"}],"wp:term":[{"taxonomy":"category","embeddable":true,"href":"https:\/\/www.europesays.com\/fr\/wp-json\/wp\/v2\/categories?post=470941"},{"taxonomy":"post_tag","embeddable":true,"href":"https:\/\/www.europesays.com\/fr\/wp-json\/wp\/v2\/tags?post=470941"}],"curies":[{"name":"wp","href":"https:\/\/api.w.org\/{rel}","templated":true}]}}