{"id":470943,"date":"2025-10-17T21:56:20","date_gmt":"2025-10-17T21:56:20","guid":{"rendered":"https:\/\/www.europesays.com\/fr\/470943\/"},"modified":"2025-10-17T21:56:20","modified_gmt":"2025-10-17T21:56:20","slug":"un-institut-ecocitoyen-voit-le-jour-sur-le-territoire-lyonnais","status":"publish","type":"post","link":"https:\/\/www.europesays.com\/fr\/470943\/","title":{"rendered":"Un Institut \u00e9cocitoyen voit le jour sur le territoire lyonnais"},"content":{"rendered":"<p>                                                        <img loading=\"lazy\" decoding=\"async\" width=\"1280\" height=\"853\" src=\"data:image\/svg+xml,%3Csvg%20xmlns=\" http:=\"\" class=\"thumb img-responsive m-x-auto block w-full\" alt=\"Une gestion en mutation : entre ancien et nouveau visage\" caption=\"\" data-lazy-src=\"https:\/\/www.europesays.com\/fr\/wp-content\/uploads\/2025\/10\/stationnement-1.webp.webp\"\/><\/p>\n<p class=\"ez-toc-title ez-toc-toggle\" style=\"cursor: pointer\">Sommaire &amp; acc\u00e8s rapide<\/p>\n<p><a href=\"#\" class=\"ez-toc-pull-right ez-toc-btn ez-toc-btn-xs ez-toc-btn-default ez-toc-toggle\" aria-label=\"Toggle Table of Content\">Toggle<\/a><\/p>\n<p><strong>Le territoire lyonnais se dote d\u2019un nouvel outil pour mieux comprendre et combattre les pollutions. Officiellement cr\u00e9\u00e9 le 16 octobre 2025, l\u2019Institut \u00e9cocitoyen du territoire lyonnais associe citoyens, scientifiques, collectivit\u00e9s et acteurs \u00e9conomiques pour pr\u00e9venir et r\u00e9duire les impacts environnementaux, sociaux et sanitaires.<\/strong><\/p>\n<p>Une initiative n\u00e9e d\u2019une mobilisation collective<\/p>\n<p>Ce projet s\u2019inscrit dans la continuit\u00e9 d\u2019une mobilisation citoyenne et associative autour des probl\u00e9matiques de pollution dans la m\u00e9tropole lyonnaise. Port\u00e9 par la M\u00e9tropole de Lyon, il fait suite \u00e0 une mission de pr\u00e9figuration men\u00e9e par deux enseignants-chercheurs, Gwenola Le Naour (Sciences Po Lyon) et Emmanuel Martinais (ENTPE). Leurs conclusions, rendues publiques en avril dernier, ont confirm\u00e9 la pertinence d\u2019un tel dispositif.<\/p>\n<p>Inspir\u00e9 de l\u2019exp\u00e9rience men\u00e9e \u00e0 Fos-sur-Mer avec l\u2019Institut \u00c9cocitoyen pour la Connaissance des Pollutions, le projet lyonnais a \u00e9t\u00e9 co-construit lors d\u2019ateliers participatifs r\u00e9unissant chercheurs, associations, \u00e9lus et habitants. Cette approche collaborative vise \u00e0 ancrer durablement la recherche environnementale dans la r\u00e9alit\u00e9 du territoire.<\/p>\n<p>Une gouvernance partag\u00e9e et ouverte<\/p>\n<p>L\u2019Institut \u00e9cocitoyen repose sur une gouvernance coll\u00e9giale, repr\u00e9sentative des acteurs locaux. Son conseil d\u2019administration sera organis\u00e9 en six coll\u00e8ges : associations et collectifs citoyens, scientifiques, praticiens de sant\u00e9, collectivit\u00e9s, travailleurs et acteurs \u00e9conomiques. Les membres, personnes physiques ou morales, pourront int\u00e9grer l\u2019Institut selon des crit\u00e8res pr\u00e9cis valid\u00e9s par le conseil d\u2019administration.<\/p>\n<p>La M\u00e9tropole de Lyon, \u00e0 l\u2019origine de la mission de pr\u00e9figuration, a d\u00e9j\u00e0 annonc\u00e9 son intention d\u2019adh\u00e9rer \u00e0 la structure d\u2019ici la fin de l\u2019ann\u00e9e 2025, au sein du coll\u00e8ge des collectivit\u00e9s, aux c\u00f4t\u00e9s de plusieurs communes int\u00e9ress\u00e9es.<\/p>\n<p>Un engagement politique fort pour la sant\u00e9 et l\u2019environnement<\/p>\n<p>Pour le vice-pr\u00e9sident de la M\u00e9tropole de Lyon d\u00e9l\u00e9gu\u00e9 \u00e0 l\u2019environnement, la cr\u00e9ation de l\u2019Institut s\u2019inscrit dans une politique volontariste de lutte contre les pollutions : \u00ab La M\u00e9tropole de Lyon agit pour mieux conna\u00eetre et lutter contre les pollutions qui touchent notre territoire. Avec la cr\u00e9ation de cet Institut, elle renforce les moyens d\u2019agir concr\u00e8tement, aux c\u00f4t\u00e9s des scientifiques et des citoyens, pour prot\u00e9ger la sant\u00e9 des habitants et am\u00e9liorer la qualit\u00e9 de notre environnement. \u00bb<\/p>\n<p>La signature officielle des statuts s\u2019est tenue le 16 octobre 2025 \u00e0 la Maison de l\u2019Environnement, en pr\u00e9sence des membres fondateurs et des repr\u00e9sentants des six coll\u00e8ges.<\/p>\n<p>Des objectifs clairs et concrets<\/p>\n<p>L\u2019Institut \u00e9cocitoyen du territoire lyonnais s\u2019est fix\u00e9 plusieurs objectifs prioritaires :<\/p>\n<ul>\n<li>Produire et mutualiser des connaissances scientifiques sur les polluants et leurs impacts sur la sant\u00e9 et les \u00e9cosyst\u00e8mes ;<\/li>\n<li>Rendre ces connaissances accessibles et utilisables par les acteurs publics et priv\u00e9s ;<\/li>\n<li>Associer les citoyens \u00e0 toutes les \u00e9tapes du processus scientifique, de l\u2019identification des signaux faibles \u00e0 l\u2019interpr\u00e9tation des r\u00e9sultats ;<\/li>\n<li>Favoriser le dialogue et la transparence entre les diff\u00e9rents acteurs concern\u00e9s.<\/li>\n<\/ul>\n<p>Prochaines \u00e9tapes<\/p>\n<p>La publication des statuts au Journal officiel marquera la fin de l\u2019ann\u00e9e 2025, avant l\u2019\u00e9lection du conseil d\u2019administration et du bureau. D\u00e9but 2026, l\u2019Institut proc\u00e9dera au recrutement de son \u00e9quipe de direction, \u00e0 la mise en place de ses conseils citoyen et scientifique, et \u00e0 la d\u00e9finition de son premier programme d\u2019actions. Cette cr\u00e9ation constitue une \u00e9tape majeure pour la gouvernance environnementale locale et renforce le r\u00f4le du territoire lyonnais dans la connaissance et la pr\u00e9vention des risques li\u00e9s aux pollutions.<\/p>\n","protected":false},"excerpt":{"rendered":"Sommaire &amp; acc\u00e8s rapide Toggle Le territoire lyonnais se dote d\u2019un nouvel outil pour mieux comprendre et combattre&hellip;\n","protected":false},"author":2,"featured_media":439639,"comment_status":"","ping_status":"","sticky":false,"template":"","format":"standard","meta":{"footnotes":""},"categories":[1889],"tags":[1111,11,2430,1777,674,1011,27,2428,12,25],"class_list":{"0":"post-470943","1":"post","2":"type-post","3":"status-publish","4":"format-standard","5":"has-post-thumbnail","7":"category-lyon","8":"tag-actu","9":"tag-actualites","10":"tag-auvergne-rhone-alpes","11":"tag-eu","12":"tag-europe","13":"tag-fr","14":"tag-france","15":"tag-lyon","16":"tag-news","17":"tag-republique-francaise"},"share_on_mastodon":{"url":"https:\/\/pubeurope.com\/@fr\/115391744084882222","error":""},"_links":{"self":[{"href":"https:\/\/www.europesays.com\/fr\/wp-json\/wp\/v2\/posts\/470943","targetHints":{"allow":["GET"]}}],"collection":[{"href":"https:\/\/www.europesays.com\/fr\/wp-json\/wp\/v2\/posts"}],"about":[{"href":"https:\/\/www.europesays.com\/fr\/wp-json\/wp\/v2\/types\/post"}],"author":[{"embeddable":true,"href":"https:\/\/www.europesays.com\/fr\/wp-json\/wp\/v2\/users\/2"}],"replies":[{"embeddable":true,"href":"https:\/\/www.europesays.com\/fr\/wp-json\/wp\/v2\/comments?post=470943"}],"version-history":[{"count":0,"href":"https:\/\/www.europesays.com\/fr\/wp-json\/wp\/v2\/posts\/470943\/revisions"}],"wp:featuredmedia":[{"embeddable":true,"href":"https:\/\/www.europesays.com\/fr\/wp-json\/wp\/v2\/media\/439639"}],"wp:attachment":[{"href":"https:\/\/www.europesays.com\/fr\/wp-json\/wp\/v2\/media?parent=470943"}],"wp:term":[{"taxonomy":"category","embeddable":true,"href":"https:\/\/www.europesays.com\/fr\/wp-json\/wp\/v2\/categories?post=470943"},{"taxonomy":"post_tag","embeddable":true,"href":"https:\/\/www.europesays.com\/fr\/wp-json\/wp\/v2\/tags?post=470943"}],"curies":[{"name":"wp","href":"https:\/\/api.w.org\/{rel}","templated":true}]}}