{"id":470953,"date":"2025-10-17T22:03:14","date_gmt":"2025-10-17T22:03:14","guid":{"rendered":"https:\/\/www.europesays.com\/fr\/470953\/"},"modified":"2025-10-17T22:03:14","modified_gmt":"2025-10-17T22:03:14","slug":"donald-trump-presse-volodymyr-zelensky-de-trouver-un-accord-et-temporise-sur-les-missiles-tomahawk","status":"publish","type":"post","link":"https:\/\/www.europesays.com\/fr\/470953\/","title":{"rendered":"Donald Trump presse Volodymyr Zelensky de \u00ab\u00a0trouver un accord\u00a0\u00bb et temporise sur les missiles Tomahawk"},"content":{"rendered":"<p>Donald Trump a dit vendredi au pr\u00e9sident ukrainien, Volodymyr Zelensky, qu&rsquo;il \u00ab\u00a0\u00e9tait temps\u00a0\u00bb de \u00ab\u00a0trouver UN ACCORD\u00a0\u00bb pour mettre fin \u00e0 la guerre, selon un message publi\u00e9 par le pr\u00e9sident am\u00e9ricain sur Truth Social.<\/p>\n<p>\u00ab\u00a0La rencontre avec le pr\u00e9sident ukrainien Volodymyr Zelensky a \u00e9t\u00e9 tr\u00e8s int\u00e9ressante et cordiale, mais je lui ai dit, comme je l&rsquo;ai par ailleurs fortement sugg\u00e9r\u00e9 au pr\u00e9sident Poutine, qu&rsquo;il \u00e9tait temps d&rsquo;arr\u00eater la tuerie\u00a0\u00bb, a-t-il \u00e9crit, en jugeant que les deux bellig\u00e9rants devaient \u00ab\u00a0s&rsquo;arr\u00eater o\u00f9 ils sont\u00a0\u00bb.<\/p>\n<p>De son c\u00f4t\u00e9, Volodymyr Zelensky a estim\u00e9 que le pr\u00e9sident russe n&rsquo;\u00e9tait \u00ab\u00a0pas pr\u00eat\u00a0\u00bb \u00e0 la paix, mais Donald Trump a soutenu le contraire. \u00ab\u00a0Je pense que le pr\u00e9sident Poutine veut mettre fin \u00e0 la guerre\u00a0\u00bb, a d\u00e9clar\u00e9 le pr\u00e9sident am\u00e9ricain, qui a eu jeudi une longue conversation avec son homologue russe.<\/p>\n<p><b>\u00ab\u00a0La Russie a peur des Tomahawk\u00a0\u00bb<\/b><\/p>\n<p>Le pr\u00e9sident ukrainien a \u00e9galement pris acte de la fin de non-recevoir oppos\u00e9e pour l&rsquo;instant \u00e0 sa qu\u00eate de missiles am\u00e9ricains Tomahawk.<\/p>\n<p>\u00ab\u00a0Je pense que la Russie a peur des Tomahawk, vraiment peur, car c&rsquo;est une arme puissante\u00a0\u00bb, a d\u00e9clar\u00e9 Volodymyr Zelensky lors d&rsquo;une conf\u00e9rence de presse. Esp\u00e8re-t-il recevoir cet armement? \u00ab\u00a0Je suis r\u00e9aliste\u00a0\u00bb, a-t-il r\u00e9pondu.<\/p>\n","protected":false},"excerpt":{"rendered":"Donald Trump a dit vendredi au pr\u00e9sident ukrainien, Volodymyr Zelensky, qu&rsquo;il \u00ab\u00a0\u00e9tait temps\u00a0\u00bb de \u00ab\u00a0trouver UN ACCORD\u00a0\u00bb pour&hellip;\n","protected":false},"author":2,"featured_media":470954,"comment_status":"","ping_status":"","sticky":false,"template":"","format":"standard","meta":{"footnotes":""},"categories":[1591],"tags":[11,21153,312,75,1887,418,131,78,3343,74,12,2403,316,7136,1325,2543,5486,1885,1886,132,135,7137],"class_list":{"0":"post-470953","1":"post","2":"type-post","3":"status-publish","4":"format-standard","5":"has-post-thumbnail","7":"category-russie","8":"tag-actualites","9":"tag-chef-de-letat","10":"tag-diplomatie","11":"tag-donald-trump","12":"tag-federation-de-russie","13":"tag-gouvernement","14":"tag-guerre-en-ukraine","15":"tag-maison-blanche","16":"tag-missile","17":"tag-monde","18":"tag-news","19":"tag-paix","20":"tag-politique","21":"tag-president-de-lukraine","22":"tag-president-des-etats-unis","23":"tag-relations-internationales","24":"tag-rencontre","25":"tag-russia","26":"tag-russian-federation","27":"tag-russie","28":"tag-vladimir-poutine","29":"tag-volodymyr-zelenskyy"},"share_on_mastodon":{"url":"https:\/\/pubeurope.com\/@fr\/115391771780312805","error":""},"_links":{"self":[{"href":"https:\/\/www.europesays.com\/fr\/wp-json\/wp\/v2\/posts\/470953","targetHints":{"allow":["GET"]}}],"collection":[{"href":"https:\/\/www.europesays.com\/fr\/wp-json\/wp\/v2\/posts"}],"about":[{"href":"https:\/\/www.europesays.com\/fr\/wp-json\/wp\/v2\/types\/post"}],"author":[{"embeddable":true,"href":"https:\/\/www.europesays.com\/fr\/wp-json\/wp\/v2\/users\/2"}],"replies":[{"embeddable":true,"href":"https:\/\/www.europesays.com\/fr\/wp-json\/wp\/v2\/comments?post=470953"}],"version-history":[{"count":0,"href":"https:\/\/www.europesays.com\/fr\/wp-json\/wp\/v2\/posts\/470953\/revisions"}],"wp:featuredmedia":[{"embeddable":true,"href":"https:\/\/www.europesays.com\/fr\/wp-json\/wp\/v2\/media\/470954"}],"wp:attachment":[{"href":"https:\/\/www.europesays.com\/fr\/wp-json\/wp\/v2\/media?parent=470953"}],"wp:term":[{"taxonomy":"category","embeddable":true,"href":"https:\/\/www.europesays.com\/fr\/wp-json\/wp\/v2\/categories?post=470953"},{"taxonomy":"post_tag","embeddable":true,"href":"https:\/\/www.europesays.com\/fr\/wp-json\/wp\/v2\/tags?post=470953"}],"curies":[{"name":"wp","href":"https:\/\/api.w.org\/{rel}","templated":true}]}}