{"id":470957,"date":"2025-10-17T22:05:12","date_gmt":"2025-10-17T22:05:12","guid":{"rendered":"https:\/\/www.europesays.com\/fr\/470957\/"},"modified":"2025-10-17T22:05:12","modified_gmt":"2025-10-17T22:05:12","slug":"les-etats-unis-ne-souhaitent-pas-descalade-donald-trump-temporise-sur-les-missiles-tomahawk-face-a-volodymyr-zelensky","status":"publish","type":"post","link":"https:\/\/www.europesays.com\/fr\/470957\/","title":{"rendered":"\u00ab\u00a0Les \u00c9tats-Unis ne souhaitent pas d\u2019escalade\u00a0\u00bb\u00a0: Donald Trump temporise sur les missiles Tomahawk face \u00e0 Volodymyr Zelensky"},"content":{"rendered":"<p class=\"paragraph text_align_left lp-f-body-02\">Ils volent jusqu\u2019\u00e0 1 600 km, \u00e0 880 km\/h. Les <a href=\"https:\/\/www.leparisien.fr\/international\/etats-unis\/si-cette-guerre-ne-se-termine-pas-je-vais-leur-envoyer-des-tomahawks-la-nouvelle-menace-de-donald-trump-a-vladimir-poutine-13-10-2025-24BRJ3VOE5D6JIQHZ7BE3FIQNE.php\" target=\"_blank\" rel=\"noreferrer nofollow noopener\">missiles am\u00e9ricains Tomahawk<\/a> permettraient \u00e0 l\u2019Ukraine de frapper en profondeur la Russie. \u00ab Nous (en) avons besoin \u00bb, a r\u00e9p\u00e9t\u00e9 Volodymyr Zelensky pendant <a href=\"https:\/\/www.leparisien.fr\/international\/etats-unis\/rencontre-trump-zelensky-je-pense-quon-est-tres-proche-dune-fin-de-la-guerre-affirme-le-president-americain-17-10-2025-W4L3DMR4XFBXROGPDYKXY2H3HU.php\" target=\"_blank\" rel=\"noreferrer nofollow noopener\">sa rencontre avec Donald Trump<\/a> ce vendredi autour d\u2019une grande table dress\u00e9e pour un d\u00e9jeuner \u00e0 la Maison-Blanche.<\/p>\n<p class=\"paragraph text_align_left lp-f-body-02\">\u00ab J\u2019esp\u00e8re que nous pourrons mettre fin \u00e0 la guerre <a href=\"https:\/\/www.leparisien.fr\/international\/ukraine\/une-menace-qui-pesera-sur-les-negociations-pourquoi-les-missiles-tomahawk-reclames-par-lukraine-inquietent-poutine-17-10-2025-DEMT5W3TCNCGJGFABKSU743G2A.php\" target=\"_blank\" rel=\"noreferrer nofollow noopener\">sans avoir \u00e0 penser aux Tomahawk<\/a> \u00bb, a r\u00e9torqu\u00e9 le pr\u00e9sident am\u00e9ricain. \u00ab Je ne souhaite pas faire de d\u00e9claration \u00e0 ce sujet (\u2026) les \u00c9tats-Unis ne souhaitent pas d\u2019escalade \u00bb, a alors conc\u00e9d\u00e9 \u00e0 la sortie Volodymyr Zelensky, lors d\u2019une conf\u00e9rence de presse.<\/p>\n<p class=\"paragraph text_align_left lp-f-body-02\">Vladimir Poutine, apr\u00e8s <a href=\"https:\/\/www.leparisien.fr\/international\/guerre-en-ukraine-pourquoi-lunion-europeenne-ouvre-la-porte-a-la-rencontre-trump-poutine-a-budapest-17-10-2025-UEUGFXTDYFHK3HNKQ3E4J3RHNA.php\" target=\"_blank\" rel=\"noreferrer nofollow noopener\">une longue conversation avec Donald Trump<\/a> plus t\u00f4t dans la semaine, avait averti que la livraison de Tomahawk \u00e0 l\u2019Ukraine \u00ab nuirait consid\u00e9rablement \u00bb \u00e0 la relation entre Washington et Moscou. La proximit\u00e9 retrouv\u00e9e du pr\u00e9sident am\u00e9ricain avec Vladimir Poutine a de quoi inqui\u00e9ter Kiev.<\/p>\n<p>\u00ab La Russie a peur des Tomahawk \u00bb<\/p>\n<p class=\"paragraph text_align_left lp-f-body-02\">Le pr\u00e9sident am\u00e9ricain a indiqu\u00e9 avoir \u00e9voqu\u00e9 avec lui le cessez-le-feu \u00e0 Gaza, dans lequel il a jou\u00e9 un r\u00f4le de m\u00e9diation. Vladimir Poutine \u00ab pense que c\u2019est incroyable. Il a \u00e9t\u00e9 tr\u00e8s g\u00e9n\u00e9reux \u00bb, a dit le pr\u00e9sident am\u00e9ricain, toujours sensible aux compliments concernant ses efforts pacificateurs.<\/p>\n<p class=\"paragraph text_align_left lp-f-body-02\">\u00ab Je pense que la Russie a peur des Tomahawk, vraiment peur, car c\u2019est une arme puissante \u00bb, a finalement rappel\u00e9 <a href=\"https:\/\/www.leparisien.fr\/international\/volodymyr-zelensky\/\" target=\"_blank\" rel=\"noreferrer nofollow noopener\">Volodymyr Zelensky<\/a> pendant la conf\u00e9rence de presse. R\u00e9pondant \u00e0 la question de savoir s\u2019il avait espoir de recevoir cet armement, Volodymyr Zelensky a r\u00e9pondu : \u00ab Je suis r\u00e9aliste \u00bb.<\/p>\n<p class=\"paragraph text_align_left lp-f-body-02\">Il a aussi montr\u00e9 au pr\u00e9sident am\u00e9ricain, <a href=\"https:\/\/www.leparisien.fr\/international\/ukraine\/des-tomahawk-mais-surtout-une-alliance-solide-avec-trump-ce-que-zelensky-espere-decrocher-a-washington-17-10-2025-2MWJBI5A75ATFHPTVXF66FO2KU.php\" target=\"_blank\" rel=\"noreferrer nofollow noopener\">tr\u00e8s friand de sch\u00e9mas et plans<\/a>, des \u00ab cartes \u00bb montrant \u00ab des points de pression de la d\u00e9fense russe et de l\u2019\u00e9conomie militaire qui peuvent \u00eatre cibl\u00e9s pour contraindre Poutine \u00e0 mettre fin \u00e0 la guerre \u00bb, a expliqu\u00e9 une source ukrainienne \u00e0 des journalistes dont ceux de l\u2019AFP.<\/p>\n<p class=\"paragraph text_align_left lp-f-body-02\">Le pr\u00e9sident ukrainien, qui a qualifi\u00e9 a posteriori son entretien de \u00ab productif \u00bb, a malgr\u00e9 tout dit \u00ab compter sur Trump pour mettre la pression sur Poutine \u00bb. Il a aussi une nouvelle fois plaid\u00e9 en faveur de \u00ab garanties de s\u00e9curit\u00e9 \u00bb pour son pays et s\u2019est dit \u00ab ouvert \u00bb \u00e0 un sommet \u00e0 trois avec Donald Trump et Vladimir Poutine.<\/p>\n","protected":false},"excerpt":{"rendered":"Ils volent jusqu\u2019\u00e0 1 600 km, \u00e0 880 km\/h. Les missiles am\u00e9ricains Tomahawk permettraient \u00e0 l\u2019Ukraine de frapper&hellip;\n","protected":false},"author":2,"featured_media":470958,"comment_status":"","ping_status":"","sticky":false,"template":"","format":"standard","meta":{"footnotes":""},"categories":[1589],"tags":[11,73,1866,14,12,1864,1865,1863,308],"class_list":{"0":"post-470957","1":"post","2":"type-post","3":"status-publish","4":"format-standard","5":"has-post-thumbnail","7":"category-etats-unis","8":"tag-actualites","9":"tag-etats-unis","10":"tag-etats-unis-damerique","11":"tag-international","12":"tag-news","13":"tag-united-states","14":"tag-united-states-of-america","15":"tag-us","16":"tag-usa"},"share_on_mastodon":{"url":"https:\/\/pubeurope.com\/@fr\/115391779615851826","error":""},"_links":{"self":[{"href":"https:\/\/www.europesays.com\/fr\/wp-json\/wp\/v2\/posts\/470957","targetHints":{"allow":["GET"]}}],"collection":[{"href":"https:\/\/www.europesays.com\/fr\/wp-json\/wp\/v2\/posts"}],"about":[{"href":"https:\/\/www.europesays.com\/fr\/wp-json\/wp\/v2\/types\/post"}],"author":[{"embeddable":true,"href":"https:\/\/www.europesays.com\/fr\/wp-json\/wp\/v2\/users\/2"}],"replies":[{"embeddable":true,"href":"https:\/\/www.europesays.com\/fr\/wp-json\/wp\/v2\/comments?post=470957"}],"version-history":[{"count":0,"href":"https:\/\/www.europesays.com\/fr\/wp-json\/wp\/v2\/posts\/470957\/revisions"}],"wp:featuredmedia":[{"embeddable":true,"href":"https:\/\/www.europesays.com\/fr\/wp-json\/wp\/v2\/media\/470958"}],"wp:attachment":[{"href":"https:\/\/www.europesays.com\/fr\/wp-json\/wp\/v2\/media?parent=470957"}],"wp:term":[{"taxonomy":"category","embeddable":true,"href":"https:\/\/www.europesays.com\/fr\/wp-json\/wp\/v2\/categories?post=470957"},{"taxonomy":"post_tag","embeddable":true,"href":"https:\/\/www.europesays.com\/fr\/wp-json\/wp\/v2\/tags?post=470957"}],"curies":[{"name":"wp","href":"https:\/\/api.w.org\/{rel}","templated":true}]}}