{"id":470959,"date":"2025-10-17T22:06:45","date_gmt":"2025-10-17T22:06:45","guid":{"rendered":"https:\/\/www.europesays.com\/fr\/470959\/"},"modified":"2025-10-17T22:06:45","modified_gmt":"2025-10-17T22:06:45","slug":"le-royaume-uni-envisage-des-centres-de-retour-pour-migrants-hors-de-ses-frontieres-2","status":"publish","type":"post","link":"https:\/\/www.europesays.com\/fr\/470959\/","title":{"rendered":"Le Royaume-Uni envisage des \u00ab\u2009centres de retour\u2009\u00bb pour migrants hors de ses fronti\u00e8res"},"content":{"rendered":"<p style=\"text-align: left\"><strong>Le Premier ministre britannique Keir Starmer a annonc\u00e9 jeudi 15 mai avoir entam\u00e9 des discussions pour mettre en place hors des fronti\u00e8res de son pays des \u00ab\u2009centres de retour\u2009\u00bb pour les demandeurs d\u2019asile d\u00e9bout\u00e9s, une formule comparable \u00e0 celle envisag\u00e9e par l\u2019Union europ\u00e9enne.<\/strong><\/p>\n<p style=\"text-align: left\">\u00ab\u2009Nous sommes en discussions avec un certain nombre de pays \u00e0 propos de centres de retour, je les consid\u00e8re comme une innovation vraiment importante\u2009\u00bb, a d\u00e9clar\u00e9 le dirigeant travailliste en d\u00e9placement \u00e0 Tirana, lors d\u2019une conf\u00e9rence de presse aux c\u00f4t\u00e9s de son homologue albanais Edi Rama.<\/p>\n<p style=\"text-align: left\">Il n\u2019a pas souhait\u00e9 donner davantage de d\u00e9tails sur la fa\u00e7on dont ces \u00ab\u2009hubs\u2009\u00bb fonctionneraient, indiquant simplement qu\u2019il s\u2019agissait de rendre plus efficaces les expulsions des personnes n\u2019ayant pas le droit de rester au Royaume-Uni.<\/p>\n<p style=\"text-align: left\">Il n\u2019a pas non plus pr\u00e9cis\u00e9 avec quels pays ces pourparlers \u00e9taient men\u00e9s.<\/p>\n<p style=\"text-align: left\">\u00ab\u2009Cela s\u2019appliquera essentiellement aux personnes qui ont \u00e9puis\u00e9 toutes les voies l\u00e9gales pour rester au Royaume-Uni mais qui tentent de gagner du temps, en perdant leurs papiers ou en utilisant d\u2019autres tactiques pour entraver leur expulsion\u2009\u00bb, a indiqu\u00e9 un porte-parole de Keir Starmer.<\/p>\n<p style=\"text-align: left\">Edi Rama a pr\u00e9cis\u00e9 que l\u2019Albanie n\u2019avait pas vocation \u00e0 accueillir un \u00ab\u2009centre de retour\u2009\u00bb britannique. Le dirigeant albanais a d\u00e9j\u00e0 sign\u00e9 avec l\u2019Italie un accord pr\u00e9voyant l\u2019ouverture de deux centres de r\u00e9tention dans son pays, g\u00e9r\u00e9s par Rome, et destin\u00e9s \u00e0 des migrants en situation irr\u00e9guli\u00e8re en Italie.<\/p>\n<p>\u00ab\u2009Mod\u00e8le qui demande du temps\u2009\u00bb<\/p>\n<p style=\"text-align: left\">\u00ab\u2009C\u2019est un mod\u00e8le qui demande du temps pour \u00eatre test\u00e9\u2009\u00bb, a-t-il dit, alors que ces centres sont quasiment vides depuis leur ouverture.<\/p>\n<p style=\"text-align: left\">\u00ab\u2009C\u2019est un mod\u00e8le qui, s\u2019il fonctionne, pourra \u00eatre repris, non en Albanie, mais dans les autres pays de la r\u00e9gion\u2009\u00bb, a ajout\u00e9 Edi Rama, qui lance son quatri\u00e8me mandat de Premier ministre suite \u00e0 la victoire de son parti aux l\u00e9gislatives albanaises de dimanche.<\/p>\n<p style=\"text-align: left\">L\u2019Union europ\u00e9enne a aussi ouvert la voie r\u00e9cemment \u00e0 de tels \u00ab\u2009centres de retour\u2009\u00bb hors de ses fronti\u00e8res. Ces centres de r\u00e9tention externalis\u00e9s pour les personnes dont la demande d\u2019asile serait rejet\u00e9e sont critiqu\u00e9s par les ONG, qui redoutent de les voir se transformer en zones de non-droit.<\/p>\n<p style=\"text-align: left\">\u00c0 son arriv\u00e9e au pouvoir en juillet, le gouvernement travailliste de Keir Starmer a abandonn\u00e9 le projet controvers\u00e9 des conservateurs d\u2019expulser des demandeurs d\u2019asile et migrants vers le Rwanda.<\/p>\n<p style=\"text-align: left\">Selon un sch\u00e9ma un peu diff\u00e9rent, les conservateurs pr\u00e9voyaient d\u2019envoyer certains demandeurs d\u2019asile dans ce pays d\u2019Afrique, o\u00f9 leur dossier de demande d\u2019asile aurait \u00e9t\u00e9 \u00e9tudi\u00e9.<\/p>\n<p style=\"text-align: left\">Keir Starmer s\u2019est engag\u00e9 \u00e0 r\u00e9duire l\u2019immigration \u2014 l\u00e9gale comme ill\u00e9gale \u2014 au Royaume-Uni.<\/p>\n<p style=\"text-align: left\">Sous pression avec la progression du parti d\u2019extr\u00eame droite Reform UK, Keir Starmer a annonc\u00e9 lundi une feuille de route pour r\u00e9duire l\u2019immigration l\u00e9gale, notamment en restreignant les conditions d\u2019acc\u00e8s \u00e0 la nationalit\u00e9 et en emp\u00eachant le recrutement \u00e0 l\u2019\u00e9tranger pour le secteur des soins aux personnes \u00e2g\u00e9es.<\/p>\n<p>\u00ab\u2009Ile d\u2019\u00e9trangers\u2009\u00bb<\/p>\n<p style=\"text-align: left\">Ces mesures se sont accompagn\u00e9es d\u2019un durcissement de la rh\u00e9torique employ\u00e9e \u00e0 propos des immigr\u00e9s, Keir Starmer \u00e9voquant le risque pour le Royaume-Uni de devenir \u00ab\u2009une \u00eele d\u2019\u00e9trangers\u2009\u00bb.<\/p>\n<p style=\"text-align: left\">Sur le plan de l\u2019immigration ill\u00e9gale, Keir Starmer s\u2019est engag\u00e9 \u00e0 combattre les r\u00e9seaux de passeurs. Mais les chiffres d\u2019arriv\u00e9es de migrants traversant la Manche \u00e0 bord d\u2019embarcations de fortune ne cessent d\u2019augmenter. Quelque 36\u2009800\u00a0migrants ont ainsi gagn\u00e9 les c\u00f4tes anglaises l\u2019an dernier, et pr\u00e8s de 13\u2009000 depuis le d\u00e9but de l\u2019ann\u00e9e, plus que l\u2019an dernier sur la m\u00eame p\u00e9riode.<\/p>\n<p style=\"text-align: left\">Le nombre de demandeurs d\u2019asile a tripl\u00e9 au Royaume-Uni ces derni\u00e8res ann\u00e9es, avec 84\u2009200\u00a0demandes en 2024, contre une moyenne de 27\u2009500 entre 2011 et 2020, selon des chiffres officiels.<\/p>\n<p style=\"text-align: left\">Keir Starmer se trouve en Albanie pour renforcer la coop\u00e9ration avec ce pays contre l\u2019immigration ill\u00e9gale. Tirana et Londres ont d\u00e9j\u00e0 sign\u00e9 un accord de coop\u00e9ration en 2022 sous le pr\u00e9c\u00e9dent gouvernement conservateur, pr\u00e9voyant que les Albanais arriv\u00e9s au Royaume-Uni en bateau puissent directement \u00eatre renvoy\u00e9s dans leur pays.<\/p>\n<p style=\"text-align: left\">Cela a permis de r\u00e9duire de 95\u00a0% les arriv\u00e9es d\u2019Albanais ces trois derni\u00e8res ann\u00e9es, et de doubler le nombre d\u2019Albanais renvoy\u00e9s dans leur pays ces deux derni\u00e8res ann\u00e9es, selon Downing Street.<\/p>\n<p style=\"text-align: left\">Les cinq principales nationalit\u00e9s de migrants arriv\u00e9s en Angleterre apr\u00e8s avoir travers\u00e9 la Manche en 2024 \u00e9taient les Afghans, les Syriens, les Iraniens, les Vietnamiens et les \u00c9rythr\u00e9ens.<\/p>\n<p>La Commission soutient l\u2019Italie devant la CJUE sur son accord migratoire avec l\u2019Albanie<\/p>\n<p class=\"c-news-link__text\">\n\t\t\t\t\tROME \u2014 La Commission a soutenu la position de l\u2019Italie dans l\u2019affaire de l\u2019accord migratoire\u2026\t\t\t\t<\/p>\n<p class=\"c-news-link__read-time\">\n\t\t\t\t\t3 minutes\t\t\t\t<\/p>\n<p>\t\t\t\t\t<img loading=\"lazy\" decoding=\"async\" width=\"800\" height=\"533\" src=\"https:\/\/www.europesays.com\/fr\/wp-content\/uploads\/2025\/10\/12572797-800x533.jpg\" class=\"c-news-link__img\" alt=\"La Commission soutient l\u2019Italie devant la CJUE sur son accord migratoire avec l\u2019Albanie\"\/>\t\t\t<\/p>\n","protected":false},"excerpt":{"rendered":"Le Premier ministre britannique Keir Starmer a annonc\u00e9 jeudi 15 mai avoir entam\u00e9 des discussions pour mettre en&hellip;\n","protected":false},"author":2,"featured_media":470960,"comment_status":"","ping_status":"","sticky":false,"template":"","format":"standard","meta":{"footnotes":""},"categories":[1588],"tags":[11,1777,674,12,473,1853,1851,1850,1852],"class_list":{"0":"post-470959","1":"post","2":"type-post","3":"status-publish","4":"format-standard","5":"has-post-thumbnail","7":"category-royaume-uni","8":"tag-actualites","9":"tag-eu","10":"tag-europe","11":"tag-news","12":"tag-royaume-uni","13":"tag-royaume-uni-de-grande-bretagne-et-dirlande-du-nord","14":"tag-uk","15":"tag-united-kingdom","16":"tag-united-kingdom-of-great-britain-and-northern-ireland"},"share_on_mastodon":{"url":"https:\/\/pubeurope.com\/@fr\/115391784103184365","error":""},"_links":{"self":[{"href":"https:\/\/www.europesays.com\/fr\/wp-json\/wp\/v2\/posts\/470959","targetHints":{"allow":["GET"]}}],"collection":[{"href":"https:\/\/www.europesays.com\/fr\/wp-json\/wp\/v2\/posts"}],"about":[{"href":"https:\/\/www.europesays.com\/fr\/wp-json\/wp\/v2\/types\/post"}],"author":[{"embeddable":true,"href":"https:\/\/www.europesays.com\/fr\/wp-json\/wp\/v2\/users\/2"}],"replies":[{"embeddable":true,"href":"https:\/\/www.europesays.com\/fr\/wp-json\/wp\/v2\/comments?post=470959"}],"version-history":[{"count":0,"href":"https:\/\/www.europesays.com\/fr\/wp-json\/wp\/v2\/posts\/470959\/revisions"}],"wp:featuredmedia":[{"embeddable":true,"href":"https:\/\/www.europesays.com\/fr\/wp-json\/wp\/v2\/media\/470960"}],"wp:attachment":[{"href":"https:\/\/www.europesays.com\/fr\/wp-json\/wp\/v2\/media?parent=470959"}],"wp:term":[{"taxonomy":"category","embeddable":true,"href":"https:\/\/www.europesays.com\/fr\/wp-json\/wp\/v2\/categories?post=470959"},{"taxonomy":"post_tag","embeddable":true,"href":"https:\/\/www.europesays.com\/fr\/wp-json\/wp\/v2\/tags?post=470959"}],"curies":[{"name":"wp","href":"https:\/\/api.w.org\/{rel}","templated":true}]}}