{"id":470961,"date":"2025-10-17T22:07:12","date_gmt":"2025-10-17T22:07:12","guid":{"rendered":"https:\/\/www.europesays.com\/fr\/470961\/"},"modified":"2025-10-17T22:07:12","modified_gmt":"2025-10-17T22:07:12","slug":"lallemagne-commande-20-eurofighter-supplementaires-a-airbus","status":"publish","type":"post","link":"https:\/\/www.europesays.com\/fr\/470961\/","title":{"rendered":"L&rsquo;Allemagne commande 20 Eurofighter suppl\u00e9mentaires \u00e0 Airbus"},"content":{"rendered":"<p>Dans un contexte de tensions g\u00e9opolitiques croissantes, l\u2019Allemagne s\u2019engage \u00e0 renforcer ses capacit\u00e9s a\u00e9riennes. Berlin a officiellement sign\u00e9 la commande de 20 Eurofighter suppl\u00e9mentaires. Ce choix s\u2019inscrit dans une logique industrielle et strat\u00e9gique, mais aussi comme une passerelle vers les futurs syst\u00e8mes de combat.<\/p>\n<p>Le contrat et ses implications industrielles<\/p>\n<p>L\u2019\u00c9tat allemand s\u2019est engag\u00e9 \u00e0 verser environ <strong>3,75 milliards d\u2019euros<\/strong> pour cette nouvelle acquisition d\u2019Eurofighter, un montant qui englobe les avions mais aussi les prestations de maintenance associ\u00e9es. Le contrat a \u00e9t\u00e9 sign\u00e9 officiellement le 15 octobre 2025.<\/p>\n<p>La production sera assur\u00e9e sur la ligne d\u2019assemblage final de Manching, pr\u00e8s de Munich.  Les livraisons sont planifi\u00e9es de 2031 \u00e0 2034. Ce d\u00e9calage dans le temps permet \u00e0 Airbus de planifier les modifications techniques, notamment l\u2019int\u00e9gration de capteurs modernes.<\/p>\n<p>Cette commande relance l\u2019activit\u00e9 dans le tissu industriel europ\u00e9en li\u00e9 au programme <a href=\"https:\/\/armees.com\/typhoon-avion-de-chasse-europe-armee\/\" rel=\"nofollow noopener\" target=\"_blank\">Eurofighter<\/a>. Le groupe assure que plus de <strong>100.000 emplois<\/strong> sont soutenus par ce programme sur le continent, dont quelque <strong>25.000 en Allemagne<\/strong>. En Allemagne, une centaine d\u2019entreprises travaillent dans la cha\u00eene d\u2019approvisionnement de l\u2019Eurofighter. \u00c0 Manching notamment, Airbus \u00e9voque avoir d\u00e9j\u00e0 port\u00e9 la production du fuselage central de 14 \u00e0 20 unit\u00e9s par an.<\/p>\n<p>Cette commande prolonge et stabilise la fili\u00e8re allemande de l\u2019aviation de combat, alors m\u00eame que les projets de remplacement \u00e0 venir \u2014 notamment le Syst\u00e8me de Combat A\u00e9rien du Futur (SCAF) \u2014 progressent lentement.<\/p>\n<p>Capacit\u00e9s techniques et usage op\u00e9rationnel<\/p>\n<p>Les appareils command\u00e9s seront dot\u00e9s de technologies de pointe. Une attention particuli\u00e8re est port\u00e9e \u00e0 la guerre \u00e9lectronique. Ils embarqueront notamment le radar AESA <strong>E-Scan<\/strong> et la suite de brouillage <strong>Arexis<\/strong> d\u00e9velopp\u00e9e par Saab. L\u2019int\u00e9gration de la guerre \u00e9lectronique est pr\u00e9sent\u00e9e comme un catalyseur de la modernisation de la flotte allemande.<\/p>\n<p>Ces Eurofighter serviront aussi \u00e0 remplacer progressivement une partie des missions aujourd\u2019hui assur\u00e9es par le Tornado, notamment dans le domaine de la reconnaissance \u00e9lectronique et de la suppression des d\u00e9fenses adverses (missions SEAD\/DEAD).En s\u2019appuyant sur les nouvelles capacit\u00e9s, la Luftwaffe pourra mieux surveiller et d\u00e9fendre son espace a\u00e9rien national.<\/p>\n<p>L\u2019Allemagne pr\u00e9voit que l\u2019Eurofighter restera en service jusqu\u2019aux ann\u00e9es 2060. Le contrat signe \u00e9galement la volont\u00e9 d\u2019assurer une transition vers le SCAF, le futur dispositif a\u00e9rien europ\u00e9en dont l\u2019entr\u00e9e en service est envisag\u00e9e autour de 2040. <\/p>\n<p>Enfin, ce programme s\u2019inscrit dans la dimension collective de la D\u00e9fense. L\u2019Allemagne rappelle que le renforcement de sa flotte profitera \u00e0 la posture a\u00e9rienne de l\u2019OTAN et contribuera \u00e0 la s\u00e9curit\u00e9 partag\u00e9e dans la r\u00e9gion.<\/p>\n","protected":false},"excerpt":{"rendered":"Dans un contexte de tensions g\u00e9opolitiques croissantes, l\u2019Allemagne s\u2019engage \u00e0 renforcer ses capacit\u00e9s a\u00e9riennes. Berlin a officiellement sign\u00e9&hellip;\n","protected":false},"author":2,"featured_media":470962,"comment_status":"","ping_status":"","sticky":false,"template":"","format":"standard","meta":{"footnotes":""},"categories":[1587],"tags":[11,672,1804,1805,1803,1777,674,1801,12,1802],"class_list":{"0":"post-470961","1":"post","2":"type-post","3":"status-publish","4":"format-standard","5":"has-post-thumbnail","7":"category-allemagne","8":"tag-actualites","9":"tag-allemagne","10":"tag-bundesrepublik-deutschland","11":"tag-de","12":"tag-deutschland","13":"tag-eu","14":"tag-europe","15":"tag-germany","16":"tag-news","17":"tag-republique-federale-dallemagne"},"share_on_mastodon":{"url":"https:\/\/pubeurope.com\/@fr\/115391787712876093","error":""},"_links":{"self":[{"href":"https:\/\/www.europesays.com\/fr\/wp-json\/wp\/v2\/posts\/470961","targetHints":{"allow":["GET"]}}],"collection":[{"href":"https:\/\/www.europesays.com\/fr\/wp-json\/wp\/v2\/posts"}],"about":[{"href":"https:\/\/www.europesays.com\/fr\/wp-json\/wp\/v2\/types\/post"}],"author":[{"embeddable":true,"href":"https:\/\/www.europesays.com\/fr\/wp-json\/wp\/v2\/users\/2"}],"replies":[{"embeddable":true,"href":"https:\/\/www.europesays.com\/fr\/wp-json\/wp\/v2\/comments?post=470961"}],"version-history":[{"count":0,"href":"https:\/\/www.europesays.com\/fr\/wp-json\/wp\/v2\/posts\/470961\/revisions"}],"wp:featuredmedia":[{"embeddable":true,"href":"https:\/\/www.europesays.com\/fr\/wp-json\/wp\/v2\/media\/470962"}],"wp:attachment":[{"href":"https:\/\/www.europesays.com\/fr\/wp-json\/wp\/v2\/media?parent=470961"}],"wp:term":[{"taxonomy":"category","embeddable":true,"href":"https:\/\/www.europesays.com\/fr\/wp-json\/wp\/v2\/categories?post=470961"},{"taxonomy":"post_tag","embeddable":true,"href":"https:\/\/www.europesays.com\/fr\/wp-json\/wp\/v2\/tags?post=470961"}],"curies":[{"name":"wp","href":"https:\/\/api.w.org\/{rel}","templated":true}]}}