{"id":470963,"date":"2025-10-17T22:08:18","date_gmt":"2025-10-17T22:08:18","guid":{"rendered":"https:\/\/www.europesays.com\/fr\/470963\/"},"modified":"2025-10-17T22:08:18","modified_gmt":"2025-10-17T22:08:18","slug":"rallye-deurope-centrale-2025-classement-general-en-direct","status":"publish","type":"post","link":"https:\/\/www.europesays.com\/fr\/470963\/","title":{"rendered":"Rallye d&rsquo;Europe Centrale 2025 &#8211; Classement g\u00e9n\u00e9ral en direct"},"content":{"rendered":"<p style=\"text-align: justify;\"><strong>D\u00e9couvrez le classement g\u00e9n\u00e9ral actualis\u00e9 et les r\u00e9sultats complets (top 10) du Rallye d\u2019Europe Centrale 2025, 12\u00e8me manche du championnat du monde des rallyes WRC 2025, qui se tient du jeudi 16 au dimanche 19 octobre 2025.<\/strong><\/p>\n<p style=\"text-align: justify;\">Le <strong>Rallye d\u2019Europe Centrale 2025<\/strong>, douzi\u00e8me manche du <strong>Championnat du monde des rallyes (WRC)<\/strong>, se tient du jeudi 16 au dimanche 19 octobre 2025. Unique en son genre, cette \u00e9preuve traverse trois pays \u2014 l\u2019<strong>Allemagne<\/strong>, l\u2019<strong>Autriche<\/strong> et la <strong>R\u00e9publique Tch\u00e8que<\/strong> \u2014 et propose un parcours mixte m\u00ealant routes rapides, portions techniques et sp\u00e9ciales urbaines spectaculaires.<\/p>\n<p style=\"text-align: justify;\">Tout au long du week-end, vous pourrez suivre ici le <strong>classement g\u00e9n\u00e9ral actualis\u00e9<\/strong> ainsi que <strong>les r\u00e9sultats complets du Rallye d\u2019Europe Centrale 2025<\/strong> : temps cumul\u00e9s, \u00e9carts et \u00e9volutions du top 10. Le classement est mis \u00e0 jour \u00e0 chaque sp\u00e9ciale, permettant de suivre en direct la lutte pour la victoire et les points du championnat.<\/p>\n<p style=\"text-align: justify;\">Au total, <strong>18 sp\u00e9ciales chronom\u00e9tr\u00e9es<\/strong>, pour environ <strong>306 kilom\u00e8tres de comp\u00e9tition<\/strong>, d\u00e9partagent les meilleurs pilotes du monde. Le classement final sera \u00e9tabli \u00e0 l\u2019issue de la Power Stage, dont les r\u00e9sultats attribuent des points bonus d\u00e9cisifs pour le championnat WRC.<\/p>\n<p style=\"text-align: justify;\">Le <strong>Rallye d\u2019Europe Centrale 2025<\/strong> joue un r\u00f4le crucial dans la fin de saison : chaque seconde compte dans la bataille pour le titre mondial. Vous retrouverez ici le classement g\u00e9n\u00e9ral de l\u2019\u00e9preuve europ\u00e9enne.<\/p>\n<p><a href=\"https:\/\/dicodusport.fr\/blog\/rallyes-wrc-2025-classement-general-des-pilotes\/\" class=\"vlp-link\" title=\"Rallyes WRC 2025 - Classement g\u00e9n\u00e9ral des pilotes\" target=\"_blank\" rel=\"noopener\"><img loading=\"lazy\" decoding=\"async\" style=\"max-width: 792px;\" width=\"792\" height=\"445\" class=\"attachment-800x445 size-800x445 perfmatters-lazy\" alt=\"Rallyes WRC 2025 - Classement g\u00e9n\u00e9ral des pilotes\" src=\"https:\/\/www.europesays.com\/fr\/wp-content\/uploads\/2025\/10\/Rallyes-WRC-2025-Classement-general-des-pilotes.png\"  data-\/><\/p>\n<p>Rallyes WRC 2025 &#8211; Classement g\u00e9n\u00e9ral des pilotes<\/p>\n<p>RALLYE WRC 2025 &#8211; D\u00e9couvrez le classement g\u00e9n\u00e9ral des pilotes (top 10) du championnat du monde des rallyes 2025, qui se d\u00e9roule sur 14 manches du 23 janvier au 30 novembre 2025.<\/p>\n<p>Lire l&rsquo;article<\/p>\n<p>dicodusport.fr<\/p>\n<p>Classement actualis\u00e9 du Rallye d\u2019Europe Centrale 2025<\/p>\n<p style=\"text-align: justify;\"><strong>Classement mis \u00e0 jour \u00e0 l\u2019issue de l\u2019ES8.<\/strong><\/p>\n<tr style=\"height: 24px\">\n<td style=\"border-color: #ebebeb;height: 24px;text-align: center;width: 80px;vertical-align: middle\">\ud83c\udfc6<\/td>\n<td style=\"border-color: #ebebeb;height: 24px;text-align: center;width: 500px;vertical-align: middle\"><strong>PILOTES ET CO-PILOTES<\/strong><\/td>\n<td style=\"border-color: #ebebeb;height: 24px;text-align: center;width: 220px;vertical-align: middle\"><strong>TEMPS<br \/><\/strong><\/td>\n<\/tr>\n<tr>\n<td style=\"border-color: #ebebeb;text-align: center;width: 80px;vertical-align: middle\"><strong>1.<\/strong><\/td>\n<td style=\"border-color: #ebebeb;text-align: center;width: 500px;vertical-align: middle\"><strong>\ud83c\uddeb\ud83c\uddf7 S\u00e9bastien OGIER \/ \ud83c\uddeb\ud83c\uddf7 Vincent LANDAIS<\/strong><br \/>TOYOTA<\/td>\n<td style=\"border-color: #ebebeb;text-align: center;width: 220px;vertical-align: middle\"><strong>1h03m29.8s<\/strong><\/td>\n<\/tr>\n<tr>\n<td style=\"border-color: #ebebeb;text-align: center;width: 80px;vertical-align: middle\">2.<\/td>\n<td style=\"border-color: #ebebeb;text-align: center;width: 500px;vertical-align: middle\"><strong>\ud83c\uddeb\ud83c\uddee Kalle ROVANPER\u00c4 \/ \ud83c\uddeb\ud83c\uddee Jonne HALTTUNEN<\/strong><br \/>TOYOTA<\/td>\n<td style=\"border-color: #ebebeb;text-align: center;width: 220px;vertical-align: middle\"><strong>\u00e0 0.6s<\/strong><\/td>\n<\/tr>\n<tr>\n<td style=\"border-color: #ebebeb;text-align: center;width: 80px;vertical-align: middle\">3.<\/td>\n<td style=\"border-color: #ebebeb;text-align: center;width: 500px;vertical-align: middle\"><strong>\ud83c\uddec\ud83c\udde7 Elfyn EVANS \/ \ud83c\uddec\ud83c\udde7 Scott MARTIN<br \/><\/strong>TOYOTA<\/td>\n<td style=\"border-color: #ebebeb;text-align: center;width: 220px;vertical-align: middle\"><strong>\u00e0 29.5s<\/strong><\/td>\n<\/tr>\n<tr>\n<td style=\"border-color: #ebebeb;text-align: center;width: 80px;vertical-align: middle\">4.<\/td>\n<td style=\"border-color: #ebebeb;text-align: center;width: 500px;vertical-align: middle\"><strong>\ud83c\uddea\ud83c\uddea Ott T\u00c4NAK \/ \ud83c\uddea\ud83c\uddea Martin J\u00c4RVEOJA<\/strong><br \/>HYUNDAI<\/td>\n<td style=\"border-color: #ebebeb;text-align: center;width: 220px;vertical-align: middle\"><strong>\u00e0 32.8s<\/strong><\/td>\n<\/tr>\n<tr>\n<td style=\"border-color: #ebebeb;text-align: center;width: 80px;vertical-align: middle\">5.<\/td>\n<td style=\"border-color: #ebebeb;text-align: center;width: 500px;vertical-align: middle\"><strong>\ud83c\uddef\ud83c\uddf5 Takamoto KATSUTA \/ \ud83c\uddee\ud83c\uddea Aaron JOHNSTON<br \/><\/strong>TOYOTA<\/td>\n<td style=\"border-color: #ebebeb;text-align: center;width: 220px;vertical-align: middle\"><strong>\u00e0 35.7s<\/strong><\/td>\n<\/tr>\n<tr>\n<td style=\"border-color: #ebebeb;text-align: center;width: 80px;vertical-align: middle\">6.<\/td>\n<td style=\"border-color: #ebebeb;text-align: center;width: 500px;vertical-align: middle\"><strong>\ud83c\uddeb\ud83c\uddf7 Adrien FOURMAUX \/ \ud83c\uddeb\ud83c\uddf7 Alexandre CORIA<\/strong><br \/>HYUNDAI<\/td>\n<td style=\"border-color: #ebebeb;text-align: center;width: 220px;vertical-align: middle\"><strong>\u00e0 46.1s<\/strong><\/td>\n<\/tr>\n<tr style=\"height: 24px\">\n<td style=\"border-color: #ebebeb;height: 24px;text-align: center;width: 80px;vertical-align: middle\">7.<\/td>\n<td style=\"border-color: #ebebeb;text-align: center;width: 500px;vertical-align: middle\"><strong>Sami PAJARI \/ \ud83c\uddeb\ud83c\uddee Enni M\u00c4LK\u00d6NEN<br \/><\/strong>TOYOTA<\/td>\n<td style=\"border-color: #ebebeb;text-align: center;width: 220px;vertical-align: middle\"><strong>\u00e0 56.0s<\/strong><\/td>\n<\/tr>\n<tr>\n<td style=\"border-color: #ebebeb;text-align: center;width: 80px;vertical-align: middle\">8.<\/td>\n<td style=\"border-color: #ebebeb;text-align: center;width: 500px;vertical-align: middle\"><strong>\ud83c\udde7\ud83c\uddea Thierry NEUVILLE \/ \ud83c\udde7\ud83c\uddea Martijn WYDAEGHE<\/strong><br style=\"font-size: 14.4px\"\/>HYUNDAI<\/td>\n<td style=\"border-color: #ebebeb;text-align: center;width: 220px;vertical-align: middle\"><strong>\u00e0 1m55.8s<\/strong><\/td>\n<\/tr>\n<tr>\n<td style=\"border-color: #ebebeb;text-align: center;width: 80px;vertical-align: middle\">9.<\/td>\n<td style=\"border-color: #ebebeb;text-align: center;width: 500px;vertical-align: middle\"><strong>\ud83c\uddee\ud83c\uddea Joshua MCERLEAN \/ \ud83c\uddee\ud83c\uddea Eoin TREACY<\/strong><br \/>FORD<\/td>\n<td style=\"border-color: #ebebeb;text-align: center;width: 220px;vertical-align: middle\"><strong>\u00e0 2m50.2s<\/strong><\/td>\n<\/tr>\n<tr style=\"height: 24px\">\n<td style=\"border-color: #ebebeb;height: 24px;text-align: center;width: 80px;vertical-align: middle\">10.<\/td>\n<td style=\"border-color: #ebebeb;text-align: center;width: 500px;vertical-align: middle\"><strong>\ud83c\uddf8\ud83c\uddea Oliver SOLBERG \/ \ud83c\uddec\ud83c\udde7 Elliott EDMONDSON<\/strong><br \/>TOYOTA<\/td>\n<td style=\"border-color: #ebebeb;text-align: center;width: 220px;vertical-align: middle\"><strong>\u00e0 3m37.6s<\/strong><\/td>\n<\/tr>\n<p>\u00c0 lire aussi<\/p>\n<p>Le palmar\u00e8s de la saison 2025<\/p>\n<p style=\"text-align: justify;\"><strong>Rallye Monte Carlo :\u00a0<\/strong>S\u00e9bastien Ogier (Toyota) \u2013\u00a0<a href=\"https:\/\/dicodusport.fr\/blog\/rallye-monte-carlo-2025-le-classement-general-en-direct\/\" target=\"_blank\" rel=\"noopener\">Classement final<\/a><strong><br \/>Rallye de Su\u00e8de :<\/strong>\u00a0Elfyn Evans (Toyota) \u2013\u00a0<a href=\"https:\/\/dicodusport.fr\/blog\/rallye-de-suede-2025-le-classement-general-en-direct\/\" target=\"_blank\" rel=\"noopener\">Classement final<\/a><br \/><strong>Rallye du Kenya :<\/strong>\u00a0Elfyn Evans (Toyota) \u2013\u00a0<a href=\"https:\/\/dicodusport.fr\/blog\/rallye-du-kenya-2025-le-classement-general-en-direct\/\" target=\"_blank\" rel=\"noopener\">Classement final<\/a><br \/><strong>Rallye des Iles Canaries :<\/strong>\u00a0Kalle Rovanper\u00e4 (Toyota) \u2013\u00a0<a href=\"https:\/\/dicodusport.fr\/blog\/rallye-des-iles-canaries-2025-le-classement-general-en-direct\/\" target=\"_blank\" rel=\"noopener\">Classement final<\/a><br \/><strong>Rallye du Portugal :<\/strong>\u00a0S\u00e9bastien Ogier (Toyota) \u2013\u00a0<a href=\"https:\/\/dicodusport.fr\/blog\/rallye-du-portugal-2025-classement-general-en-direct\/\" target=\"_blank\" rel=\"noopener\">Classement final<\/a><br \/><strong>Rallye de Sardaigne :<\/strong>\u00a0S\u00e9bastien Ogier (Toyota) \u2013\u00a0<a href=\"https:\/\/dicodusport.fr\/blog\/rallye-de-sardaigne-2025-classement-general-en-direct\/\" target=\"_blank\" rel=\"noopener\">Classement final<\/a><br \/><strong>Rallye de l\u2019Acropole :<\/strong>\u00a0Ott T\u00e4nak (Hyundai) \u2013\u00a0<a href=\"https:\/\/dicodusport.fr\/blog\/rallye-acropole-2025-classement-general-en-direct\/\" target=\"_blank\" rel=\"noopener\">Classement final<\/a><br \/><strong>Rallye d\u2019Estonie :<\/strong>\u00a0Oliver Solberg (Toyota) \u2013\u00a0<a href=\"https:\/\/dicodusport.fr\/blog\/rallye-destonie-2025-classement-general-en-direct\/\" target=\"_blank\" rel=\"noopener\">Classement final<\/a><br \/><strong>Rallye de Finlande :<\/strong>\u00a0Kalle Rovanper\u00e4 (Toyota) \u2013\u00a0<a href=\"https:\/\/dicodusport.fr\/blog\/rallye-de-finlande-2025-classement-general-en-direct\/\" target=\"_blank\" rel=\"noopener\">Classement final<\/a><br \/><strong>Rallye du Paraguay :<\/strong>\u00a0S\u00e9bastien Ogier (Toyota) \u2013\u00a0<a href=\"https:\/\/dicodusport.fr\/blog\/rallye-du-paraguay-2025-classement-general-en-direct\/\" target=\"_blank\" rel=\"noopener\">Classement final<\/a><br \/><strong>Rallye du Chili :<\/strong>\u00a0S\u00e9bastien Ogier (Toyota) \u2013\u00a0<a href=\"https:\/\/dicodusport.fr\/blog\/rallye-du-chili-2025-classement-general-en-direct\/\" target=\"_blank\" rel=\"noopener\">Classement final<\/a><\/p>\n<p>\n<a href=\"https:\/\/dicodusport.fr\/blog\/offres\/abonnements-sans-pub\/\" target=\"_blank\" rel=\"noopener\"><img loading=\"lazy\" decoding=\"async\" class=\"alignnone size-full wp-image-501284 perfmatters-lazy\" alt=\"\" width=\"1200\" height=\"200\" src=\"https:\/\/www.europesays.com\/fr\/wp-content\/uploads\/2025\/04\/Abonnements-sans-pubs-Dicodusport.png\"\/><\/a><br \/><a href=\"https:\/\/dicodusport.fr\/blog\/offres\/abonnements-sans-pub\/\" target=\"_blank\" rel=\"noopener\"><img loading=\"lazy\" decoding=\"async\" class=\"alignnone size-full wp-image-501296 perfmatters-lazy\" alt=\"\" width=\"400\" height=\"400\" src=\"https:\/\/www.europesays.com\/fr\/wp-content\/uploads\/2025\/04\/Abonnements-sans-pubs-Dicodusport-mobile.png\"\/><\/a><\/p>\n","protected":false},"excerpt":{"rendered":"D\u00e9couvrez le classement g\u00e9n\u00e9ral actualis\u00e9 et les r\u00e9sultats complets (top 10) du Rallye d\u2019Europe Centrale 2025, 12\u00e8me manche&hellip;\n","protected":false},"author":2,"featured_media":470964,"comment_status":"","ping_status":"","sticky":false,"template":"","format":"standard","meta":{"footnotes":""},"categories":[1586],"tags":[11,2113,1777,674,1011,27,12,59472,25,16405],"class_list":{"0":"post-470963","1":"post","2":"type-post","3":"status-publish","4":"format-standard","5":"has-post-thumbnail","7":"category-europe","8":"tag-actualites","9":"tag-breve","10":"tag-eu","11":"tag-europe","12":"tag-fr","13":"tag-france","14":"tag-news","15":"tag-rallye-wrc","16":"tag-republique-francaise","17":"tag-wrc"},"share_on_mastodon":{"url":"https:\/\/pubeurope.com\/@fr\/115391792462579203","error":""},"_links":{"self":[{"href":"https:\/\/www.europesays.com\/fr\/wp-json\/wp\/v2\/posts\/470963","targetHints":{"allow":["GET"]}}],"collection":[{"href":"https:\/\/www.europesays.com\/fr\/wp-json\/wp\/v2\/posts"}],"about":[{"href":"https:\/\/www.europesays.com\/fr\/wp-json\/wp\/v2\/types\/post"}],"author":[{"embeddable":true,"href":"https:\/\/www.europesays.com\/fr\/wp-json\/wp\/v2\/users\/2"}],"replies":[{"embeddable":true,"href":"https:\/\/www.europesays.com\/fr\/wp-json\/wp\/v2\/comments?post=470963"}],"version-history":[{"count":0,"href":"https:\/\/www.europesays.com\/fr\/wp-json\/wp\/v2\/posts\/470963\/revisions"}],"wp:featuredmedia":[{"embeddable":true,"href":"https:\/\/www.europesays.com\/fr\/wp-json\/wp\/v2\/media\/470964"}],"wp:attachment":[{"href":"https:\/\/www.europesays.com\/fr\/wp-json\/wp\/v2\/media?parent=470963"}],"wp:term":[{"taxonomy":"category","embeddable":true,"href":"https:\/\/www.europesays.com\/fr\/wp-json\/wp\/v2\/categories?post=470963"},{"taxonomy":"post_tag","embeddable":true,"href":"https:\/\/www.europesays.com\/fr\/wp-json\/wp\/v2\/tags?post=470963"}],"curies":[{"name":"wp","href":"https:\/\/api.w.org\/{rel}","templated":true}]}}