{"id":470972,"date":"2025-10-17T22:14:15","date_gmt":"2025-10-17T22:14:15","guid":{"rendered":"https:\/\/www.europesays.com\/fr\/470972\/"},"modified":"2025-10-17T22:14:15","modified_gmt":"2025-10-17T22:14:15","slug":"volleyball-marchand-promet-un-complexe-sportif-a-beauport","status":"publish","type":"post","link":"https:\/\/www.europesays.com\/fr\/470972\/","title":{"rendered":"Volleyball: Marchand promet un complexe sportif \u00e0 Beauport"},"content":{"rendered":"<p><strong>Le maire sortant de Qu\u00e9bec, Bruno Marchand, a promis qu\u2019un complexe sportif consacr\u00e9 au volleyball sera construit \u00e0 Beauport, m\u00eame si le montage financier de ce projet de 36 M$ n\u2019est pas encore compl\u00e9t\u00e9.<\/strong><\/p>\n<p>C\u2019est ce que le chef de Qu\u00e9bec Forte et Fi\u00e8re (QFF) a annonc\u00e9 vendredi matin, en point de presse.<\/p>\n<p>                <a class=\"fancybox\" rel=\"group nofollow noopener\" href=\"https:\/\/m1.quebecormedia.com\/emp\/emp\/430ad580-ab8c-11f0-a50c-f34be2fe2f9a_ORIGINAL.jpg?impolicy=crop-resize&amp;x=0&amp;y=0&amp;w=1200&amp;h=663&amp;width=1400\" target=\"_blank\"><\/p>\n<p>                  <img decoding=\"async\"  src=\"https:\/\/www.europesays.com\/fr\/wp-content\/uploads\/2025\/10\/430ad580-ab8c-11f0-a50c-f34be2fe2f9a_ORIGINAL.jpg\" class=\"story-img\" alt=\"\"\/><br \/>\n                <\/a><\/p>\n<p>                    Taieb Moalla<\/p>\n<p>Le nouveau complexe, qui pourrait \u00eatre livr\u00e9 en 2027 dans le meilleur sc\u00e9nario, sera situ\u00e9 sur des terrains de l\u2019\u00e9cole Fran\u00e7ois-Bourrin. Il comprendra 10 terrains de volleyball int\u00e9rieurs, six terrains de volleyball de plage couverts en hiver, et une piste de course de marche. Les terrains int\u00e9rieurs pourront \u00e9galement se configurer pour la pratique du futsal (soccer en salle).<\/p>\n<p>                <a class=\"fancybox\" rel=\"group nofollow noopener\" href=\"https:\/\/m1.quebecormedia.com\/emp\/emp\/41cfbd71-ab8c-11f0-a50c-f34be2fe2f9a_ORIGINAL.jpg?impolicy=crop-resize&amp;x=0&amp;y=0&amp;w=1200&amp;h=664&amp;width=1400\" target=\"_blank\"><\/p>\n<p>                  <img decoding=\"async\"  src=\"https:\/\/www.europesays.com\/fr\/wp-content\/uploads\/2025\/10\/41cfbd71-ab8c-11f0-a50c-f34be2fe2f9a_ORIGINAL.jpg\" class=\"story-img\" alt=\"\"\/><br \/>\n                <\/a><\/p>\n<p>                    Taieb Moalla<\/p>\n<p>L\u2019objectif derri\u00e8re ce complexe est de r\u00e9pondre aux besoins grandissants pour les volleyeurs et volleyeuses de Qu\u00e9bec \u2014 ce sport est en grande partie f\u00e9minin \u2014, a insist\u00e9 le maire Marchand.<\/p>\n<p>                <a class=\"fancybox\" rel=\"group nofollow noopener\" href=\"https:\/\/m1.quebecormedia.com\/emp\/emp\/41cb9ec0-ab8c-11f0-a50c-f34be2fe2f9a_ORIGINAL.jpg?impolicy=crop-resize&amp;x=0&amp;y=0&amp;w=1200&amp;h=666&amp;width=1400\" target=\"_blank\"><\/p>\n<p>                  <img decoding=\"async\"  src=\"https:\/\/www.europesays.com\/fr\/wp-content\/uploads\/2025\/10\/41cb9ec0-ab8c-11f0-a50c-f34be2fe2f9a_ORIGINAL.jpg\" class=\"story-img\" alt=\"\"\/><br \/>\n                <\/a><\/p>\n<p>                    Taieb Moalla<\/p>\n<p>  <strong>Une grosse annonce \u00e0 venir?<\/strong><\/p>\n<p>Sur le co\u00fbt total de 36 M$, la portion de la Ville de Qu\u00e9bec demeure \u00e0 d\u00e9terminer, puisque la Municipalit\u00e9 tentera d\u2019obtenir des subventions du gouvernement du Qu\u00e9bec. Pour le moment, l\u2019engagement ferme de la Ville porte uniquement sur les 5 M$ de la piste de course qu\u2019elle compte payer en entier.<\/p>\n<p>Interrog\u00e9 \u00e0 savoir s\u2019il s\u2019agit-l\u00e0 d&rsquo;un des plus gros engagements \u00e9lectoraux de QFF, M.\u00a0Marchand a maintenu un certain myst\u00e8re. Il a laiss\u00e9 entendre qu\u2019une grosse annonce est dans les cartons de son parti d\u2019ici le scrutin du 2\u00a0novembre.<\/p>\n","protected":false},"excerpt":{"rendered":"Le maire sortant de Qu\u00e9bec, Bruno Marchand, a promis qu\u2019un complexe sportif consacr\u00e9 au volleyball sera construit \u00e0&hellip;\n","protected":false},"author":2,"featured_media":470973,"comment_status":"","ping_status":"","sticky":false,"template":"","format":"standard","meta":{"footnotes":""},"categories":[1417],"tags":[1011,27,60,1470,1469],"class_list":{"0":"post-470972","1":"post","2":"type-post","3":"status-publish","4":"format-standard","5":"has-post-thumbnail","7":"category-volley","8":"tag-fr","9":"tag-france","10":"tag-sports","11":"tag-volley","12":"tag-volleyball"},"share_on_mastodon":{"url":"https:\/\/pubeurope.com\/@fr\/115391815720040440","error":""},"_links":{"self":[{"href":"https:\/\/www.europesays.com\/fr\/wp-json\/wp\/v2\/posts\/470972","targetHints":{"allow":["GET"]}}],"collection":[{"href":"https:\/\/www.europesays.com\/fr\/wp-json\/wp\/v2\/posts"}],"about":[{"href":"https:\/\/www.europesays.com\/fr\/wp-json\/wp\/v2\/types\/post"}],"author":[{"embeddable":true,"href":"https:\/\/www.europesays.com\/fr\/wp-json\/wp\/v2\/users\/2"}],"replies":[{"embeddable":true,"href":"https:\/\/www.europesays.com\/fr\/wp-json\/wp\/v2\/comments?post=470972"}],"version-history":[{"count":0,"href":"https:\/\/www.europesays.com\/fr\/wp-json\/wp\/v2\/posts\/470972\/revisions"}],"wp:featuredmedia":[{"embeddable":true,"href":"https:\/\/www.europesays.com\/fr\/wp-json\/wp\/v2\/media\/470973"}],"wp:attachment":[{"href":"https:\/\/www.europesays.com\/fr\/wp-json\/wp\/v2\/media?parent=470972"}],"wp:term":[{"taxonomy":"category","embeddable":true,"href":"https:\/\/www.europesays.com\/fr\/wp-json\/wp\/v2\/categories?post=470972"},{"taxonomy":"post_tag","embeddable":true,"href":"https:\/\/www.europesays.com\/fr\/wp-json\/wp\/v2\/tags?post=470972"}],"curies":[{"name":"wp","href":"https:\/\/api.w.org\/{rel}","templated":true}]}}