{"id":470977,"date":"2025-10-17T22:18:15","date_gmt":"2025-10-17T22:18:15","guid":{"rendered":"https:\/\/www.europesays.com\/fr\/470977\/"},"modified":"2025-10-17T22:18:15","modified_gmt":"2025-10-17T22:18:15","slug":"fabio-quartararo-surpris-de-son-top-5-en-australie-je-nai-jamais-ete-performant-ici","status":"publish","type":"post","link":"https:\/\/www.europesays.com\/fr\/470977\/","title":{"rendered":"Fabio Quartararo surpris de son top-5 en Australie : \u00ab Je n&rsquo;ai jamais \u00e9t\u00e9 performant ici \u00bb"},"content":{"rendered":"<p><a href=\"https:\/\/www.autohebdo.fr\/actualites\/tag\/fabio-quartararo\" data-internallinksmanager029f6b8e52c=\"15\" title=\"Fabio Quartararo\" target=\"_blank\" rel=\"noopener\">Fabio Quartararo<\/a> conclut le vendredi avec son ticket pour la Q2 \u00e0 Phillip Island. Le Grand Prix d\u2019Australie du Fran\u00e7ais se d\u00e9roule pour l\u2019instant mieux qu\u2019esp\u00e9r\u00e9. 5e en EL1, le pilote Yamaha a profit\u00e9 de la s\u00e9ance d\u2019Essais de l\u2019apr\u00e8s-midi pour peaufiner ses r\u00e9glages. Il les a ensuite mis \u00e0 profit dans les 15 derni\u00e8res minutes.<\/p>\n<p>D\u00e9j\u00e0 r\u00e9guli\u00e8rement dans le top-10 pendant la s\u00e9ance, il termine avec un temps en 1:26.926 qui l\u2019a un temps propuls\u00e9 \u00e0 la 2e place. Il ach\u00e8ve finalement au quatri\u00e8me rang du classement des essais, \u00e0 0,434 seconde du nouveau record du circuit \u00e9tabli par Marco Bezzecchi. En fin de journ\u00e9e, c\u2019est un m\u00e9lange de surprise et de satisfaction qui anime le Ni\u00e7ois.<\/p>\n<p>\u00ab Je n\u2019ai jamais \u00e9t\u00e9 tr\u00e8s rapide sur cette piste, rappelle n\u00b020. L\u2019ann\u00e9e derni\u00e8re on avait du mal avec la moto, 2023 aussi. En 2022, on \u00e9tait l\u00e0 mais je suis tomb\u00e9. C\u2019est une piste que je n\u2019ai jamais beaucoup appr\u00e9ci\u00e9e. Je l\u2019aime beaucoup, mais je n\u2019ai jamais \u00e9t\u00e9 tr\u00e8s performant. Mais cette ann\u00e9e, j\u2019ai r\u00e9ussi \u00e0 trouver un petit peu mon chemin.<\/p>\n<p>Avant d\u2019expliquer les raisons qui font que sa M1 est un petit peu plus proche de ses concurrentes qu\u2019ailleurs. \u00ab Ce n\u2019est pas vraiment un circuit pour la Yamaha. C\u2019est un circuit qui est un peu moins bien que les autres circuits. Sur les virages rapides, on est bien. Mais les autres aussi, ils sont bien. Ce n\u2019est pas un point positif qu\u2019on a sur les autres. C\u2019est juste qu\u2019on a moins de points n\u00e9gatifs. Et je pense que c\u2019est l\u00e0 o\u00f9 on doit prendre nos chances pour essayer de faire un bon r\u00e9sultat. \u00bb<\/p>\n<p>Les bons r\u00e9sultats de ce vendredi, donnent de grands espoirs \u00e0 Fabio Quartararo qui conclut : \u00ab [Je vais] essayer de faire dans le top-5 en qualif et top-5 en sprint. Je pense que \u00e7a pourrait \u00eatre un bon r\u00e9sultat. \u00bb Dans le chef de l\u2019\u00e9preuve du samedi, il retrouverait pareil classement pour la premi\u00e8re fois depuis le Grand Prix de Catalogne, en septembre dernier.<\/p>\n<p><strong>\u00c0 LIRE AUSSI &gt;\u00a0<a href=\"https:\/\/www.autohebdo.fr\/actualites\/motogp\/motogp-gp-daustralie-essais.html\" target=\"_blank\" rel=\"noopener\">GP d\u2019Australie \u2013 Essais : Nouveau record de la piste pour Marco Bezzecchi<\/a><\/strong><\/p>\n","protected":false},"excerpt":{"rendered":"Fabio Quartararo conclut le vendredi avec son ticket pour la Q2 \u00e0 Phillip Island. Le Grand Prix d\u2019Australie&hellip;\n","protected":false},"author":2,"featured_media":470978,"comment_status":"","ping_status":"","sticky":false,"template":"","format":"standard","meta":{"footnotes":""},"categories":[1413],"tags":[1011,27,1457,1456,60],"class_list":{"0":"post-470977","1":"post","2":"type-post","3":"status-publish","4":"format-standard","5":"has-post-thumbnail","7":"category-moto","8":"tag-fr","9":"tag-france","10":"tag-moto","11":"tag-motocycle","12":"tag-sports"},"share_on_mastodon":{"url":"https:\/\/pubeurope.com\/@fr\/115391830856602623","error":""},"_links":{"self":[{"href":"https:\/\/www.europesays.com\/fr\/wp-json\/wp\/v2\/posts\/470977","targetHints":{"allow":["GET"]}}],"collection":[{"href":"https:\/\/www.europesays.com\/fr\/wp-json\/wp\/v2\/posts"}],"about":[{"href":"https:\/\/www.europesays.com\/fr\/wp-json\/wp\/v2\/types\/post"}],"author":[{"embeddable":true,"href":"https:\/\/www.europesays.com\/fr\/wp-json\/wp\/v2\/users\/2"}],"replies":[{"embeddable":true,"href":"https:\/\/www.europesays.com\/fr\/wp-json\/wp\/v2\/comments?post=470977"}],"version-history":[{"count":0,"href":"https:\/\/www.europesays.com\/fr\/wp-json\/wp\/v2\/posts\/470977\/revisions"}],"wp:featuredmedia":[{"embeddable":true,"href":"https:\/\/www.europesays.com\/fr\/wp-json\/wp\/v2\/media\/470978"}],"wp:attachment":[{"href":"https:\/\/www.europesays.com\/fr\/wp-json\/wp\/v2\/media?parent=470977"}],"wp:term":[{"taxonomy":"category","embeddable":true,"href":"https:\/\/www.europesays.com\/fr\/wp-json\/wp\/v2\/categories?post=470977"},{"taxonomy":"post_tag","embeddable":true,"href":"https:\/\/www.europesays.com\/fr\/wp-json\/wp\/v2\/tags?post=470977"}],"curies":[{"name":"wp","href":"https:\/\/api.w.org\/{rel}","templated":true}]}}