{"id":470979,"date":"2025-10-17T22:19:11","date_gmt":"2025-10-17T22:19:11","guid":{"rendered":"https:\/\/www.europesays.com\/fr\/470979\/"},"modified":"2025-10-17T22:19:11","modified_gmt":"2025-10-17T22:19:11","slug":"la-reponse-piquante-et-humoristique-de-lewis-hamilton-a-alonso","status":"publish","type":"post","link":"https:\/\/www.europesays.com\/fr\/470979\/","title":{"rendered":"La r\u00e9ponse piquante (et humoristique) de Lewis Hamilton \u00e0 Alonso"},"content":{"rendered":"<p itemprop=\"description\">Apr\u00e8s une course chaotique \u00e0 Singapour<br \/>\nmarqu\u00e9e par un probl\u00e8me de freins et une p\u00e9nalit\u00e9, Lewis Hamilton a<br \/>\nr\u00e9pondu \u00e0 la col\u00e8re de Fernando Alonso d\u2019une mani\u00e8re bien \u00e0 lui :<br \/>\navec humour et un petit tacle sur Instagram.<\/p>\n<p><a href=\"https:\/\/f1i.autojournal.fr\/dossiers\/pilotes-de-f1\/lewis-hamilton-f1-356976.html\" target=\"_blank\" rel=\"noopener\"><br \/>\nLewis Hamilton<\/a> a beau avoir l\u2019habitude des luttes \u00e9piques, le<br \/>\nGrand Prix de Singapour 2025 lui a offert un tout autre genre de<br \/>\nfrisson.<\/p>\n<p>Le septuple champion du monde a d\u00fb ramener sa <a href=\"https:\/\/f1i.autojournal.fr\/dossiers\/ecuries-de-f1\/scuderia-ferrari-357156.html\" target=\"_blank\" rel=\"noopener\"><br \/>\nFerrari<\/a> \u00e0 l\u2019arriv\u00e9e avec un grave souci de freins, terminant<br \/>\ndifficilement en septi\u00e8me position. Longtemps en avance sur<br \/>\n<a href=\"https:\/\/f1i.autojournal.fr\/dossiers\/pilotes-de-f1\/f1-fernando-alonso-624937.html\" target=\"_blank\" rel=\"noopener\"><br \/>\nFernando Alonso<\/a>, Hamilton a vu fondre son \u00e9cart de plus de 40<br \/>\nsecondes dans les derniers tours, incapable de freiner<br \/>\nefficacement.<\/p>\n<p>Pour \u00e9viter un abandon, le Britannique a coup\u00e9 plusieurs<br \/>\nvirages, ce qui a aussit\u00f4t d\u00e9clench\u00e9 la col\u00e8re d\u2019Alonso \u00e0 la radio.<br \/>\nL\u2019Espagnol, huiti\u00e8me \u00e0 ce moment-l\u00e0, n\u2019a pas m\u00e2ch\u00e9 ses mots :<br \/>\n\u00ab\u00a0Je n\u2019en crois pas mes yeux !\u00a0\u00bb a-t-il r\u00e9p\u00e9t\u00e9, scandalis\u00e9<br \/>\npar la man\u0153uvre de son ancien rival.<\/p>\n<p>La FIA lui a finalement donn\u00e9 raison : Hamilton a \u00e9cop\u00e9 d\u2019une<br \/>\np\u00e9nalit\u00e9 de cinq secondes pour avoir d\u00e9pass\u00e9 les limites de la<br \/>\npiste, le r\u00e9trogradant \u00e0 la huiti\u00e8me place.<\/p>\n<p><strong>La r\u00e9ponse piquante (et humoristique) de<br \/>\nHamilton<\/strong><\/p>\n<p>Mais si Alonso a gagn\u00e9 une position, Hamilton a gard\u00e9 le dernier<br \/>\nmot\u2026 sur les r\u00e9seaux sociaux. Le lendemain de la course, le pilote<br \/>\nFerrari a publi\u00e9 sur Instagram une courte vid\u00e9o tir\u00e9e de la s\u00e9rie<br \/>\nbritannique culte One Foot in the Grave. On y voit le<br \/>\npersonnage principal, Victor Meldrew, r\u00e9p\u00e9ter inlassablement la<br \/>\nphrase \u00ab\u00a0Je n\u2019y crois pas\u00a0\u00bb \u2014\u00a0un clin d\u2019\u0153il \u00e9vident aux<br \/>\npropos d\u2019Alonso.<\/p>\n<p>Interrog\u00e9 \u00e0 Austin avant le Grand Prix des \u00c9tats-Unis, Hamilton<br \/>\na minimis\u00e9 l\u2019incident avec humour : \u00ab\u00a0Non, je n\u2019ai pas parl\u00e9 \u00e0<br \/>\nFernando. C\u2019\u00e9tait juste une petite plaisanterie. Je n\u2019avais pas vu<br \/>\ncette \u00e9mission depuis plus de vingt ans, mais j\u2019ai trouv\u00e9 \u00e7a dr\u00f4le,<br \/>\nalors je l\u2019ai post\u00e9e. Que serait la vie sans un peu d\u2019humour<br \/>\n?\u00a0\u00bb<\/p>\n<p>Le ton est l\u00e9ger, mais l\u2019\u00e9change illustre une nouvelle fois la<br \/>\nrivalit\u00e9 toujours vivace entre les deux champions, pr\u00e8s de vingt<br \/>\nans apr\u00e8s leurs premiers duels chez <a href=\"https:\/\/f1i.autojournal.fr\/dossiers\/ecuries-de-f1\/mclaren-f1-team-357173.html\" target=\"_blank\" rel=\"noopener\"><br \/>\nMcLaren<\/a>.<\/p>\n<p><strong>Alonso satisfait, Hamilton fataliste<\/strong><\/p>\n<p>De son c\u00f4t\u00e9, Alonso a accueilli la sanction avec satisfaction :<br \/>\n\u00ab\u00a0J\u2019\u00e9tais content de la p\u00e9nalit\u00e9. J\u2019ai gagn\u00e9 une place, c\u2019est<br \/>\ntout ce qui comptait. M\u00eame une seconde aurait suffi.\u00a0\u00bb<\/p>\n<p>Hamilton, lui, a pr\u00e9f\u00e9r\u00e9 relativiser, reconnaissant la gravit\u00e9<br \/>\nde son probl\u00e8me m\u00e9canique : \u00ab\u00a0Les derniers tours \u00e9taient<br \/>\nangoissants. J\u2019ai d\u00e9j\u00e0 fini une course avec trois pneus, mais<br \/>\njamais avec trois freins ! Je ne pouvais tout simplement plus<br \/>\narr\u00eater la voiture.\u00a0\u00bb<\/p>\n<p>Malgr\u00e9 la p\u00e9nalit\u00e9 et la pol\u00e9mique, le Britannique n\u2019a montr\u00e9<br \/>\naucun signe d\u2019amertume : \u00ab\u00a0La sanction \u00e9tait justifi\u00e9e. Au<br \/>\nfinal, \u00e7a ne change pas grand-chose pour moi.\u00a0\u00bb<\/p>\n<p>Une mani\u00e8re \u00e9l\u00e9gante de clore l\u2019\u00e9pisode\u2026 tout en rappelant<br \/>\nqu\u2019entre Hamilton et Alonso, les passes d\u2019armes \u2014 qu\u2019elles soient<br \/>\nsur la piste ou sur Instagram \u2014 ne sont jamais tr\u00e8s loin.<\/p>\n","protected":false},"excerpt":{"rendered":"Apr\u00e8s une course chaotique \u00e0 Singapour marqu\u00e9e par un probl\u00e8me de freins et une p\u00e9nalit\u00e9, Lewis Hamilton a&hellip;\n","protected":false},"author":2,"featured_media":470980,"comment_status":"","ping_status":"","sticky":false,"template":"","format":"standard","meta":{"footnotes":""},"categories":[1412],"tags":[1451,1710,2251,1452,1453,1454,1455,1011,27,1975,60],"class_list":{"0":"post-470979","1":"post","2":"type-post","3":"status-publish","4":"format-standard","5":"has-post-thumbnail","7":"category-f1","8":"tag-f1","9":"tag-fernando-alonso","10":"tag-ferrari","11":"tag-formula-1","12":"tag-formula1","13":"tag-formule-1","14":"tag-formule1","15":"tag-fr","16":"tag-france","17":"tag-lewis-hamilton","18":"tag-sports"},"share_on_mastodon":{"url":"https:\/\/pubeurope.com\/@fr\/115391834679163517","error":""},"_links":{"self":[{"href":"https:\/\/www.europesays.com\/fr\/wp-json\/wp\/v2\/posts\/470979","targetHints":{"allow":["GET"]}}],"collection":[{"href":"https:\/\/www.europesays.com\/fr\/wp-json\/wp\/v2\/posts"}],"about":[{"href":"https:\/\/www.europesays.com\/fr\/wp-json\/wp\/v2\/types\/post"}],"author":[{"embeddable":true,"href":"https:\/\/www.europesays.com\/fr\/wp-json\/wp\/v2\/users\/2"}],"replies":[{"embeddable":true,"href":"https:\/\/www.europesays.com\/fr\/wp-json\/wp\/v2\/comments?post=470979"}],"version-history":[{"count":0,"href":"https:\/\/www.europesays.com\/fr\/wp-json\/wp\/v2\/posts\/470979\/revisions"}],"wp:featuredmedia":[{"embeddable":true,"href":"https:\/\/www.europesays.com\/fr\/wp-json\/wp\/v2\/media\/470980"}],"wp:attachment":[{"href":"https:\/\/www.europesays.com\/fr\/wp-json\/wp\/v2\/media?parent=470979"}],"wp:term":[{"taxonomy":"category","embeddable":true,"href":"https:\/\/www.europesays.com\/fr\/wp-json\/wp\/v2\/categories?post=470979"},{"taxonomy":"post_tag","embeddable":true,"href":"https:\/\/www.europesays.com\/fr\/wp-json\/wp\/v2\/tags?post=470979"}],"curies":[{"name":"wp","href":"https:\/\/api.w.org\/{rel}","templated":true}]}}