{"id":470981,"date":"2025-10-17T22:20:15","date_gmt":"2025-10-17T22:20:15","guid":{"rendered":"https:\/\/www.europesays.com\/fr\/470981\/"},"modified":"2025-10-17T22:20:15","modified_gmt":"2025-10-17T22:20:15","slug":"vendee-piveteaubois-ne-repartira-pas-actualite","status":"publish","type":"post","link":"https:\/\/www.europesays.com\/fr\/470981\/","title":{"rendered":"Vend\u00e9e Piveteaubois ne repartira pas &#8211; Actualit\u00e9"},"content":{"rendered":"<p style=\"text-align: justify;\">L&rsquo;\u00e9quipe f\u00e9minine <a href=\"https:\/\/www.directvelo.com\/equipe\/7448\/vendee-piveteaubois\" target=\"_blank\" rel=\"noopener\"><strong>Vend\u00e9e Piveteaubois<\/strong><\/a>\u00a0ne repartira pas en N2 l&rsquo;an prochain. Le comit\u00e9 d\u00e9partemental de Vend\u00e9e a pris cette d\u00e9cision \u00ab\u00a0m\u00fbrement r\u00e9fl\u00e9chie par l\u2019ensemble du groupe et de la structure, en tenant compte de [ses] perspectives sportives et organisationnelles\u00a0\u00bb.<\/p>\n<p>Cette saison, Vend\u00e9e Piveteaubois a termin\u00e9 12e de la Coupe de France N2 et 13e du classement des N2 du Challenge DV Femmes.<\/p>\n<p>L&rsquo;\u00e9quipe avait vu le jour en 2021, avec notamment Sarah Pope dans ses rangs.<\/p>\n","protected":false},"excerpt":{"rendered":"L&rsquo;\u00e9quipe f\u00e9minine Vend\u00e9e Piveteaubois\u00a0ne repartira pas en N2 l&rsquo;an prochain. Le comit\u00e9 d\u00e9partemental de Vend\u00e9e a pris cette&hellip;\n","protected":false},"author":2,"featured_media":470982,"comment_status":"","ping_status":"","sticky":false,"template":"","format":"standard","meta":{"footnotes":""},"categories":[1411],"tags":[834,828,836,829,837,827,83,826,824,823,1154,207,814,817,815,816,822,821,832,211,839,1011,27,820,818,819,835,831,830,833,838,60,212,208,825],"class_list":{"0":"post-470981","1":"post","2":"type-post","3":"status-publish","4":"format-standard","5":"has-post-thumbnail","7":"category-cyclisme","8":"tag-attaque","9":"tag-belgique","10":"tag-braquet","11":"tag-bretagne","12":"tag-chute","13":"tag-competition","14":"tag-coupe-de-france","15":"tag-coureur","16":"tag-course-cyclisme","17":"tag-course-cycliste","18":"tag-cycling","19":"tag-cyclisme","20":"tag-direct","21":"tag-direct-velo","22":"tag-directvelo","23":"tag-directvelo-com","24":"tag-epreuve","25":"tag-epreuve-cycliste","26":"tag-federation-francaise-de-cyclisme","27":"tag-ffc","28":"tag-flandres","29":"tag-fr","30":"tag-france","31":"tag-live","32":"tag-live-course","33":"tag-live-epreuve","34":"tag-peloton","35":"tag-radio-peloton","36":"tag-radio-tour","37":"tag-ravitaillement","38":"tag-relance","39":"tag-sports","40":"tag-uci","41":"tag-velo","42":"tag-velos"},"share_on_mastodon":{"url":"https:\/\/pubeurope.com\/@fr\/115391838841182430","error":""},"_links":{"self":[{"href":"https:\/\/www.europesays.com\/fr\/wp-json\/wp\/v2\/posts\/470981","targetHints":{"allow":["GET"]}}],"collection":[{"href":"https:\/\/www.europesays.com\/fr\/wp-json\/wp\/v2\/posts"}],"about":[{"href":"https:\/\/www.europesays.com\/fr\/wp-json\/wp\/v2\/types\/post"}],"author":[{"embeddable":true,"href":"https:\/\/www.europesays.com\/fr\/wp-json\/wp\/v2\/users\/2"}],"replies":[{"embeddable":true,"href":"https:\/\/www.europesays.com\/fr\/wp-json\/wp\/v2\/comments?post=470981"}],"version-history":[{"count":0,"href":"https:\/\/www.europesays.com\/fr\/wp-json\/wp\/v2\/posts\/470981\/revisions"}],"wp:featuredmedia":[{"embeddable":true,"href":"https:\/\/www.europesays.com\/fr\/wp-json\/wp\/v2\/media\/470982"}],"wp:attachment":[{"href":"https:\/\/www.europesays.com\/fr\/wp-json\/wp\/v2\/media?parent=470981"}],"wp:term":[{"taxonomy":"category","embeddable":true,"href":"https:\/\/www.europesays.com\/fr\/wp-json\/wp\/v2\/categories?post=470981"},{"taxonomy":"post_tag","embeddable":true,"href":"https:\/\/www.europesays.com\/fr\/wp-json\/wp\/v2\/tags?post=470981"}],"curies":[{"name":"wp","href":"https:\/\/api.w.org\/{rel}","templated":true}]}}