{"id":470983,"date":"2025-10-17T22:21:16","date_gmt":"2025-10-17T22:21:16","guid":{"rendered":"https:\/\/www.europesays.com\/fr\/470983\/"},"modified":"2025-10-17T22:21:16","modified_gmt":"2025-10-17T22:21:16","slug":"le-groupe-de-las-monaco-pour-la-reprise-de-la-ligue-1-a-angers","status":"publish","type":"post","link":"https:\/\/www.europesays.com\/fr\/470983\/","title":{"rendered":"Le groupe de l\u2019AS Monaco pour la reprise de la Ligue 1 \u00e0 Angers"},"content":{"rendered":"<p>\n                D\u00e9couvre la liste des joueurs retenus par le nouveau coach S\u00e9bastien Pocognoli pour affronter le SCO ce samedi (19h), au programme de la 8e journ\u00e9e de Ligue 1 McDonald\u2019s.\n            <\/p>\n<p>C\u2019est le retour de la Ligue 1. Apr\u00e8s deux semaines de pause en raison de la tr\u00eave internationale o\u00f9 <a href=\"https:\/\/www.asmonaco.com\/qualifies-succes-buteurs-ce-quil-faut-retenir-de-la-treve-doctobre-pour-les-internationaux-de-las-monaco\/\" target=\"_blank\" rel=\"noopener nofollow\">de nombreux mon\u00e9gasques se sont distingu\u00e9s<\/a>, les Rouge et Blanc ont un d\u00e9placement <a href=\"https:\/\/www.asmonaco.com\/les-infos-deplacement-pour-venir-encourager-las-monaco-a-angers\/\" target=\"_blank\" rel=\"noopener nofollow\">\u00e0 n\u00e9gocier \u00e0 Angers<\/a> ce samedi (19h), pour le compte de la 8e journ\u00e9e de championnat. Une rencontre qui sera marqu\u00e9e par les d\u00e9buts de <a href=\"https:\/\/www.asmonaco.com\/conference-de-presse-presentation-coach-as-monaco-sebastien-pocognoli-le-projet-sportif-de-las-monaco-ma-attire\/\" target=\"_blank\" rel=\"noopener nofollow\">S\u00e9bastien Pocognoli<\/a> sur le banc de touche.<\/p>\n<blockquote class=\"twitter-tweet\" data-width=\"550\" data-dnt=\"true\">\n<p lang=\"tl\" dir=\"ltr\">\ud835\ude15\ud835\ude26\ud835\ude39\ud835\ude35 \ud835\ude14\ud835\ude22\ud835\ude35\ud835\ude24\ud835\ude29 \u2694\ufe0f<\/p>\n<p>\ud83c\udd9a <a href=\"https:\/\/twitter.com\/AngersSCO?ref_src=twsrc%5Etfw\" rel=\"nofollow noopener\" target=\"_blank\">@AngersSCO<\/a> <br \/>\ud83c\udfc6 <a href=\"https:\/\/twitter.com\/Ligue1?ref_src=twsrc%5Etfw\" rel=\"nofollow noopener\" target=\"_blank\">@Ligue1<\/a> <br \/>\ud83d\udcc5 Samedi 18 octobre<br \/>\u231a\ufe0f 19h00 <a href=\"https:\/\/t.co\/7hiKpv4RRX\" rel=\"nofollow\">pic.twitter.com\/7hiKpv4RRX<\/a><\/p>\n<p>\u2014 AS Monaco \ud83c\uddf2\ud83c\udde8 (@AS_Monaco) <a href=\"https:\/\/twitter.com\/AS_Monaco\/status\/1978453526528340475?ref_src=twsrc%5Etfw\" rel=\"nofollow noopener\" target=\"_blank\">October 15, 2025<\/a><\/p>\n<\/blockquote>\n<p>Sept succ\u00e8s \u00e0 Angers sur les 10 derniers voyages<\/p>\n<p>D\u00e9sireux que cette premi\u00e8re soit victorieuse, les joueurs de l\u2019AS Monaco abordent ce rendez-vous avec ambition, afin d\u2019obtenir un r\u00e9sultat similaire \u00e0 la saison derni\u00e8re <a href=\"https:\/\/www.asmonaco.com\/arme-de-patience-las-monaco-retrouve-le-succes-a-lexterieur-a-angers\/\" target=\"_blank\" rel=\"noopener nofollow\">lorsqu\u2019ils s\u2019\u00e9taient impos\u00e9s 0-2<\/a>. Un succ\u00e8s, comme c\u2019est r\u00e9guli\u00e8rement le cas en Anjou, puisque sur leurs dix derniers voyages, ils se sont impos\u00e9s \u00e0 sept reprises pour seulement deux nuls et une d\u00e9faite.<\/p>\n<\/p>\n<p>Retours de Bamba et Golovin<\/p>\n<p>Alors avant de d\u00e9fier l\u2019\u00e9quipe emmen\u00e9e par Alexandre Dujeux, dans un match qui sera diffus\u00e9 en exclusivit\u00e9 <strong><a href=\"https:\/\/plus.ligue1.com\/home?esrefid=0bbb1e44-31f6-461d-adee-e18005cf7398&amp;esclkid=esclkid\" target=\"_blank\" rel=\"noopener nofollow\">sur la plateforme Ligue 1+<\/a><\/strong> et \u00e0 suivre <a href=\"https:\/\/www.asmonaco.com\/matchs\/l1-2025-2026-j8-angers-sco-monaco\/\" target=\"_blank\" rel=\"noopener nofollow\">en live-texte sur asmonaco.com<\/a>, d\u00e9couvre la composition du groupe convoqu\u00e9 par <a href=\"https:\/\/www.asmonaco.com\/joueurs\/sebastien-pocognoli-fiche-technique-entraineur-as-monaco\/\" target=\"_blank\" rel=\"noopener nofollow\">S\u00e9bastien Pocognoli<\/a>. A noter les retours d\u2019<a href=\"https:\/\/www.asmonaco.com\/le-milieu-de-terrain-de-las-monaco-aladji-bamba-prolonge-jusquen-2030\/\" target=\"_blank\" rel=\"noopener nofollow\">Aladji Bamba, fra\u00eechement prolong\u00e9<\/a> jusqu\u2019en 2030, et d\u2019<a href=\"https:\/\/www.asmonaco.com\/joueurs\/fiche-technique-aleksandr-golovin-milieu-terrain-as-monaco\/\" target=\"_blank\" rel=\"noopener nofollow\">Aleksandr Golovin<\/a>.<\/p>\n<p><strong>*T\u00e9l\u00e9charge l\u2019AS Monaco App pour ne rien rater ! (disponible sur\u00a0<a href=\"https:\/\/asmonaco.bfsp.app\/p?type=home\" target=\"_blank\" rel=\"noopener nofollow\">Google Play<\/a>\u00a0et l\u2019<a href=\"https:\/\/asmonaco.bfsp.app\/p?type=home\" target=\"_blank\" rel=\"noopener nofollow\">Apple Store<\/a>)<\/strong><\/p>\n<p><b>\ud83d\udc65 Le groupe pour le d\u00e9placement \u00e0 Angers \u2708\ufe0f<\/b><\/p>\n<p><b>\ud83e\udde4 Gardiens<\/b>\u00a0:<\/p>\n<p>Philipp K\u00d6HN, Yann LIENARD, Jules STAWIECKI<\/p>\n<p><b>\ud83d\udea7 D\u00e9fenseurs<\/b>\u00a0:<\/p>\n<p>Caio HENRIQUE, Thilo KEHRER, Bradel KIWA, Kassoum OUATTARA, Mohammed SALISU, Jordan TEZE<\/p>\n<p><b>\ud83c\udfaf Milieux<\/b>\u00a0:<\/p>\n<p>Maghnes AKLIOUCHE, Aladji BAMBA, Pape CABRAL, Mamadou COULIBALY, Kr\u00e9pin DIATTA, Aleksandr GOLOVIN, Stanis IDUMBO, Takumi MINAMINO<\/p>\n<p><b>\u26bd Attaquants<\/b>\u00a0:<\/p>\n<p>Folarin BALOGUN, Mika BIERETH, Ansu FATI, George ILENIKHENA<\/p>\n<p>\ud83d\ude91\u00a0<strong>Point m\u00e9dical<\/strong>\u00a0:<\/p>\n<ul>\n<li>Lamine Camara (cheville gauche) et Eric Dier (ischio droit) sont en soins<\/li>\n<li>Paul Pogba (quadriceps droit), Luk\u00e1\u0161 Hradeck\u00fd (genou gauche), Vanderson (ischio gauche) et Denis Zakaria (adducteur droit), sont en r\u00e9athl\u00e9tisation<\/li>\n<li>Christian Mawissa (ischio droit) est en fin de r\u00e9athl\u00e9tisation<\/li>\n<\/ul>\n<p>J\u2019attends de mon \u00e9quipe qu\u2019elle joue avec une bonne attitude sur le terrain, un esprit positif, conqu\u00e9rant, en ayant conscience qu\u2019il est difficile de jouer l\u00e0-bas. Si on joue avec nos principes, ceux que j\u2019essaye de transmettre, je serai d\u00e9j\u00e0 tr\u00e8s content, m\u00eame si tout ne sera pas parfait, j\u2019en suis conscient ! Mais c\u2019est pour \u00e7a que je suis l\u00e0, pour faire progresser l&rsquo;\u00e9quipe de semaine en semaine.<\/p>\n<p>S\u00e9bastien PocognoliA propos du match \u00e0 Angers<\/p>\n<p><strong>\ud83c\udf99\ufe0f Retrouve la conf\u00e9rence de presse de <a href=\"https:\/\/www.asmonaco.com\/conference-de-presse-avant-monaco-angers-sebastien-pocognoli-faire-matcher-ma-philosophie-aux-qualites-des-joueurs\/\" target=\"_blank\" rel=\"noopener nofollow\">S\u00e9bastien Pocognoli<\/a> et de <a href=\"https:\/\/www.asmonaco.com\/conference-de-presse-avant-angers-monaco-thilo-kehrer-avec-le-coach-lun-des-mots-dordre-est-lintensite\/\" target=\"_blank\" rel=\"noopener nofollow\">Thilo Kehrer<\/a><\/strong><\/p>\n<blockquote class=\"twitter-tweet\" data-width=\"550\" data-dnt=\"true\">\n<p lang=\"fr\" dir=\"ltr\">\u00ab Jouer \u00e0 Angers est toujours un match difficile \u00bb \ud83d\udc4a<\/p>\n<p>Les mots du coach avant <a href=\"https:\/\/twitter.com\/hashtag\/SCOASM?src=hash&amp;ref_src=twsrc%5Etfw\" rel=\"nofollow noopener\" target=\"_blank\">#SCOASM<\/a> \ud83d\udde3\ufe0f <a href=\"https:\/\/t.co\/J1Sg2GqwZ3\" rel=\"nofollow\">pic.twitter.com\/J1Sg2GqwZ3<\/a><\/p>\n<p>\u2014 AS Monaco \ud83c\uddf2\ud83c\udde8 (@AS_Monaco) <a href=\"https:\/\/twitter.com\/AS_Monaco\/status\/1979184536463237485?ref_src=twsrc%5Etfw\" rel=\"nofollow noopener\" target=\"_blank\">October 17, 2025<\/a><\/p>\n<\/blockquote>\n<p>            <script async src=\"https:\/\/platform.twitter.com\/widgets.js\" charset=\"utf-8\"><\/script><\/p>\n","protected":false},"excerpt":{"rendered":"D\u00e9couvre la liste des joueurs retenus par le nouveau coach S\u00e9bastien Pocognoli pour affronter le SCO ce samedi&hellip;\n","protected":false},"author":2,"featured_media":470984,"comment_status":"","ping_status":"","sticky":false,"template":"","format":"standard","meta":{"footnotes":""},"categories":[1410],"tags":[63,1011,27,60],"class_list":{"0":"post-470983","1":"post","2":"type-post","3":"status-publish","4":"format-standard","5":"has-post-thumbnail","7":"category-football","8":"tag-football","9":"tag-fr","10":"tag-france","11":"tag-sports"},"share_on_mastodon":{"url":"https:\/\/pubeurope.com\/@fr\/115391842548480454","error":""},"_links":{"self":[{"href":"https:\/\/www.europesays.com\/fr\/wp-json\/wp\/v2\/posts\/470983","targetHints":{"allow":["GET"]}}],"collection":[{"href":"https:\/\/www.europesays.com\/fr\/wp-json\/wp\/v2\/posts"}],"about":[{"href":"https:\/\/www.europesays.com\/fr\/wp-json\/wp\/v2\/types\/post"}],"author":[{"embeddable":true,"href":"https:\/\/www.europesays.com\/fr\/wp-json\/wp\/v2\/users\/2"}],"replies":[{"embeddable":true,"href":"https:\/\/www.europesays.com\/fr\/wp-json\/wp\/v2\/comments?post=470983"}],"version-history":[{"count":0,"href":"https:\/\/www.europesays.com\/fr\/wp-json\/wp\/v2\/posts\/470983\/revisions"}],"wp:featuredmedia":[{"embeddable":true,"href":"https:\/\/www.europesays.com\/fr\/wp-json\/wp\/v2\/media\/470984"}],"wp:attachment":[{"href":"https:\/\/www.europesays.com\/fr\/wp-json\/wp\/v2\/media?parent=470983"}],"wp:term":[{"taxonomy":"category","embeddable":true,"href":"https:\/\/www.europesays.com\/fr\/wp-json\/wp\/v2\/categories?post=470983"},{"taxonomy":"post_tag","embeddable":true,"href":"https:\/\/www.europesays.com\/fr\/wp-json\/wp\/v2\/tags?post=470983"}],"curies":[{"name":"wp","href":"https:\/\/api.w.org\/{rel}","templated":true}]}}