{"id":470987,"date":"2025-10-17T22:23:24","date_gmt":"2025-10-17T22:23:24","guid":{"rendered":"https:\/\/www.europesays.com\/fr\/470987\/"},"modified":"2025-10-17T22:23:24","modified_gmt":"2025-10-17T22:23:24","slug":"modigliani-foujita-tamara-de-lempicka-pres-de-130-chefs-doeuvre-de-lecole-de-paris-exposes-exceptionnellement-au-musee-de-montmartre","status":"publish","type":"post","link":"https:\/\/www.europesays.com\/fr\/470987\/","title":{"rendered":"Modigliani, Foujita, Tamara de Lempicka&#8230; pr\u00e8s de 130 chefs-d\u2019\u0153uvre de l&rsquo;\u00c9cole de Paris expos\u00e9s exceptionnellement au mus\u00e9e de Montmartre"},"content":{"rendered":"<p>Le mus\u00e9e de Montmartre pr\u00e9sente une exceptionnelle collection qui r\u00e9v\u00e8le toute la richesse et la diversit\u00e9 de l&rsquo;\u00c9cole de Paris du d\u00e9but du XXe si\u00e8cle, des grands ma\u00eetres comme Modigliani aux artistes injustement oubli\u00e9s.<\/p>\n<p class=\"field_LQ2154C\">Pour son exposition d\u2019hiver (du 17 octobre au 15 f\u00e9vrier 2026), le <a href=\"https:\/\/www.connaissancedesarts.com\/arts-expositions\/paris\/paris-une-exposition-au-musee-de-montmartre-revele-les-paysages-lumineux-dun-pionnier-meconnu-du-neo-impressionnisme-11200271\/\" rel=\"nofollow noopener\" target=\"_blank\">mus\u00e9e de Montmartre<\/a> a invit\u00e9 le collectionneur polonais Marek Roefler qui, en une vingtaine d\u2019ann\u00e9es, a constitu\u00e9 un fonds immense d\u2019\u0153uvres d\u2019artistes de l\u2019<a href=\"https:\/\/museedemontmartre.fr\/exposition\/ecole-de-paris-collection-marek-roefler\/\" rel=\"nofollow noopener\" target=\"_blank\"><a href=\"https:\/\/museedemontmartre.fr\/exposition\/ecole-de-paris-collection-marek-roefler\/\" target=\"_blank\" rel=\"noopener nofollow\">\u00c9cole de Paris<\/a>. De Mo\u00efse Kisling \u00e0 Tamara de Lempicka, ses collections sont habituellement pr\u00e9sent\u00e9es dans la Villa La Fleur \u00e0 Konstancin-Jeziorna, qui propose actuellement une r\u00e9trospective de Boleslas Biegas, un sculpteur et peintre bien illustr\u00e9 dans l\u2019exposition de Paris.<\/p>\n<p class=\"entry-related__title\"><strong>\u00c0 regarder aussi : <\/strong><\/p>\n<p>\t\tTout pour l\u2019\u00c9cole de Paris<\/p>\n<p class=\"field_LQ2154C\">Venus de l\u2019Europe enti\u00e8re, de nombreux artistes sont venus s\u2019installer \u00e0 Paris au d\u00e9but du XXe si\u00e8cle, s\u2019entassant dans les nombreux ateliers de <a href=\"https:\/\/www.connaissancedesarts.com\/arts-expositions\/art-moderne\/__trashed-11191296\/\" rel=\"nofollow noopener\" target=\"_blank\">Montmartre<\/a>, Montparnasse et La Ruche dans le XVe arrondissement. Cette \u00c9cole de Paris s\u2019est d\u00e9velopp\u00e9e dans de multiples directions artistiques, du cubisme \u00e0 l\u2019expressionnisme, mais les \u0153uvres gardent parfois les traces du pays d\u2019origine de leurs cr\u00e9ateurs. Le collectionneur Marek Roefler a choisi ce moment tr\u00e8s particulier de l\u2019histoire de l\u2019art, \u00e9cumant les salles de ventes \u00e0 la recherche d\u2019\u0153uvres de ces artistes en exil, en particulier ceux originaires de sa Pologne natale.<\/p>\n<p><img loading=\"lazy\" width=\"653\" height=\"478\" decoding=\"async\" aria-describedby=\"caption-attachment-206457\" src=\"data:image\/svg+xml,%3Csvg%20xmlns=\" http:=\"\" alt=\"Nu allong\u00e9, Kiki de Montparnasse (1925) de Mo\u00efse Kisling, pr\u00e9sent\u00e9 dans l\u2019exposition \u00ab L\u2019\u00c9cole de Paris. Collection Marek Roefler \u00bb, mus\u00e9e de Montmartre, Paris, 2025 \u00a9\u00a0Villa La Fleur \/ Ph. Marcin Koniak\" class=\"size-medium wp-image-206457\" data-lazy-src=\"https:\/\/www.europesays.com\/fr\/wp-content\/uploads\/2025\/10\/cda25_cr_roefler_montmartre_1-tt-width-653-height-478-fill-0-crop-0-bgcolor-eeeeee.jpg\"\/><\/p>\n<p id=\"caption-attachment-206457\" class=\"wp-caption-text\">Nu allong\u00e9, Kiki de Montparnasse (1925) de Mo\u00efse Kisling, pr\u00e9sent\u00e9 dans l\u2019exposition \u00ab L\u2019\u00c9cole de Paris. Collection Marek Roefler \u00bb, mus\u00e9e de Montmartre, Paris, 2025 \u00a9\u00a0Villa La Fleur \/ Ph. Marcin Koniak<\/p>\n<p>De Modigliani \u00e0 Foujita<\/p>\n<p class=\"field_LQ2154C\">Sur les deux niveaux d\u2019exposition du mus\u00e9e de Montmartre, on croise les grands noms de l\u2019\u00c9cole de Paris : dessins de Modigliani et <a href=\"https:\/\/www.connaissancedesarts.com\/marche-art\/ventes-encheres\/vente-aux-encheres-un-exceptionnel-tableau-de-foujita-reapparait-pour-la-premiere-fois-sur-le-marche-au-bout-de-100-ans-11176566\/\" rel=\"nofollow noopener\" target=\"_blank\">Foujita<\/a>, sculptures de Chana Orloff et Biegas, toiles de Soutine et Lempicka. Il est impressionnant de voir qu\u2019en un temps relativement rapide ce collectionneur polonais ait pu r\u00e9unir autant de pi\u00e8ces historiques. On dit m\u00eame que son fonds s\u2019\u00e9l\u00e8ve \u00e0 plusieurs milliers de pi\u00e8ces et que, malgr\u00e9 les pr\u00eats importants consentis pour l\u2019exposition de Montmartre, les murs de son mus\u00e9e sont encore copieusement garnis.<\/p>\n<p><img loading=\"lazy\" width=\"653\" height=\"490\" decoding=\"async\" aria-describedby=\"caption-attachment-206458\" src=\"data:image\/svg+xml,%3Csvg%20xmlns=\" http:=\"\" alt=\"\u00c0 droite : Portrait du peintre Ladislas Slewinski (vers 1910) de Jadwiga Rybaska, pr\u00e9sent\u00e9 dans l\u2019exposition \u00ab L\u2019\u00c9cole de Paris. Collection Marek Roefler \u00bb, mus\u00e9e de Montmartre, Paris, 2025 \u00a9 Connaissance des Arts \/ Guy Boyer\" class=\"size-medium wp-image-206458\" data-lazy-src=\"https:\/\/www.europesays.com\/fr\/wp-content\/uploads\/2025\/10\/cda25_cr_roefler_montmartre_2-tt-width-653-height-490-fill-0-crop-0-bgcolor-eeeeee.jpg\"\/><\/p>\n<p id=\"caption-attachment-206458\" class=\"wp-caption-text\">\u00c0 droite : Portrait du peintre Ladislas Slewinski (vers 1910) de Jadwiga Rybaska, pr\u00e9sent\u00e9 dans l\u2019exposition \u00ab L\u2019\u00c9cole de Paris. Collection Marek Roefler \u00bb, mus\u00e9e de Montmartre, Paris, 2025 \u00a9 Connaissance des Arts \/ Guy Boyer<\/p>\n<p>De grands noms, parfois oubli\u00e9s<\/p>\n<p class=\"field_LQ2154C\">Tout l\u2019int\u00e9r\u00eat de l\u2019exposition est de mettre en lumi\u00e8re des artistes oubli\u00e9s, qu\u2019ils soient \u00e9trangers ou fran\u00e7ais. B\u00e9n\u00e9ficiant de l\u2019appui de nombreux intellectuels comme Guillaume Apollinaire, Andr\u00e9 Salmon ou Gustave Coquiot, les artistes de l\u2019\u00c9cole de Paris ont pu exposer et \u00eatre achet\u00e9s par des collectionneurs et marchands comme L\u00e9opold Zborowski ou Paul Guillaume. Dans la collection Roefler, on retrouve aussi bien Jean Cocteau (Portrait d\u2019Apollinaire) que Suzanne Valadon, Jean Metzinger ou L\u00e9opold Survage, Henri Hayden ou Jules Pascin.<\/p>\n<p><img loading=\"lazy\" width=\"653\" height=\"444\" decoding=\"async\" aria-describedby=\"caption-attachment-206459\" src=\"data:image\/svg+xml,%3Csvg%20xmlns=\" http:=\"\" alt=\"D\u00e9tail du Paysage aux poires (1920) de L\u00e9opold Survage, pr\u00e9sent\u00e9 dans l\u2019exposition \u00ab L\u2019\u00c9cole de Paris. Collection Marek Roefler \u00bb, mus\u00e9e de Montmartre, Paris, 2025 \u00a9 Connaissance des Arts \/ Guy Boyer\" class=\"size-medium wp-image-206459\" data-lazy-src=\"https:\/\/www.europesays.com\/fr\/wp-content\/uploads\/2025\/10\/cda25_cr_roefler_montmartre_3-tt-width-653-height-444-fill-0-crop-0-bgcolor-eeeeee.jpg\"\/><\/p>\n<p id=\"caption-attachment-206459\" class=\"wp-caption-text\">D\u00e9tail du Paysage aux poires (1920) de L\u00e9opold Survage, pr\u00e9sent\u00e9 dans l\u2019exposition \u00ab L\u2019\u00c9cole de Paris. Collection Marek Roefler \u00bb, mus\u00e9e de Montmartre, Paris, 2025 \u00a9 Connaissance des Arts \/ Guy Boyer<\/p>\n<p>Une autre Tamara de Lempicka<\/p>\n<p class=\"field_LQ2154C\">L\u2019exposition du mus\u00e9e de Montmartre laisse la place \u00e0 plusieurs artistes femmes telles que Mela Muter et Alice Halicka. Pour Tamara de <a href=\"https:\/\/www.connaissancedesarts.com\/marche-art\/ventes-encheres\/tamara-de-lempicka-ce-seduisant-portrait-de-medecin-va-t-il-battre-un-nouveau-record-aux-encheres-pour-lartiste-11199117\/\" rel=\"nofollow noopener\" target=\"_blank\">Lempicka<\/a>, n\u00e9e \u00e0 Varsovie, plusieurs \u0153uvres de registres diff\u00e9rents sont expos\u00e9es. D\u2019une part, cette Danseuse russe qui fait la couverture du catalogue et qui rappelle l\u2019admiration de l\u2019artiste pour les traditions russes comme ce kokoshnik, la coiffe folklorique qu\u2019arbore la jeune femme. Plus loin, une M\u00e8re \u00e0 l\u2019enfant s\u2019impose solidement (\u00e0 droite) tandis qu\u2019un Coin d\u2019atelier accroche le regard par son petit pan de mur bleu et son coffre de m\u00eame couleur. Enfin, une \u00e9trange toile bleue conclut l\u2019exposition et montre que Lempicka s\u2019est \u00e9galement engag\u00e9e vers l\u2019abstraction.<\/p>\n<p><img loading=\"lazy\" width=\"653\" height=\"490\" decoding=\"async\" aria-describedby=\"caption-attachment-206460\" src=\"data:image\/svg+xml,%3Csvg%20xmlns=\" http:=\"\" alt=\"\u00c0 droite : M\u00e8re et enfant (vers 1922) de Tamara de Lempicka, pr\u00e9sent\u00e9 dans l\u2019exposition \u00ab L\u2019\u00c9cole de Paris. Collection Marek Roefler \u00bb, mus\u00e9e de Montmartre, Paris, 2025 \u00a9 Connaissance des Arts \/ Guy Boyer\" class=\"size-medium wp-image-206460\" data-lazy-src=\"https:\/\/www.europesays.com\/fr\/wp-content\/uploads\/2025\/10\/cda25_cr_roefler_montmartre_4-tt-width-653-height-490-fill-0-crop-0-bgcolor-eeeeee.jpg\"\/><\/p>\n<p id=\"caption-attachment-206460\" class=\"wp-caption-text\">\u00c0 droite : M\u00e8re et enfant (vers 1922) de Tamara de Lempicka, pr\u00e9sent\u00e9 dans l\u2019exposition \u00ab L\u2019\u00c9cole de Paris. Collection Marek Roefler \u00bb, mus\u00e9e de Montmartre, Paris, 2025 \u00a9 Connaissance des Arts \/ Guy Boyer<\/p>\n<p>Des \u00e9trangers inconnus<\/p>\n<p class=\"field_LQ2154C\">Bien que leurs noms sonnent fran\u00e7ais, nombre des cr\u00e9ateurs de l\u2019\u00c9cole de Paris sont des \u00e9trangers venus de Pologne ou de Russie (Louis Marcoussis, Serge F\u00e9rat, Henri Epstein ou Jean-Lambert Rucki). L\u2019exposition regorge d\u2019artistes dont le nom a \u00e9t\u00e9 oubli\u00e9. Abraham Weinbaum, par exemple, figure ici avec une tr\u00e8s belle nature morte aux fruits en hommage \u00e0 C\u00e9zanne. Nathan Grunsweigh c\u00e9l\u00e8bre la vie familiale juive avec une sc\u00e8ne de repas pendant le Shabbat. Roman Kramsztyk surprend par sa Sapho reprenant les canons de la Renaissance.<\/p>\n<p><img loading=\"lazy\" width=\"653\" height=\"485\" decoding=\"async\" aria-describedby=\"caption-attachment-206461\" src=\"data:image\/svg+xml,%3Csvg%20xmlns=\" http:=\"\" alt=\"Nuit II (Composition \u00e0 la grenouille) (1937) de Louis Marcoussis, pr\u00e9sent\u00e9 dans l\u2019exposition \u00ab L\u2019\u00c9cole de Paris. Collection Marek Roefler \u00bb, mus\u00e9e de Montmartre, Paris, 2025 \u00a9 Connaissance des Arts \/ Guy Boyer\" class=\"size-medium wp-image-206461\" data-lazy-src=\"https:\/\/www.europesays.com\/fr\/wp-content\/uploads\/2025\/10\/cda25_cr_roefler_montmartre_5-tt-width-653-height-485-fill-0-crop-0-bgcolor-eeeeee.jpg\"\/><\/p>\n<p id=\"caption-attachment-206461\" class=\"wp-caption-text\">Nuit II (Composition \u00e0 la grenouille) (1937) de Louis Marcoussis, pr\u00e9sent\u00e9 dans l\u2019exposition \u00ab L\u2019\u00c9cole de Paris. Collection Marek Roefler \u00bb, mus\u00e9e de Montmartre, Paris, 2025 \u00a9 Connaissance des Arts \/ Guy Boyer<\/p>\n<p>La sculpture \u00e0 l\u2019honneur<\/p>\n<p class=\"field_LQ2154C\">M\u00eame s\u2019il s\u2019agit souvent de tirages r\u00e9cents (on le regrette), la sculpture est bien repr\u00e9sent\u00e9e dans l\u2019exposition. Ainsi de ce Van Gogh marchant par <a href=\"https:\/\/www.connaissancedesarts.com\/arts-expositions\/zadkine-en-sa-foret-paris-11126479\/\" rel=\"nofollow noopener\" target=\"_blank\">Ossip Zadkine<\/a> pr\u00e8s d\u2019une sc\u00e8ne de moisson d\u2019Henri Hayden. Ainsi de l\u2019impressionnant groupe de bustes d\u2019artistes de l\u2019\u00c9cole de Paris tels que Cha\u00efm Soutine, Foujita et Jeanne H\u00e9buterne (la compagne de Modigliani) par L\u00e9on Indenbaum ou Louis Marcoussis par August Zamoyski. Sans oublier, dans un cabinet sur l\u2019inspiration classique, l\u2019\u00e9trange Madone de Xawery Dunikowski pr\u00e8s des portraits dessin\u00e9s d\u2019Eug\u00e8ne Zak.<\/p>\n<p><img loading=\"lazy\" width=\"653\" height=\"871\" decoding=\"async\" aria-describedby=\"caption-attachment-206462\" src=\"data:image\/svg+xml,%3Csvg%20xmlns=\" http:=\"\" alt=\"Van Gogh marchant \u00e0 travers champs (1956) d\u2019Ossip Zadkine et Le Pouldu, les Moissonneurs (1910) d\u2019Henri Hayden, pr\u00e9sent\u00e9s dans l\u2019exposition \u00ab L\u2019\u00c9cole de Paris. Collection Marek Roefler \u00bb, mus\u00e9e de Montmartre, Paris, 2025 \u00a9 Connaissance des Arts \/ Guy Boyer\" class=\"size-medium wp-image-206462\" data-lazy-src=\"https:\/\/www.europesays.com\/fr\/wp-content\/uploads\/2025\/10\/cda25_cr_roefler_montmartre_6-rotated-tt-width-653-height-871-fill-0-crop-0-bgcolor-eeeeee.jpg\"\/><\/p>\n<p id=\"caption-attachment-206462\" class=\"wp-caption-text\">Van Gogh marchant \u00e0 travers champs (1956) d\u2019Ossip Zadkine et Le Pouldu, les Moissonneurs (1910) d\u2019Henri Hayden, pr\u00e9sent\u00e9s dans l\u2019exposition \u00ab L\u2019\u00c9cole de Paris. Collection Marek Roefler \u00bb, mus\u00e9e de Montmartre, Paris, 2025 \u00a9 Connaissance des Arts \/ Guy Boyer<\/p>\n<p>\u00ab L\u2019\u00c9cole de Paris, Collection Marek Roefler \u00bb<br \/>Mus\u00e9e de Montmartre, 12 Rue Cortot, 75018 Paris<br \/>Du 17 octobre 2025 au 15 f\u00e9vrier 2026<\/p>\n<p>Collector Ecole de Paris Marek ROEFLER 2016 (English Subtitles)<\/p>\n","protected":false},"excerpt":{"rendered":"Le mus\u00e9e de Montmartre pr\u00e9sente une exceptionnelle collection qui r\u00e9v\u00e8le toute la richesse et la diversit\u00e9 de l&rsquo;\u00c9cole&hellip;\n","protected":false},"author":2,"featured_media":470988,"comment_status":"","ping_status":"","sticky":false,"template":"","format":"standard","meta":{"footnotes":""},"categories":[1358],"tags":[1348,1384,1385,1386,58,59,1011,27],"class_list":{"0":"post-470987","1":"post","2":"type-post","3":"status-publish","4":"format-standard","5":"has-post-thumbnail","7":"category-arts-et-design","8":"tag-arts","9":"tag-arts-and-design","10":"tag-arts-et-design","11":"tag-design","12":"tag-divertissement","13":"tag-entertainment","14":"tag-fr","15":"tag-france"},"share_on_mastodon":{"url":"https:\/\/pubeurope.com\/@fr\/115391850364236766","error":""},"_links":{"self":[{"href":"https:\/\/www.europesays.com\/fr\/wp-json\/wp\/v2\/posts\/470987","targetHints":{"allow":["GET"]}}],"collection":[{"href":"https:\/\/www.europesays.com\/fr\/wp-json\/wp\/v2\/posts"}],"about":[{"href":"https:\/\/www.europesays.com\/fr\/wp-json\/wp\/v2\/types\/post"}],"author":[{"embeddable":true,"href":"https:\/\/www.europesays.com\/fr\/wp-json\/wp\/v2\/users\/2"}],"replies":[{"embeddable":true,"href":"https:\/\/www.europesays.com\/fr\/wp-json\/wp\/v2\/comments?post=470987"}],"version-history":[{"count":0,"href":"https:\/\/www.europesays.com\/fr\/wp-json\/wp\/v2\/posts\/470987\/revisions"}],"wp:featuredmedia":[{"embeddable":true,"href":"https:\/\/www.europesays.com\/fr\/wp-json\/wp\/v2\/media\/470988"}],"wp:attachment":[{"href":"https:\/\/www.europesays.com\/fr\/wp-json\/wp\/v2\/media?parent=470987"}],"wp:term":[{"taxonomy":"category","embeddable":true,"href":"https:\/\/www.europesays.com\/fr\/wp-json\/wp\/v2\/categories?post=470987"},{"taxonomy":"post_tag","embeddable":true,"href":"https:\/\/www.europesays.com\/fr\/wp-json\/wp\/v2\/tags?post=470987"}],"curies":[{"name":"wp","href":"https:\/\/api.w.org\/{rel}","templated":true}]}}