{"id":470989,"date":"2025-10-17T22:24:16","date_gmt":"2025-10-17T22:24:16","guid":{"rendered":"https:\/\/www.europesays.com\/fr\/470989\/"},"modified":"2025-10-17T22:24:16","modified_gmt":"2025-10-17T22:24:16","slug":"gilles-marchand-en-dedicace-chez-victor-madeleine","status":"publish","type":"post","link":"https:\/\/www.europesays.com\/fr\/470989\/","title":{"rendered":"Gilles Marchand en d\u00e9dicace chez Victor &#038; Madeleine"},"content":{"rendered":"<p>Les Rencontres litt\u00e9raires reprennent \u00e0 la librairie Victor &amp; Madeleine avec pour cet automne et hiver des auteurs de renom. C\u2019est ainsi que le <b>vendredi 24 octobre<\/b> \u00e0 19 h, la librairie accueillera Gilles Marchand pour la pr\u00e9sentation de son dernier roman Les promesses orphelines (Aux forges de Vulcain).<\/p>\n<p>On disait qu\u2019on allait marcher sur la Lune, on disait qu\u2019en l\u2019an 2000 on se d\u00e9placerait en voitures volantes. On parlait d\u2019un a\u00e9rotrain capable de battre tous les records de vitesse. Mais comment participer \u00e0 tout \u00e7a quand on vit, comme Gino, au fin fond d\u2019un village de l\u2019Orl\u00e9anais, quand le bulletin scolaire est en berne, quand on se demande comment s\u00e9duire Roxane, la fille entrevue au bal du village des ann\u00e9es plus t\u00f4t ?<\/p>\n<p>Gilles Marchand, fid\u00e8le \u00e0 ses personnages toujours d\u00e9cal\u00e9s, offre une travers\u00e9e po\u00e9tique des Trente glorieuses par un jeune id\u00e9aliste, la t\u00eate pleine de r\u00eaves plus grands que lui, t\u00e9moin d\u2019un monde en acc\u00e9l\u00e9ration o\u00f9 le bonheur pour tous semblait \u00e0 port\u00e9e de main. Gilles Marchand est n\u00e9 en 1976 \u00e0 Bordeaux. Il a \u00e9t\u00e9 laur\u00e9at de plus d\u2019une vingtaine de prix dont le prix des libraires 2023 pour son roman Le soldat d\u00e9saccord\u00e9. Les promesses orphelines est son sixi\u00e8me roman.<\/p>\n<p>Places limit\u00e9es, r\u00e9servation conseill\u00e9e.<\/p>\n","protected":false},"excerpt":{"rendered":"Les Rencontres litt\u00e9raires reprennent \u00e0 la librairie Victor &amp; Madeleine avec pour cet automne et hiver des auteurs&hellip;\n","protected":false},"author":2,"featured_media":470990,"comment_status":"","ping_status":"","sticky":false,"template":"","format":"standard","meta":{"footnotes":""},"categories":[1357],"tags":[1379,58,59,1011,27,1380],"class_list":{"0":"post-470989","1":"post","2":"type-post","3":"status-publish","4":"format-standard","5":"has-post-thumbnail","7":"category-livres","8":"tag-books","9":"tag-divertissement","10":"tag-entertainment","11":"tag-fr","12":"tag-france","13":"tag-livres"},"share_on_mastodon":{"url":"https:\/\/pubeurope.com\/@fr\/115391854317193138","error":""},"_links":{"self":[{"href":"https:\/\/www.europesays.com\/fr\/wp-json\/wp\/v2\/posts\/470989","targetHints":{"allow":["GET"]}}],"collection":[{"href":"https:\/\/www.europesays.com\/fr\/wp-json\/wp\/v2\/posts"}],"about":[{"href":"https:\/\/www.europesays.com\/fr\/wp-json\/wp\/v2\/types\/post"}],"author":[{"embeddable":true,"href":"https:\/\/www.europesays.com\/fr\/wp-json\/wp\/v2\/users\/2"}],"replies":[{"embeddable":true,"href":"https:\/\/www.europesays.com\/fr\/wp-json\/wp\/v2\/comments?post=470989"}],"version-history":[{"count":0,"href":"https:\/\/www.europesays.com\/fr\/wp-json\/wp\/v2\/posts\/470989\/revisions"}],"wp:featuredmedia":[{"embeddable":true,"href":"https:\/\/www.europesays.com\/fr\/wp-json\/wp\/v2\/media\/470990"}],"wp:attachment":[{"href":"https:\/\/www.europesays.com\/fr\/wp-json\/wp\/v2\/media?parent=470989"}],"wp:term":[{"taxonomy":"category","embeddable":true,"href":"https:\/\/www.europesays.com\/fr\/wp-json\/wp\/v2\/categories?post=470989"},{"taxonomy":"post_tag","embeddable":true,"href":"https:\/\/www.europesays.com\/fr\/wp-json\/wp\/v2\/tags?post=470989"}],"curies":[{"name":"wp","href":"https:\/\/api.w.org\/{rel}","templated":true}]}}