{"id":470999,"date":"2025-10-17T22:29:12","date_gmt":"2025-10-17T22:29:12","guid":{"rendered":"https:\/\/www.europesays.com\/fr\/470999\/"},"modified":"2025-10-17T22:29:12","modified_gmt":"2025-10-17T22:29:12","slug":"pierre-latour-met-un-terme-a-sa-carriere-actualite","status":"publish","type":"post","link":"https:\/\/www.europesays.com\/fr\/470999\/","title":{"rendered":"Pierre Latour met un terme \u00e0 sa carri\u00e8re &#8211; Actualit\u00e9"},"content":{"rendered":"<p style=\"text-align: justify;\">Pierre Latour n&rsquo;\u00e9voluera plus dans les pelotons professionnels en 2026. Le coureur de TotalEnergies et ses proches l&rsquo;ont confirm\u00e9 aupr\u00e8s d&rsquo;<strong><a href=\"https:\/\/www.francebleu.fr\/sports\/cyclisme\/cyclisme-le-coureur-romanais-pierre-latour-prend-sa-retraite-a-32-ans-6481427\" target=\"_blank\" rel=\"noopener\">Ici Dr\u00f4me-Ard\u00e8che<\/a><\/strong>. Alors qu&rsquo;il devait participer au Chrono des Nations, son forfait a donc parachev\u00e9 sa retraite sportive, \u00e0 32 ans.<\/p>\n<p><strong><a href=\"https:\/\/www.directvelo.com\/coureur\/5539\/pierre-latour\" target=\"_blank\" rel=\"noopener\">Pierre Latour<\/a><\/strong>\u00a0s&rsquo;est impos\u00e9 une derni\u00e8re fois chez les pros, cette ann\u00e9e, en remportant la premi\u00e8re \u00e9tape des Boucles de la Mayenne, avant de terminer 2e du g\u00e9n\u00e9ral. Il a \u00e9galement termin\u00e9 4e de l&rsquo;Etoile de Bess\u00e8ges, 5e du Tour Poitou-Charentes et 7e du Championnat de France de contre-la-montre, un exercice qui lui a souvent r\u00e9ussi.<\/p>\n<p>Face \u00e0 la montre, il a d&rsquo;ailleurs d\u00e9croch\u00e9 deux titres de Champion de France, en 2017 et 2018, en plus d&rsquo;un succ\u00e8s au chrono du Tour du Rwanda 2024. En outre, il s&rsquo;est impos\u00e9 sur une \u00e9tape du Tour de l&rsquo;Ain 2015, sur une \u00e9tape de la Vuelta 2016, et sur une \u00e9tape du Tour des Asturies 2021, pour un total de sept victoires.<\/p>\n<p>Pass\u00e9 par Chamb\u00e9ry Cyclisme Formation dans ses jeunes ann\u00e9es, avant de faire le bond avec AG2R La Mondiale, Pierre Latour \u00e9tait rest\u00e9 six ann\u00e9es avec la formation de Vincent Lavenu, avant de changer d&rsquo;air et de passer chez TotalEnergies en 2021, o\u00f9 il aura donc termin\u00e9 sa carri\u00e8re.<\/p>\n<p>R\u00e9put\u00e9 en difficult\u00e9 dans les descentes, \u00e0 cause de chutes qu&rsquo;il a tent\u00e9 d&rsquo;oublier avec des sp\u00e9cialistes, Pierre Latour \u00e9tait surtout \u00e0 l&rsquo;aise lorsque la route s&rsquo;\u00e9levait, comme en t\u00e9moigne ses bons classements g\u00e9n\u00e9raux sur les courses par \u00e9tapes, mais aussi des places d&rsquo;honneur sur les courses les plus prestigieuses, comme au Puy de D\u00f4me sur le Tour de France 2023, ou \u00e0 M\u00fbr-de-Bretagne en 2018, o\u00f9 il a d\u00fb se contenter d&rsquo;une 2e place d&rsquo;\u00e9tape \u00e0 chaque fois.<\/p>\n","protected":false},"excerpt":{"rendered":"Pierre Latour n&rsquo;\u00e9voluera plus dans les pelotons professionnels en 2026. Le coureur de TotalEnergies et ses proches l&rsquo;ont&hellip;\n","protected":false},"author":2,"featured_media":471000,"comment_status":"","ping_status":"","sticky":false,"template":"","format":"standard","meta":{"footnotes":""},"categories":[9],"tags":[834,828,836,829,837,827,83,826,824,823,207,814,817,815,816,822,821,832,211,839,1011,27,820,818,819,835,831,830,833,838,60,212,208,825],"class_list":{"0":"post-470999","1":"post","2":"type-post","3":"status-publish","4":"format-standard","5":"has-post-thumbnail","7":"category-sports","8":"tag-attaque","9":"tag-belgique","10":"tag-braquet","11":"tag-bretagne","12":"tag-chute","13":"tag-competition","14":"tag-coupe-de-france","15":"tag-coureur","16":"tag-course-cyclisme","17":"tag-course-cycliste","18":"tag-cyclisme","19":"tag-direct","20":"tag-direct-velo","21":"tag-directvelo","22":"tag-directvelo-com","23":"tag-epreuve","24":"tag-epreuve-cycliste","25":"tag-federation-francaise-de-cyclisme","26":"tag-ffc","27":"tag-flandres","28":"tag-fr","29":"tag-france","30":"tag-live","31":"tag-live-course","32":"tag-live-epreuve","33":"tag-peloton","34":"tag-radio-peloton","35":"tag-radio-tour","36":"tag-ravitaillement","37":"tag-relance","38":"tag-sports","39":"tag-uci","40":"tag-velo","41":"tag-velos"},"share_on_mastodon":{"url":"https:\/\/pubeurope.com\/@fr\/115391874037035509","error":""},"_links":{"self":[{"href":"https:\/\/www.europesays.com\/fr\/wp-json\/wp\/v2\/posts\/470999","targetHints":{"allow":["GET"]}}],"collection":[{"href":"https:\/\/www.europesays.com\/fr\/wp-json\/wp\/v2\/posts"}],"about":[{"href":"https:\/\/www.europesays.com\/fr\/wp-json\/wp\/v2\/types\/post"}],"author":[{"embeddable":true,"href":"https:\/\/www.europesays.com\/fr\/wp-json\/wp\/v2\/users\/2"}],"replies":[{"embeddable":true,"href":"https:\/\/www.europesays.com\/fr\/wp-json\/wp\/v2\/comments?post=470999"}],"version-history":[{"count":0,"href":"https:\/\/www.europesays.com\/fr\/wp-json\/wp\/v2\/posts\/470999\/revisions"}],"wp:featuredmedia":[{"embeddable":true,"href":"https:\/\/www.europesays.com\/fr\/wp-json\/wp\/v2\/media\/471000"}],"wp:attachment":[{"href":"https:\/\/www.europesays.com\/fr\/wp-json\/wp\/v2\/media?parent=470999"}],"wp:term":[{"taxonomy":"category","embeddable":true,"href":"https:\/\/www.europesays.com\/fr\/wp-json\/wp\/v2\/categories?post=470999"},{"taxonomy":"post_tag","embeddable":true,"href":"https:\/\/www.europesays.com\/fr\/wp-json\/wp\/v2\/tags?post=470999"}],"curies":[{"name":"wp","href":"https:\/\/api.w.org\/{rel}","templated":true}]}}